{"id":37253,"date":"2025-08-28T09:35:27","date_gmt":"2025-08-28T12:35:27","guid":{"rendered":"https:\/\/lrm67.com\/?p=37253"},"modified":"2025-08-28T09:35:27","modified_gmt":"2025-08-28T12:35:27","slug":"adolescente-e-detido-com-mais-de-70-porcoes-de-drogas-em-caraguatatuba","status":"publish","type":"post","link":"https:\/\/lrm67.com\/index.php\/2025\/08\/28\/adolescente-e-detido-com-mais-de-70-porcoes-de-drogas-em-caraguatatuba\/","title":{"rendered":"Adolescente \u00e9 detido com mais de 70 por\u00e7\u00f5es de drogas em Caraguatatuba"},"content":{"rendered":"<p><strong>Henrique Martins<\/strong><\/p>\n<p>&nbsp;<\/p>\n<p>Um adolescente foi apreendido na tarde desta segunda-feira (25) nas imedia\u00e7\u00f5es da Unidade B\u00e1sica de Sa\u00fade (UBS) do bairro Perequ\u00ea, em Caraguatatuba, ap\u00f3s ser flagrado com por\u00e7\u00f5es de drogas prontas para a venda. A ocorr\u00eancia foi registrada durante um patrulhamento preventivo realizado por agentes da Guarda Civil Municipal (GCM), que atuavam na regi\u00e3o.<\/p>\n<p>De acordo com a corpora\u00e7\u00e3o, a equipe foi acionada pelo Centro de Opera\u00e7\u00f5es Integradas (COI), via n\u00famero 153, que alertou sobre a presen\u00e7a de um indiv\u00edduo em atitude suspeita. Ao chegar ao local indicado, os guardas avistaram um adolescente que, ao perceber a aproxima\u00e7\u00e3o da viatura, demonstrou nervosismo e tentou mudar de dire\u00e7\u00e3o, o que motivou a abordagem.<\/p>\n<p>Durante a revista pessoal, foram encontrados com o jovem 29 pedras de crack, 29 pinos de coca\u00edna e 14 por\u00e7\u00f5es de maconha. Questionado pelos agentes, o adolescente admitiu que as drogas eram de sua propriedade e afirmou que estava a caminho para realizar a venda dos entorpecentes.<\/p>\n<p>Diante dos fatos, o menor foi apreendido e conduzido \u00e0 Delegacia de Pol\u00edcia, junto com o material il\u00edcito, para a ado\u00e7\u00e3o das medidas legais cab\u00edveis.<\/p>\n","protected":false},"excerpt":{"rendered":"<p>Henrique Martins &nbsp; Um adolescente foi apreendido na tarde desta segunda-feira (25) nas imedia\u00e7\u00f5es da Unidade B\u00e1sica de Sa\u00fade (UBS) do bairro Perequ\u00ea, em Caraguatatuba, ap\u00f3s ser flagrado com por\u00e7\u00f5es de drogas prontas para a venda. A ocorr\u00eancia foi registrada durante um patrulhamento preventivo realizado por agentes da Guarda Civil Municipal (GCM), que atuavam na [&hellip;]<\/p>\n","protected":false},"author":26,"featured_media":37254,"comment_status":"open","ping_status":"open","sticky":false,"template":"","format":"standard","meta":{"footnotes":""},"categories":[8,15],"tags":[17,228,194],"class_list":["post-37253","post","type-post","status-publish","format-standard","has-post-thumbnail","hentry","category-caraguatatuba","category-policia","tag-caraguatatuba","tag-guarda-civil-municipal","tag-policia"],"aioseo_notices":[],"_links":{"self":[{"href":"https:\/\/lrm67.com\/index.php\/wp-json\/wp\/v2\/posts\/37253","targetHints":{"allow":["GET"]}}],"collection":[{"href":"https:\/\/lrm67.com\/index.php\/wp-json\/wp\/v2\/posts"}],"about":[{"href":"https:\/\/lrm67.com\/index.php\/wp-json\/wp\/v2\/types\/post"}],"author":[{"embeddable":true,"href":"https:\/\/lrm67.com\/index.php\/wp-json\/wp\/v2\/users\/26"}],"replies":[{"embeddable":true,"href":"https:\/\/lrm67.com\/index.php\/wp-json\/wp\/v2\/comments?post=37253"}],"version-history":[{"count":1,"href":"https:\/\/lrm67.com\/index.php\/wp-json\/wp\/v2\/posts\/37253\/revisions"}],"predecessor-version":[{"id":37257,"href":"https:\/\/lrm67.com\/index.php\/wp-json\/wp\/v2\/posts\/37253\/revisions\/37257"}],"wp:featuredmedia":[{"embeddable":true,"href":"https:\/\/lrm67.com\/index.php\/wp-json\/wp\/v2\/media\/37254"}],"wp:attachment":[{"href":"https:\/\/lrm67.com\/index.php\/wp-json\/wp\/v2\/media?parent=37253"}],"wp:term":[{"taxonomy":"category","embeddable":true,"href":"https:\/\/lrm67.com\/index.php\/wp-json\/wp\/v2\/categories?post=37253"},{"taxonomy":"post_tag","embeddable":true,"href":"https:\/\/lrm67.com\/index.php\/wp-json\/wp\/v2\/tags?post=37253"}],"curies":[{"name":"wp","href":"https:\/\/api.w.org\/{rel}","templated":true}]}}