{"id":37092,"date":"2025-08-25T14:51:47","date_gmt":"2025-08-25T17:51:47","guid":{"rendered":"https:\/\/lrm67.com\/?p=37092"},"modified":"2025-08-25T17:57:01","modified_gmt":"2025-08-25T20:57:01","slug":"festival-do-camarao-de-ilhabela-atrai-74-mil-moradores-e-turistas-e-fomenta-o-turismo-de-inverno","status":"publish","type":"post","link":"https:\/\/lrm67.com\/index.php\/2025\/08\/25\/festival-do-camarao-de-ilhabela-atrai-74-mil-moradores-e-turistas-e-fomenta-o-turismo-de-inverno\/","title":{"rendered":"Festival do Camar\u00e3o de Ilhabela atrai 7,4 mil moradores  e turistas e fomenta o turismo de inverno"},"content":{"rendered":"<p style=\"font-weight: 400;\">Ao menos 7,4 mil pessoas passaram no \u00faltimo fim de semana pelo Boteco do Camar\u00e3o, megaestrutura montada no centro hist\u00f3rico de Ilhabela, no litoral norte de S\u00e3o Paulo, que faz parte do 30\u00ba Festival do Camar\u00e3o, que se encerrar\u00e1 no dia 8 de setembro. O Boteco, no entanto, termina no dia 31 de agosto. Outras centenas de pessoas passaram pelos 69 restaurantes participantes do evento.<\/p>\n<p style=\"font-weight: 400;\">\n<p style=\"font-weight: 400;\">Um dos atrativos preferidos pelo p\u00fablico que passa pelo Boteco s\u00e3o as aulas-show, com chefs renomados e convidados especiais, que preparam, ao vivo, diversas receitas saborosas tendo como base o camar\u00e3o. Durante o preparo, eles v\u00e3o interagindo com o p\u00fablico, que acompanha os dotes culin\u00e1rios na cozinha montada na estrutura ou por meio dos tel\u00f5es.<\/p>\n<p style=\"font-weight: 400;\">O apresentador e vice-presidente da RedeTV, Marcelo de Carvalho, se apresentou no \u00faltimo s\u00e1bado (23). Com todo seu carisma e descontra\u00e7\u00e3o, o empres\u00e1rio preparou uma receita de Camar\u00e3o a Proven\u00e7al La Paillote, prato que ele conhece desde crian\u00e7a, quando degustava a iguaria com seu pai no extinto restaurante paulistano La Paillote.<\/p>\n<p style=\"font-weight: 400;\">Carvalho mostrou ao p\u00fablico, passo a passo, todo o preparo, desde a escolha dos ingredientes, o modo de preparo e a disposi\u00e7\u00e3o do prato. Ao final, ele compartilhou a iguaria com alguns privilegiados expectadores. Marcelo de Carvalho foi auxiliado pelo chef italiano Giuseppe Liveli, do restaurante Il Giramondo; e pelo sushiman chef Gustavo Monteiro, do Vila Sushi, representando o instituto Ietech.<\/p>\n<p><img fetchpriority=\"high\" decoding=\"async\" class=\"alignnone size-full wp-image-37093\" src=\"https:\/\/lrm67.com\/wp-content\/uploads\/2025\/08\/festival-2.jpg\" alt=\"\" width=\"1300\" height=\"731\" srcset=\"https:\/\/lrm67.com\/wp-content\/uploads\/2025\/08\/festival-2.jpg 1300w, https:\/\/lrm67.com\/wp-content\/uploads\/2025\/08\/festival-2-300x169.jpg 300w, https:\/\/lrm67.com\/wp-content\/uploads\/2025\/08\/festival-2-1024x576.jpg 1024w, https:\/\/lrm67.com\/wp-content\/uploads\/2025\/08\/festival-2-768x432.jpg 768w\" sizes=\"(max-width: 1300px) 100vw, 1300px\" \/><\/p>\n<h2 style=\"font-weight: 400;\"><strong>\u201cEstilo Hamptons\u201d<\/strong><\/h2>\n<p style=\"font-weight: 400;\">Durante sua participa\u00e7\u00e3o, Marcelo destacou a atmosfera \u00fanica do festival e fez uma refer\u00eancia especial ao estilo Hamptons, reconhecido pela sofistica\u00e7\u00e3o descomplicada, paleta em tons pastel e ambientes clean &amp; chic.<\/p>\n<p style=\"font-weight: 400;\">\u201cIlhabela j\u00e1 tem esse esp\u00edrito Hamptons, que mistura o charme da praia com a sofistica\u00e7\u00e3o leve. \u00c9 um estilo que combina perfeitamente com o Festival do Camar\u00e3o: acolhedor, sofisticado e aberto ao mundo\u201d, afirmou Hel\u00f4 Lacerda Franco, presidente da Associa\u00e7\u00e3o Comercial de Ilhabela e tamb\u00e9m respons\u00e1vel pelo conceito visual do evento.<\/p>\n<p style=\"font-weight: 400;\">A men\u00e7\u00e3o ao estilo Hamptons trouxe inspira\u00e7\u00e3o \u00e0 plateia e refor\u00e7ou o posicionamento do Festival como um dos mais elegantes e aut\u00eanticos do litoral brasileiro. A conex\u00e3o entre alta gastronomia, lifestyle e hospitalidade ilhabelense ganha, assim, um novo cap\u00edtulo de valoriza\u00e7\u00e3o cultural e est\u00e9tica.<\/p>\n<p style=\"font-weight: 400;\">No domingo foi a vez de Giuseppe Liveli preparar o prato do Il Giramondo que est\u00e1 participando do festival, o Cous Cous Uarin\u00ed, uma verdadeira viagem pelos sabores da Amaz\u00f4nia e do litoral, pois ele \u00e9 preparado com ingrediente amaz\u00f4nicos, como o molho de tucupi com legumes saut\u00e9s e banana-da-terra. Al\u00e9m de camar\u00f5es flambados na cacha\u00e7a de jambu, tomate cereja, cebolinha, salsinha e um toque de maracuj\u00e1 e raspas de lim\u00e3o.<\/p>\n<h2 style=\"font-weight: 400;\"><strong>O festival<\/strong><\/h2>\n<p style=\"font-weight: 400;\">O pr\u00f3ximo fim de semana reserva mais surpresas saborosas em Ilhabela, durante o 30\u00ba Festival do Camar\u00e3o. No total, 69 estabelecimentos participam do evento. sendo 38 deles no Boteco do Camar\u00e3o.<\/p>\n<p style=\"font-weight: 400;\">O Boteco do Camar\u00e3o possibilita ao p\u00fablico a degusta\u00e7\u00e3o de petiscos \u00e0 base de camar\u00e3o, com valores acess\u00edveis. Diversos estandes espalhados pela Pra\u00e7a da Bandeira concentram alguns dos restaurantes participantes do festival. Mas h\u00e1 a op\u00e7\u00e3o de experi\u00eancias nos pr\u00f3prios restaurantes.<\/p>\n<p style=\"font-weight: 400;\">Com isso, o p\u00fablico pode provar e se encantar com as melhores op\u00e7\u00f5es da culin\u00e1ria local e internacional trazendo o camar\u00e3o como a grande estrela do festival, que \u00e9 um convite para explorar a riqueza da gastronomia de Ilhabela e se conectar com os ingredientes selecionados, escolhidos a dedo pelos chefs.<\/p>\n<p style=\"font-weight: 400;\">Entre os pratos, os camar\u00f5es ser\u00e3o apresentados em forma de moqueca, risotos, como aperitivos, salteados, no abacaxi, em lanches, empanados, com massas, em pizzas, como recheio de salgadinhos e past\u00e9is, al\u00e9m de uma diversidade de acompanhamentos.<\/p>\n<h2 style=\"font-weight: 400;\"><strong>Conhe\u00e7a os participantes<\/strong><\/h2>\n<p style=\"font-weight: 400;\">Abayomi, \u00c1gua Ilha da Princesa, All Mirante, Atemoya, Auga Ilhabela, Bebidaria Express, Bistr\u00f4 Malagueta, Bubby, Caf\u00e9 Et\u00e9, Cervejaria Cai\u00e7ara, Cida Doces e Salgados, Cozinha do Chef por Ela, Dento Teki, Dita Birita, Dom Braz, Dona Bica, DPNY, El Pirata, Eme Haus, Espa\u00e7o Pi\u00fava,\u00a0 Espa\u00e7o Tangar\u00e1, Famiglia Manzoli, Fiore di Lazio, Fish &amp; Chopps, Flamboyant, Gato Negro, Il Giramondo, Il\u00ea Bistro by Casa di Sirena, Ilha Deck, Ilha do Camar\u00e3o, Ilha Sul, Ilhabela Republic, Ilhabela Sushi, Israel Quero Pizza, Izakaya Shima, M &amp; M Vinhos, Manapani, Mozzarello, Murphy, Nova Iorque, Papagaio, Pastel do Z\u00e9, Pastelaria Jo\u00e3o e Marias, Pimenta de Cheiro, Pirauna, Pind\u00e1 Iate Clube, Pitanga, Pizza Crek, Pizzaria Elite, Point do Acaraj\u00e9, Ponto das Letras, Porto do Engenho, Rei da Praia, Rolfsen, Sandara,\u00a0 Siri Loko, Troia, Viana, Yacht Club e Z\u00e9 Polvinho.<\/p>\n<p style=\"font-weight: 400;\">O 30\u00ba Festival do Camar\u00e3o \u00e9 uma realiza\u00e7\u00e3o conjunta entre a Acei (Associa\u00e7\u00e3o Comercial e Empresarial de Ilhabela) e Prefeitura de Ilhabela, por meio da Secretaria de Desenvolvimento Econ\u00f4mico e Turismo.<\/p>\n","protected":false},"excerpt":{"rendered":"<p>Ao menos 7,4 mil pessoas passaram no \u00faltimo fim de semana pelo Boteco do Camar\u00e3o, megaestrutura montada no centro hist\u00f3rico de Ilhabela, no litoral norte de S\u00e3o Paulo, que faz parte do 30\u00ba Festival do Camar\u00e3o, que se encerrar\u00e1 no dia 8 de setembro. O Boteco, no entanto, termina no dia 31 de agosto. Outras [&hellip;]<\/p>\n","protected":false},"author":26,"featured_media":37094,"comment_status":"open","ping_status":"open","sticky":false,"template":"","format":"standard","meta":{"footnotes":""},"categories":[12,3],"tags":[],"class_list":["post-37092","post","type-post","status-publish","format-standard","has-post-thumbnail","hentry","category-eventos","category-ilhabela"],"aioseo_notices":[],"_links":{"self":[{"href":"https:\/\/lrm67.com\/index.php\/wp-json\/wp\/v2\/posts\/37092","targetHints":{"allow":["GET"]}}],"collection":[{"href":"https:\/\/lrm67.com\/index.php\/wp-json\/wp\/v2\/posts"}],"about":[{"href":"https:\/\/lrm67.com\/index.php\/wp-json\/wp\/v2\/types\/post"}],"author":[{"embeddable":true,"href":"https:\/\/lrm67.com\/index.php\/wp-json\/wp\/v2\/users\/26"}],"replies":[{"embeddable":true,"href":"https:\/\/lrm67.com\/index.php\/wp-json\/wp\/v2\/comments?post=37092"}],"version-history":[{"count":1,"href":"https:\/\/lrm67.com\/index.php\/wp-json\/wp\/v2\/posts\/37092\/revisions"}],"predecessor-version":[{"id":37095,"href":"https:\/\/lrm67.com\/index.php\/wp-json\/wp\/v2\/posts\/37092\/revisions\/37095"}],"wp:featuredmedia":[{"embeddable":true,"href":"https:\/\/lrm67.com\/index.php\/wp-json\/wp\/v2\/media\/37094"}],"wp:attachment":[{"href":"https:\/\/lrm67.com\/index.php\/wp-json\/wp\/v2\/media?parent=37092"}],"wp:term":[{"taxonomy":"category","embeddable":true,"href":"https:\/\/lrm67.com\/index.php\/wp-json\/wp\/v2\/categories?post=37092"},{"taxonomy":"post_tag","embeddable":true,"href":"https:\/\/lrm67.com\/index.php\/wp-json\/wp\/v2\/tags?post=37092"}],"curies":[{"name":"wp","href":"https:\/\/api.w.org\/{rel}","templated":true}]}}