{"id":37088,"date":"2025-08-25T17:51:38","date_gmt":"2025-08-25T20:51:38","guid":{"rendered":"https:\/\/lrm67.com\/?p=37088"},"modified":"2025-08-25T17:51:38","modified_gmt":"2025-08-25T20:51:38","slug":"ilhabela-comemora-220-anos-com-programacao-musical-diversificada","status":"publish","type":"post","link":"https:\/\/lrm67.com\/index.php\/2025\/08\/25\/ilhabela-comemora-220-anos-com-programacao-musical-diversificada\/","title":{"rendered":"Ilhabela comemora 220 anos com programa\u00e7\u00e3o musical diversificada"},"content":{"rendered":"<p>A Prefeitura de Ilhabela preparou uma agenda especial de shows para comemorar os 220 anos de emancipa\u00e7\u00e3o pol\u00edtico-administrativa da cidade. A programa\u00e7\u00e3o, que vai do final de agosto a setembro, re\u00fane diferentes g\u00eaneros musicais, grandes artistas nacionais e a valoriza\u00e7\u00e3o dos talentos locais, em uma festa que promete emocionar moradores e visitantes.<\/p>\n<p>No Complexo de Esporte e Lazer do Galera, entre os dias 29 de agosto e 3 de setembro, o p\u00fablico poder\u00e1 acompanhar apresenta\u00e7\u00f5es de gospel, sertanejo, pagode e hip hop. Os destaques ficam por conta das cantoras gospel Maria Mar\u00e7al e Sarah Farias, que sobem ao palco nos dias 29 e 30; da dupla sertaneja Bruno &amp; Barreto, no dia 31; do grupo de sertanejo raiz ao universit\u00e1rio Traia V\u00e9ia, no dia 2 de setembro; e da banda de pagode Inimigos da HP, que encerra a programa\u00e7\u00e3o no dia 3.<\/p>\n<p>Al\u00e9m dos nomes de sucesso nacional, a Prefeitura refor\u00e7a a valoriza\u00e7\u00e3o da cultura local, abrindo espa\u00e7o para diversos m\u00fasicos da cidade, como Banda Louva Ilha, Sara Ilhabela, Mur\u00e3o, Roney Alves, Resenha do Alex, entre outros.<\/p>\n<p>J\u00e1 no centro hist\u00f3rico da cidade, a Pra\u00e7a das Bandeiras recebe, entre os dias 4 e 7 de setembro, o tradicional Ilhabela Jazz, com apresenta\u00e7\u00f5es de artistas renomados como Derico &amp; Clube do Jazz, L\u00e9o Gandelman, Prado Brothers Band, JJ Thames e Baby Vega, al\u00e9m de grupos que trazem novas linguagens e estilos para o evento.<\/p>\n<p>Fechando a programa\u00e7\u00e3o musical, o Centro Cultural da Vila recebe, de 26 a 29 de setembro, o Flashback, que traz uma sele\u00e7\u00e3o especial de m\u00fasicas que marcaram \u00e9poca, em um clima de celebra\u00e7\u00e3o e nostalgia.<\/p>\n<p>\u201cEstamos comemorando os 220 anos de Ilhabela com uma programa\u00e7\u00e3o que valoriza nossa identidade cultural, dando espa\u00e7o aos artistas locais e trazendo nomes de destaque nacional para oferecer lazer e entretenimento de qualidade \u00e0 popula\u00e7\u00e3o e aos turistas\u201d, destacou o Prefeito de Ilhabela, Toninho Colucci.<\/p>\n<p><img fetchpriority=\"high\" decoding=\"async\" class=\"alignnone size-full wp-image-37089\" src=\"https:\/\/lrm67.com\/wp-content\/uploads\/2025\/08\/Ilhabela-comemora-220-anos-com-programacao-musical-diversificada-2.jpg\" alt=\"\" width=\"760\" height=\"428\" srcset=\"https:\/\/lrm67.com\/wp-content\/uploads\/2025\/08\/Ilhabela-comemora-220-anos-com-programacao-musical-diversificada-2.jpg 760w, https:\/\/lrm67.com\/wp-content\/uploads\/2025\/08\/Ilhabela-comemora-220-anos-com-programacao-musical-diversificada-2-300x169.jpg 300w\" sizes=\"(max-width: 760px) 100vw, 760px\" \/><\/p>\n<h2><strong>Programa\u00e7\u00e3o Musical<\/strong><\/h2>\n<p><strong>29 de agosto (sexta-feira)<\/strong><\/p>\n<p>19h \u2013 Show Banda Louva Ilha \u2013 Complexo de Esporte e Lazer do Galera<\/p>\n<p>20h30 \u2013 Show Maria Mar\u00e7al \u2013 Complexo de Esporte e Lazer do Galera<\/p>\n<p><strong>30 de agosto (s\u00e1bado)<\/strong><\/p>\n<p>19h \u2013 Show Sara Ilhabela \u2013 Complexo de Esporte e Lazer do Galera<\/p>\n<p>20h30 \u2013 Show Sarah Farias \u2013 Complexo de Esporte e Lazer do Galera<\/p>\n<p><strong>31 de agosto (domingo)<\/strong><\/p>\n<p>19h \u2013 Show Banda 40\u00ba Graus \u2013 Complexo de Esporte e Lazer do Galera<\/p>\n<p>20h30 \u2013 Show Bruno &amp; Barreto \u2013 Complexo de Esporte e Lazer do Galera<\/p>\n<p><strong>1\u00ba de setembro (segunda-feira)<\/strong><\/p>\n<p>19h \u2013 Show Mur\u00e3o \u2013 Complexo de Esporte e Lazer do Galera<\/p>\n<p>20h30 \u2013 Show de Hip Hop (A confirmar) \u2013 Complexo de Esporte e Lazer do Galera<\/p>\n<p><strong>2 de setembro (ter\u00e7a-feira)<\/strong><\/p>\n<p>19h \u2013 Show Roney Alves \u2013 Complexo de Esporte e Lazer do Galera<\/p>\n<p>20h30 \u2013 Show Traia V\u00e9ia \u2013 Complexo de Esporte e Lazer do Galera<\/p>\n<p><strong>3 de setembro (quarta-feira)<\/strong><\/p>\n<p>19h \u2013 Show Resenha do Alex \u2013 Complexo de Esporte e Lazer do Galera<\/p>\n<p>20h30 \u2013 Show Inimigos da HP \u2013 Complexo de Esporte e Lazer do Galera<\/p>\n<h2><strong>Ilhabela Jazz<\/strong><\/h2>\n<p><em>Pra\u00e7a das Bandeiras &#8211; Vila<\/em><\/p>\n<p><strong>4<\/strong><strong>\u00a0de setembro<\/strong><strong>\u00a0(quinta-feira)<\/strong><\/p>\n<p>19h &#8211; Show Jazz na Bike<\/p>\n<p>20h30 &#8211; Show Derico &amp; Clube do Jazz<\/p>\n<p><strong>5<\/strong><strong>\u00a0de setembro<\/strong><strong>\u00a0(sexta-feira)<\/strong><\/p>\n<p>19h &#8211; Show Maur\u00edcio Jara<\/p>\n<p>20h50 &#8211; Show Sea Tom<\/p>\n<p>22h &#8211; Show L\u00e9o Gandelman<\/p>\n<p><strong>6<\/strong><strong>\u00a0de setembro\u00a0<\/strong><strong>(s\u00e1bado)<\/strong><\/p>\n<p>19h &#8211; Show Aline Outa<\/p>\n<p>20h50 &#8211; Show Andr\u00e9 Youssef<\/p>\n<p>22h &#8211; Show Prado Brothers Band e JJ Thames e Baby Vega<\/p>\n<p><strong>7<\/strong><strong>\u00a0de setembro\u00a0<\/strong><strong>(domingo)<\/strong><\/p>\n<p>19h30 &#8211; Show Ciriba\u00ed<\/p>\n<p>21h &#8211; Show Tony Gordon<\/p>\n","protected":false},"excerpt":{"rendered":"<p>A Prefeitura de Ilhabela preparou uma agenda especial de shows para comemorar os 220 anos de emancipa\u00e7\u00e3o pol\u00edtico-administrativa da cidade. A programa\u00e7\u00e3o, que vai do final de agosto a setembro, re\u00fane diferentes g\u00eaneros musicais, grandes artistas nacionais e a valoriza\u00e7\u00e3o dos talentos locais, em uma festa que promete emocionar moradores e visitantes. No Complexo de [&hellip;]<\/p>\n","protected":false},"author":26,"featured_media":37090,"comment_status":"open","ping_status":"open","sticky":false,"template":"","format":"standard","meta":{"footnotes":""},"categories":[3,16],"tags":[],"class_list":["post-37088","post","type-post","status-publish","format-standard","has-post-thumbnail","hentry","category-ilhabela","category-politica"],"aioseo_notices":[],"_links":{"self":[{"href":"https:\/\/lrm67.com\/index.php\/wp-json\/wp\/v2\/posts\/37088","targetHints":{"allow":["GET"]}}],"collection":[{"href":"https:\/\/lrm67.com\/index.php\/wp-json\/wp\/v2\/posts"}],"about":[{"href":"https:\/\/lrm67.com\/index.php\/wp-json\/wp\/v2\/types\/post"}],"author":[{"embeddable":true,"href":"https:\/\/lrm67.com\/index.php\/wp-json\/wp\/v2\/users\/26"}],"replies":[{"embeddable":true,"href":"https:\/\/lrm67.com\/index.php\/wp-json\/wp\/v2\/comments?post=37088"}],"version-history":[{"count":1,"href":"https:\/\/lrm67.com\/index.php\/wp-json\/wp\/v2\/posts\/37088\/revisions"}],"predecessor-version":[{"id":37091,"href":"https:\/\/lrm67.com\/index.php\/wp-json\/wp\/v2\/posts\/37088\/revisions\/37091"}],"wp:featuredmedia":[{"embeddable":true,"href":"https:\/\/lrm67.com\/index.php\/wp-json\/wp\/v2\/media\/37090"}],"wp:attachment":[{"href":"https:\/\/lrm67.com\/index.php\/wp-json\/wp\/v2\/media?parent=37088"}],"wp:term":[{"taxonomy":"category","embeddable":true,"href":"https:\/\/lrm67.com\/index.php\/wp-json\/wp\/v2\/categories?post=37088"},{"taxonomy":"post_tag","embeddable":true,"href":"https:\/\/lrm67.com\/index.php\/wp-json\/wp\/v2\/tags?post=37088"}],"curies":[{"name":"wp","href":"https:\/\/api.w.org\/{rel}","templated":true}]}}