{"id":37070,"date":"2025-08-25T11:44:26","date_gmt":"2025-08-25T14:44:26","guid":{"rendered":"https:\/\/lrm67.com\/?p=37070"},"modified":"2025-08-25T11:44:26","modified_gmt":"2025-08-25T14:44:26","slug":"prefeitura-de-ilhabela-atua-em-forca-tarefa-apos-ventania-que-atingiu-a-cidade","status":"publish","type":"post","link":"https:\/\/lrm67.com\/index.php\/2025\/08\/25\/prefeitura-de-ilhabela-atua-em-forca-tarefa-apos-ventania-que-atingiu-a-cidade\/","title":{"rendered":"Prefeitura de Ilhabela atua em for\u00e7a-tarefa ap\u00f3s ventania que atingiu a cidade"},"content":{"rendered":"<p>A Prefeitura de Ilhabela mobilizou uma opera\u00e7\u00e3o integrada para atender as ocorr\u00eancias provocadas pela forte ventania registrada no domingo (24) e na madrugada de segunda-feira (25).<\/p>\n<p>A a\u00e7\u00e3o contou com a participa\u00e7\u00e3o conjunta da Defesa Civil e das Secretarias Municipais de Governo; Mobilidade e Seguran\u00e7a; Servi\u00e7os Urbanos; e Desenvolvimento e Inclus\u00e3o Social, garantindo atendimento imediato \u00e0s fam\u00edlias afetadas e a seguran\u00e7a da popula\u00e7\u00e3o.<\/p>\n<p>Devido \u00e0 paralisa\u00e7\u00e3o da travessia de balsas entre Ilhabela e S\u00e3o Sebasti\u00e3o, equipes da Prefeitura ofereceram cobertores e alimenta\u00e7\u00e3o aos passageiros que ficaram retidos na cidade.<\/p>\n<p>Ao todo, foram registradas nove quedas de \u00e1rvores, sendo duas sobre resid\u00eancias e as demais em vias p\u00fablicas. Os bairros mais atingidos foram Reino, Pacu\u00edba, Itapecerica, \u00c1gua Branca e a Avenida Perimetral Norte, no lado Norte da ilha.<\/p>\n<p>No bairro \u00c1gua Branca, tamb\u00e9m foi identificado um foco de inc\u00eandio em \u00e1rea de vegeta\u00e7\u00e3o de sap\u00ea. J\u00e1 na comunidade tradicional de Castelhanos, ficou isolada por terra devido \u00e0 queda de \u00e1rvores na estrada, por\u00e9m j\u00e1 foi reestabelecido o tr\u00e2nsito na via. No local, nove casas foram destelhadas, sendo que em uma delas, a fam\u00edlia precisou ser retirada e acolhida na resid\u00eancia de parentes.<\/p>\n<p><img fetchpriority=\"high\" decoding=\"async\" class=\"alignnone wp-image-37072\" src=\"https:\/\/lrm67.com\/wp-content\/uploads\/2025\/08\/Prefeitura-de-Ilhabela-atua-em-forca-tarefa-apos-ventania-que-atingiu-a-cidade2.jpg\" alt=\"\" width=\"387\" height=\"580\" srcset=\"https:\/\/lrm67.com\/wp-content\/uploads\/2025\/08\/Prefeitura-de-Ilhabela-atua-em-forca-tarefa-apos-ventania-que-atingiu-a-cidade2.jpg 1181w, https:\/\/lrm67.com\/wp-content\/uploads\/2025\/08\/Prefeitura-de-Ilhabela-atua-em-forca-tarefa-apos-ventania-que-atingiu-a-cidade2-200x300.jpg 200w, https:\/\/lrm67.com\/wp-content\/uploads\/2025\/08\/Prefeitura-de-Ilhabela-atua-em-forca-tarefa-apos-ventania-que-atingiu-a-cidade2-682x1024.jpg 682w, https:\/\/lrm67.com\/wp-content\/uploads\/2025\/08\/Prefeitura-de-Ilhabela-atua-em-forca-tarefa-apos-ventania-que-atingiu-a-cidade2-768x1152.jpg 768w, https:\/\/lrm67.com\/wp-content\/uploads\/2025\/08\/Prefeitura-de-Ilhabela-atua-em-forca-tarefa-apos-ventania-que-atingiu-a-cidade2-1024x1536.jpg 1024w\" sizes=\"(max-width: 387px) 100vw, 387px\" \/> \u00a0 <img decoding=\"async\" class=\"alignnone wp-image-37073\" src=\"https:\/\/lrm67.com\/wp-content\/uploads\/2025\/08\/Prefeitura-de-Ilhabela-atua-em-forca-tarefa-apos-ventania-que-atingiu-a-cidade3.jpg\" alt=\"\" width=\"435\" height=\"580\" srcset=\"https:\/\/lrm67.com\/wp-content\/uploads\/2025\/08\/Prefeitura-de-Ilhabela-atua-em-forca-tarefa-apos-ventania-que-atingiu-a-cidade3.jpg 901w, https:\/\/lrm67.com\/wp-content\/uploads\/2025\/08\/Prefeitura-de-Ilhabela-atua-em-forca-tarefa-apos-ventania-que-atingiu-a-cidade3-225x300.jpg 225w, https:\/\/lrm67.com\/wp-content\/uploads\/2025\/08\/Prefeitura-de-Ilhabela-atua-em-forca-tarefa-apos-ventania-que-atingiu-a-cidade3-768x1024.jpg 768w\" sizes=\"(max-width: 435px) 100vw, 435px\" \/><\/p>\n","protected":false},"excerpt":{"rendered":"<p>A Prefeitura de Ilhabela mobilizou uma opera\u00e7\u00e3o integrada para atender as ocorr\u00eancias provocadas pela forte ventania registrada no domingo (24) e na madrugada de segunda-feira (25). A a\u00e7\u00e3o contou com a participa\u00e7\u00e3o conjunta da Defesa Civil e das Secretarias Municipais de Governo; Mobilidade e Seguran\u00e7a; Servi\u00e7os Urbanos; e Desenvolvimento e Inclus\u00e3o Social, garantindo atendimento imediato [&hellip;]<\/p>\n","protected":false},"author":26,"featured_media":37071,"comment_status":"open","ping_status":"open","sticky":false,"template":"","format":"standard","meta":{"footnotes":""},"categories":[3,16,21],"tags":[33,114,253,263],"class_list":["post-37070","post","type-post","status-publish","format-standard","has-post-thumbnail","hentry","category-ilhabela","category-politica","category-seguranca","tag-ilhabela","tag-politica","tag-prefeitura-de-ilhabela","tag-seguranca"],"aioseo_notices":[],"_links":{"self":[{"href":"https:\/\/lrm67.com\/index.php\/wp-json\/wp\/v2\/posts\/37070","targetHints":{"allow":["GET"]}}],"collection":[{"href":"https:\/\/lrm67.com\/index.php\/wp-json\/wp\/v2\/posts"}],"about":[{"href":"https:\/\/lrm67.com\/index.php\/wp-json\/wp\/v2\/types\/post"}],"author":[{"embeddable":true,"href":"https:\/\/lrm67.com\/index.php\/wp-json\/wp\/v2\/users\/26"}],"replies":[{"embeddable":true,"href":"https:\/\/lrm67.com\/index.php\/wp-json\/wp\/v2\/comments?post=37070"}],"version-history":[{"count":5,"href":"https:\/\/lrm67.com\/index.php\/wp-json\/wp\/v2\/posts\/37070\/revisions"}],"predecessor-version":[{"id":37078,"href":"https:\/\/lrm67.com\/index.php\/wp-json\/wp\/v2\/posts\/37070\/revisions\/37078"}],"wp:featuredmedia":[{"embeddable":true,"href":"https:\/\/lrm67.com\/index.php\/wp-json\/wp\/v2\/media\/37071"}],"wp:attachment":[{"href":"https:\/\/lrm67.com\/index.php\/wp-json\/wp\/v2\/media?parent=37070"}],"wp:term":[{"taxonomy":"category","embeddable":true,"href":"https:\/\/lrm67.com\/index.php\/wp-json\/wp\/v2\/categories?post=37070"},{"taxonomy":"post_tag","embeddable":true,"href":"https:\/\/lrm67.com\/index.php\/wp-json\/wp\/v2\/tags?post=37070"}],"curies":[{"name":"wp","href":"https:\/\/api.w.org\/{rel}","templated":true}]}}