{"id":37053,"date":"2025-08-25T09:25:25","date_gmt":"2025-08-25T12:25:25","guid":{"rendered":"https:\/\/lrm67.com\/?p=37053"},"modified":"2025-08-25T09:25:25","modified_gmt":"2025-08-25T12:25:25","slug":"vendaval-com-ventos-de-80-km-h-causa-quedas-de-arvores-e-paralisa-balsa-em-sao-sebastiao","status":"publish","type":"post","link":"https:\/\/lrm67.com\/index.php\/2025\/08\/25\/vendaval-com-ventos-de-80-km-h-causa-quedas-de-arvores-e-paralisa-balsa-em-sao-sebastiao\/","title":{"rendered":"Vendaval com ventos de 80 km\/h causa quedas de \u00e1rvores e paralisa balsa em S\u00e3o Sebasti\u00e3o"},"content":{"rendered":"<p>Na madrugada deste domingo (24), rajadas de vento de at\u00e9 80 km\/h atingiram o munic\u00edpio de S\u00e3o Sebasti\u00e3o, provocando uma s\u00e9rie de ocorr\u00eancias em diferentes regi\u00f5es da cidade. De acordo com a Prefeitura, por meio da Defesa Civil e da Secretaria de Seguran\u00e7a Urbana (Segur), a maioria dos chamados esteve relacionada \u00e0 queda de \u00e1rvores.<\/p>\n<p>Seis \u00e1rvores ca\u00edram sobre a rodovia Rio-Santos, quatro sobre resid\u00eancias e outras duas em vias p\u00fablicas. Apesar dos danos, n\u00e3o houve registro de feridos, desalojados ou desabrigados.<\/p>\n<p>Equipes da Defesa Civil, com apoio da Secretaria de Servi\u00e7os P\u00fablicos, atuaram de forma cont\u00ednua durante o domingo, da Costa Sul \u00e0 Costa Norte, realizando o corte das \u00e1rvores e liberando os trechos obstru\u00eddos.<\/p>\n<p>A travessia de balsa entre S\u00e3o Sebasti\u00e3o e Ilhabela ficou paralisada por cerca de 14 horas, desde aproximadamente 1h da madrugada at\u00e9 as 15h. Durante o per\u00edodo de interrup\u00e7\u00e3o, cerca de 100 pessoas aguardaram a retomada do servi\u00e7o. Para minimizar os impactos, a Defesa Civil ativou um protocolo de assist\u00eancia, com fornecimento de alimenta\u00e7\u00e3o para pedestres e ciclistas por meio do Fundo Social e da Secretaria de Desenvolvimento Econ\u00f4mico e Social (Sedes), al\u00e9m da oferta de abrigo, caso necess\u00e1rio.<\/p>\n<p><img fetchpriority=\"high\" decoding=\"async\" class=\"alignnone size-full wp-image-37055\" src=\"https:\/\/lrm67.com\/wp-content\/uploads\/2025\/08\/Vendaval-com-ventos-de-80-kmh-causa-quedas-de-arvores-e-paralisa-balsa-em-Sao-Sebastiao2.jpg\" alt=\"\" width=\"1280\" height=\"719\" srcset=\"https:\/\/lrm67.com\/wp-content\/uploads\/2025\/08\/Vendaval-com-ventos-de-80-kmh-causa-quedas-de-arvores-e-paralisa-balsa-em-Sao-Sebastiao2.jpg 1280w, https:\/\/lrm67.com\/wp-content\/uploads\/2025\/08\/Vendaval-com-ventos-de-80-kmh-causa-quedas-de-arvores-e-paralisa-balsa-em-Sao-Sebastiao2-300x169.jpg 300w, https:\/\/lrm67.com\/wp-content\/uploads\/2025\/08\/Vendaval-com-ventos-de-80-kmh-causa-quedas-de-arvores-e-paralisa-balsa-em-Sao-Sebastiao2-1024x575.jpg 1024w, https:\/\/lrm67.com\/wp-content\/uploads\/2025\/08\/Vendaval-com-ventos-de-80-kmh-causa-quedas-de-arvores-e-paralisa-balsa-em-Sao-Sebastiao2-768x431.jpg 768w\" sizes=\"(max-width: 1280px) 100vw, 1280px\" \/><\/p>\n<p><img decoding=\"async\" class=\"alignnone size-full wp-image-37056\" src=\"https:\/\/lrm67.com\/wp-content\/uploads\/2025\/08\/Vendaval-com-ventos-de-80-kmh-causa-quedas-de-arvores-e-paralisa-balsa-em-Sao-Sebastiao3.jpg\" alt=\"\" width=\"1600\" height=\"900\" srcset=\"https:\/\/lrm67.com\/wp-content\/uploads\/2025\/08\/Vendaval-com-ventos-de-80-kmh-causa-quedas-de-arvores-e-paralisa-balsa-em-Sao-Sebastiao3.jpg 1600w, https:\/\/lrm67.com\/wp-content\/uploads\/2025\/08\/Vendaval-com-ventos-de-80-kmh-causa-quedas-de-arvores-e-paralisa-balsa-em-Sao-Sebastiao3-300x169.jpg 300w, https:\/\/lrm67.com\/wp-content\/uploads\/2025\/08\/Vendaval-com-ventos-de-80-kmh-causa-quedas-de-arvores-e-paralisa-balsa-em-Sao-Sebastiao3-1024x576.jpg 1024w, https:\/\/lrm67.com\/wp-content\/uploads\/2025\/08\/Vendaval-com-ventos-de-80-kmh-causa-quedas-de-arvores-e-paralisa-balsa-em-Sao-Sebastiao3-768x432.jpg 768w, https:\/\/lrm67.com\/wp-content\/uploads\/2025\/08\/Vendaval-com-ventos-de-80-kmh-causa-quedas-de-arvores-e-paralisa-balsa-em-Sao-Sebastiao3-1536x864.jpg 1536w\" sizes=\"(max-width: 1600px) 100vw, 1600px\" \/><\/p>\n<p>&nbsp;<\/p>\n<p><strong>Fonte e imagens: PMSS<\/strong><\/p>\n","protected":false},"excerpt":{"rendered":"<p>Na madrugada deste domingo (24), rajadas de vento de at\u00e9 80 km\/h atingiram o munic\u00edpio de S\u00e3o Sebasti\u00e3o, provocando uma s\u00e9rie de ocorr\u00eancias em diferentes regi\u00f5es da cidade. De acordo com a Prefeitura, por meio da Defesa Civil e da Secretaria de Seguran\u00e7a Urbana (Segur), a maioria dos chamados esteve relacionada \u00e0 queda de \u00e1rvores. [&hellip;]<\/p>\n","protected":false},"author":26,"featured_media":37054,"comment_status":"open","ping_status":"open","sticky":false,"template":"","format":"standard","meta":{"footnotes":""},"categories":[2,13,6],"tags":[279,22,280,202],"class_list":["post-37053","post","type-post","status-publish","format-standard","has-post-thumbnail","hentry","category-geral","category-sao-sebastiao","category-tempo","tag-defesa-civil","tag-sao-sebastiao","tag-secretaria-de-seguranca-urbana","tag-tempo"],"aioseo_notices":[],"_links":{"self":[{"href":"https:\/\/lrm67.com\/index.php\/wp-json\/wp\/v2\/posts\/37053","targetHints":{"allow":["GET"]}}],"collection":[{"href":"https:\/\/lrm67.com\/index.php\/wp-json\/wp\/v2\/posts"}],"about":[{"href":"https:\/\/lrm67.com\/index.php\/wp-json\/wp\/v2\/types\/post"}],"author":[{"embeddable":true,"href":"https:\/\/lrm67.com\/index.php\/wp-json\/wp\/v2\/users\/26"}],"replies":[{"embeddable":true,"href":"https:\/\/lrm67.com\/index.php\/wp-json\/wp\/v2\/comments?post=37053"}],"version-history":[{"count":1,"href":"https:\/\/lrm67.com\/index.php\/wp-json\/wp\/v2\/posts\/37053\/revisions"}],"predecessor-version":[{"id":37057,"href":"https:\/\/lrm67.com\/index.php\/wp-json\/wp\/v2\/posts\/37053\/revisions\/37057"}],"wp:featuredmedia":[{"embeddable":true,"href":"https:\/\/lrm67.com\/index.php\/wp-json\/wp\/v2\/media\/37054"}],"wp:attachment":[{"href":"https:\/\/lrm67.com\/index.php\/wp-json\/wp\/v2\/media?parent=37053"}],"wp:term":[{"taxonomy":"category","embeddable":true,"href":"https:\/\/lrm67.com\/index.php\/wp-json\/wp\/v2\/categories?post=37053"},{"taxonomy":"post_tag","embeddable":true,"href":"https:\/\/lrm67.com\/index.php\/wp-json\/wp\/v2\/tags?post=37053"}],"curies":[{"name":"wp","href":"https:\/\/api.w.org\/{rel}","templated":true}]}}