{"id":37051,"date":"2025-08-25T09:19:34","date_gmt":"2025-08-25T12:19:34","guid":{"rendered":"https:\/\/lrm67.com\/?p=37051"},"modified":"2025-08-25T09:19:34","modified_gmt":"2025-08-25T12:19:34","slug":"incendio-atinge-area-de-vegetacao-no-morro-do-areal-em-ubatuba","status":"publish","type":"post","link":"https:\/\/lrm67.com\/index.php\/2025\/08\/25\/incendio-atinge-area-de-vegetacao-no-morro-do-areal-em-ubatuba\/","title":{"rendered":"Inc\u00eandio atinge \u00e1rea de vegeta\u00e7\u00e3o no Morro do Areal em Ubatuba"},"content":{"rendered":"<p>Na tarde de domingo (24), um inc\u00eandio de grandes propor\u00e7\u00f5es atingiu uma \u00e1rea de vegeta\u00e7\u00e3o no Morro do Areal, nas proximidades da rodovia Rio-Santos, em Ubatuba. O Corpo de Bombeiros foi acionado por volta das 14h50 e mobilizou duas viaturas para atender a ocorr\u00eancia, com apoio de um caminh\u00e3o-pipa da Sabesp.<\/p>\n<p>Para conter as chamas, as equipes utilizaram abafadores e aproximadamente 15 mil litros de \u00e1gua.<\/p>\n<p>O inc\u00eandio foi totalmente extinto, com uma \u00e1rea de vegeta\u00e7\u00e3o queimada estimada em aproximadamente 15 mil metros quadrados. Ao final da ocorr\u00eancia, o local foi deixado em seguran\u00e7a.<\/p>\n","protected":false},"excerpt":{"rendered":"<p>Na tarde de domingo (24), um inc\u00eandio de grandes propor\u00e7\u00f5es atingiu uma \u00e1rea de vegeta\u00e7\u00e3o no Morro do Areal, nas proximidades da rodovia Rio-Santos, em Ubatuba. O Corpo de Bombeiros foi acionado por volta das 14h50 e mobilizou duas viaturas para atender a ocorr\u00eancia, com apoio de um caminh\u00e3o-pipa da Sabesp. Para conter as chamas, [&hellip;]<\/p>\n","protected":false},"author":26,"featured_media":37027,"comment_status":"open","ping_status":"open","sticky":false,"template":"","format":"standard","meta":{"footnotes":""},"categories":[15,14],"tags":[195,194,278],"class_list":["post-37051","post","type-post","status-publish","format-standard","has-post-thumbnail","hentry","category-policia","category-ubatuba","tag-corpo-de-bombeiros","tag-policia","tag-ubatiba"],"aioseo_notices":[],"_links":{"self":[{"href":"https:\/\/lrm67.com\/index.php\/wp-json\/wp\/v2\/posts\/37051","targetHints":{"allow":["GET"]}}],"collection":[{"href":"https:\/\/lrm67.com\/index.php\/wp-json\/wp\/v2\/posts"}],"about":[{"href":"https:\/\/lrm67.com\/index.php\/wp-json\/wp\/v2\/types\/post"}],"author":[{"embeddable":true,"href":"https:\/\/lrm67.com\/index.php\/wp-json\/wp\/v2\/users\/26"}],"replies":[{"embeddable":true,"href":"https:\/\/lrm67.com\/index.php\/wp-json\/wp\/v2\/comments?post=37051"}],"version-history":[{"count":1,"href":"https:\/\/lrm67.com\/index.php\/wp-json\/wp\/v2\/posts\/37051\/revisions"}],"predecessor-version":[{"id":37052,"href":"https:\/\/lrm67.com\/index.php\/wp-json\/wp\/v2\/posts\/37051\/revisions\/37052"}],"wp:featuredmedia":[{"embeddable":true,"href":"https:\/\/lrm67.com\/index.php\/wp-json\/wp\/v2\/media\/37027"}],"wp:attachment":[{"href":"https:\/\/lrm67.com\/index.php\/wp-json\/wp\/v2\/media?parent=37051"}],"wp:term":[{"taxonomy":"category","embeddable":true,"href":"https:\/\/lrm67.com\/index.php\/wp-json\/wp\/v2\/categories?post=37051"},{"taxonomy":"post_tag","embeddable":true,"href":"https:\/\/lrm67.com\/index.php\/wp-json\/wp\/v2\/tags?post=37051"}],"curies":[{"name":"wp","href":"https:\/\/api.w.org\/{rel}","templated":true}]}}