{"id":37045,"date":"2025-08-25T09:10:41","date_gmt":"2025-08-25T12:10:41","guid":{"rendered":"https:\/\/lrm67.com\/?p=37045"},"modified":"2025-08-25T09:10:41","modified_gmt":"2025-08-25T12:10:41","slug":"semana-nacional-da-pessoa-com-deficiencia-intelectual-e-multipla-2025-tem-inicio-em-ilhabela","status":"publish","type":"post","link":"https:\/\/lrm67.com\/index.php\/2025\/08\/25\/semana-nacional-da-pessoa-com-deficiencia-intelectual-e-multipla-2025-tem-inicio-em-ilhabela\/","title":{"rendered":"Semana Nacional da Pessoa com Defici\u00eancia Intelectual e M\u00faltipla 2025 tem in\u00edcio em Ilhabela"},"content":{"rendered":"<p>Ilhabela deu in\u00edcio, na noite da \u00faltima quinta-feira (21), \u00e0 Semana Nacional da Pessoa com Defici\u00eancia Intelectual e M\u00faltipla 2025, que neste ano convida \u00e0 reflex\u00e3o com o tema: \u201cDefici\u00eancia n\u00e3o define. Oportunidade transforma. Inclua nossa voz!\u201d.<\/p>\n<p>A abertura oficial foi realizada no Audit\u00f3rio Pasquele Colucci, no Pa\u00e7o Municipal, reunindo autoridades municipais, representantes da sociedade civil e familiares em um momento de valoriza\u00e7\u00e3o da diversidade e do respeito. Estiveram presentes o prefeito Toninho Colucci, o presidente da C\u00e2mara Municipal, vereador Ezequiel Alves, al\u00e9m de secret\u00e1rios, a presidente da APAE Ilhabela, M\u00f4nica Kurashina, e o juiz titular da 1\u00aa Vara da Comarca, Dr. Marco Ant\u00f4nio Filgueiras.<\/p>\n<p>\u201cO trabalho da APAE \u00e9 fundamental para nossa cidade, e essa parceria com a Prefeitura amplia ainda mais a visibilidade e a conscientiza\u00e7\u00e3o sobre a import\u00e2ncia da inclus\u00e3o. Queremos que toda a sociedade participe desse movimento, porque uma Ilhabela melhor se constr\u00f3i com respeito, oportunidades e espa\u00e7o para todos\u201d, destacou o prefeito Toninho Colucci.<\/p>\n<p><img fetchpriority=\"high\" decoding=\"async\" class=\"alignnone size-full wp-image-37036\" src=\"https:\/\/lrm67.com\/wp-content\/uploads\/2025\/08\/Semana-Nacional-da-Pessoa-com-Deficiencia-Intelectual-e-Multipla-2025-tem-inicio-em-Ilhabela2-scaled.jpg\" alt=\"\" width=\"2560\" height=\"1707\" srcset=\"https:\/\/lrm67.com\/wp-content\/uploads\/2025\/08\/Semana-Nacional-da-Pessoa-com-Deficiencia-Intelectual-e-Multipla-2025-tem-inicio-em-Ilhabela2-scaled.jpg 2560w, https:\/\/lrm67.com\/wp-content\/uploads\/2025\/08\/Semana-Nacional-da-Pessoa-com-Deficiencia-Intelectual-e-Multipla-2025-tem-inicio-em-Ilhabela2-300x200.jpg 300w, https:\/\/lrm67.com\/wp-content\/uploads\/2025\/08\/Semana-Nacional-da-Pessoa-com-Deficiencia-Intelectual-e-Multipla-2025-tem-inicio-em-Ilhabela2-1024x683.jpg 1024w, https:\/\/lrm67.com\/wp-content\/uploads\/2025\/08\/Semana-Nacional-da-Pessoa-com-Deficiencia-Intelectual-e-Multipla-2025-tem-inicio-em-Ilhabela2-768x512.jpg 768w, https:\/\/lrm67.com\/wp-content\/uploads\/2025\/08\/Semana-Nacional-da-Pessoa-com-Deficiencia-Intelectual-e-Multipla-2025-tem-inicio-em-Ilhabela2-1536x1024.jpg 1536w, https:\/\/lrm67.com\/wp-content\/uploads\/2025\/08\/Semana-Nacional-da-Pessoa-com-Deficiencia-Intelectual-e-Multipla-2025-tem-inicio-em-Ilhabela2-2048x1365.jpg 2048w\" sizes=\"(max-width: 2560px) 100vw, 2560px\" \/><\/p>\n<p>Neste ano, a programa\u00e7\u00e3o ganha ainda mais visibilidade com a campanha digital que ser\u00e1 realizada em parceria entre a Prefeitura e a APAE. Ao longo da semana, os canais oficiais da Prefeitura trar\u00e3o uma s\u00e9rie de conte\u00fados especiais, em v\u00eddeo e publica\u00e7\u00f5es, mostrando um pouco das atividades da entidade e refor\u00e7ando a import\u00e2ncia da inclus\u00e3o em diferentes \u00e1reas da vida social.<\/p>\n<p>Entre as viv\u00eancias presenciais est\u00e3o a oficina sensorial inclusiva \u201cAl\u00e9m dos Olhos\u201d, a viv\u00eancia na Escola de Vela e o passeio a bordo do Aquabus, que proporcionam aos alunos experi\u00eancias \u00fanicas de percep\u00e7\u00e3o e conviv\u00eancia. J\u00e1 no ambiente digital, o p\u00fablico poder\u00e1 acompanhar nas redes sociais v\u00eddeos e entrevistas com temas como o tratamento com Pediasuit, a Sala de Estimula\u00e7\u00e3o Essencial, a supera\u00e7\u00e3o atrav\u00e9s do esporte e a import\u00e2ncia do mercado de trabalho apoiado.<\/p>\n<p>&nbsp;<\/p>\n<p><strong>Confira a programa\u00e7\u00e3o da semana:<\/strong><\/p>\n<p><strong>22\/08<\/strong> \u2013 Publica\u00e7\u00e3o do v\u00eddeo: Pediasuit \u2013 uma reabilita\u00e7\u00e3o intensiva<\/p>\n<p><strong>23\/08<\/strong> \u2013 Oficina Sensorial Inclusiva \u201cAl\u00e9m dos Olhos\u201d, no Centro de Conviv\u00eancia<\/p>\n<p><strong>24\/08<\/strong> \u2013 Entrevista \u201cInclua nossa voz\u201d com alunos da APAE e o secret\u00e1rio de Esportes Felipe Nascimento<\/p>\n<p><strong>25\/08<\/strong> \u2013 Publica\u00e7\u00e3o do v\u00eddeo: Sala de Estimula\u00e7\u00e3o Essencial \u2013 atuando com crian\u00e7as e suas potencialidades<\/p>\n<p><strong>26\/08<\/strong> \u2013 Sa\u00edda inclusiva com a terapeuta ocupacional Sara: Jornada a bordo do Aquabus<\/p>\n<p><strong>27\/08<\/strong> \u2013 Publica\u00e7\u00e3o do v\u00eddeo: Supera\u00e7\u00e3o atrav\u00e9s do Esporte<\/p>\n<p><strong>28\/08<\/strong> \u2013 Publica\u00e7\u00e3o do v\u00eddeo: Cine Villa Bella \u2013 A import\u00e2ncia do mercado de trabalho apoiado<\/p>\n<p>&nbsp;<\/p>\n<p>Com a uni\u00e3o entre Prefeitura e APAE, Ilhabela refor\u00e7a seu compromisso com uma sociedade mais inclusiva, onde cada voz \u00e9 ouvida e cada oportunidade pode transformar vidas.<\/p>\n","protected":false},"excerpt":{"rendered":"<p>Ilhabela deu in\u00edcio, na noite da \u00faltima quinta-feira (21), \u00e0 Semana Nacional da Pessoa com Defici\u00eancia Intelectual e M\u00faltipla 2025, que neste ano convida \u00e0 reflex\u00e3o com o tema: \u201cDefici\u00eancia n\u00e3o define. Oportunidade transforma. Inclua nossa voz!\u201d. A abertura oficial foi realizada no Audit\u00f3rio Pasquele Colucci, no Pa\u00e7o Municipal, reunindo autoridades municipais, representantes da sociedade [&hellip;]<\/p>\n","protected":false},"author":26,"featured_media":37035,"comment_status":"open","ping_status":"open","sticky":false,"template":"","format":"standard","meta":{"footnotes":""},"categories":[12,2,3],"tags":[276,33],"class_list":["post-37045","post","type-post","status-publish","format-standard","has-post-thumbnail","hentry","category-eventos","category-geral","category-ilhabela","tag-apae","tag-ilhabela"],"aioseo_notices":[],"_links":{"self":[{"href":"https:\/\/lrm67.com\/index.php\/wp-json\/wp\/v2\/posts\/37045","targetHints":{"allow":["GET"]}}],"collection":[{"href":"https:\/\/lrm67.com\/index.php\/wp-json\/wp\/v2\/posts"}],"about":[{"href":"https:\/\/lrm67.com\/index.php\/wp-json\/wp\/v2\/types\/post"}],"author":[{"embeddable":true,"href":"https:\/\/lrm67.com\/index.php\/wp-json\/wp\/v2\/users\/26"}],"replies":[{"embeddable":true,"href":"https:\/\/lrm67.com\/index.php\/wp-json\/wp\/v2\/comments?post=37045"}],"version-history":[{"count":1,"href":"https:\/\/lrm67.com\/index.php\/wp-json\/wp\/v2\/posts\/37045\/revisions"}],"predecessor-version":[{"id":37046,"href":"https:\/\/lrm67.com\/index.php\/wp-json\/wp\/v2\/posts\/37045\/revisions\/37046"}],"wp:featuredmedia":[{"embeddable":true,"href":"https:\/\/lrm67.com\/index.php\/wp-json\/wp\/v2\/media\/37035"}],"wp:attachment":[{"href":"https:\/\/lrm67.com\/index.php\/wp-json\/wp\/v2\/media?parent=37045"}],"wp:term":[{"taxonomy":"category","embeddable":true,"href":"https:\/\/lrm67.com\/index.php\/wp-json\/wp\/v2\/categories?post=37045"},{"taxonomy":"post_tag","embeddable":true,"href":"https:\/\/lrm67.com\/index.php\/wp-json\/wp\/v2\/tags?post=37045"}],"curies":[{"name":"wp","href":"https:\/\/api.w.org\/{rel}","templated":true}]}}