{"id":37043,"date":"2025-08-25T09:07:22","date_gmt":"2025-08-25T12:07:22","guid":{"rendered":"https:\/\/lrm67.com\/?p=37043"},"modified":"2025-08-25T09:07:36","modified_gmt":"2025-08-25T12:07:36","slug":"homem-e-preso-por-roubo-de-veiculo-no-jaragua","status":"publish","type":"post","link":"https:\/\/lrm67.com\/index.php\/2025\/08\/25\/homem-e-preso-por-roubo-de-veiculo-no-jaragua\/","title":{"rendered":"Homem \u00e9 preso por roubo de ve\u00edculo no Jaragu\u00e1"},"content":{"rendered":"<p><strong>Henrique Martins<\/strong><\/p>\n<p>&nbsp;<\/p>\n<p>Na madrugada deste s\u00e1bado (24), um homem foi preso ap\u00f3s ser flagrado dirigindo um carro roubado na regi\u00e3o da Costa Norte, em S\u00e3o Sebasti\u00e3o.<\/p>\n<p>Durante patrulhamento de rotina, os policiais foram informados de que um ve\u00edculo Honda Fit havia acabado de ser roubado no bairro Jardim Brit\u00e2nia, em Caraguatatuba. Com base nas caracter\u00edsticas repassadas, a equipe intensificou as buscas e localizou o autom\u00f3vel trafegando pela Avenida D\u00e1rio Leite Carrijo, no bairro Jaragu\u00e1.<\/p>\n<p>O suspeito foi imediatamente abordado e detido. A v\u00edtima do roubo foi acionada e reconheceu o homem como um dos autores do crime.<\/p>\n<p>O caso foi registrado na Central de Pol\u00edcia Judici\u00e1ria, onde o indiv\u00edduo permaneceu preso e \u00e0 disposi\u00e7\u00e3o da Justi\u00e7a. O ve\u00edculo recuperado foi devolvido ao propriet\u00e1rio.<\/p>\n<p>&nbsp;<\/p>\n<p><strong>Fonte: Pol\u00edcia Militar do 20\u00ba Batalh\u00e3o do Interior<\/strong><\/p>\n","protected":false},"excerpt":{"rendered":"<p>Henrique Martins &nbsp; Na madrugada deste s\u00e1bado (24), um homem foi preso ap\u00f3s ser flagrado dirigindo um carro roubado na regi\u00e3o da Costa Norte, em S\u00e3o Sebasti\u00e3o. Durante patrulhamento de rotina, os policiais foram informados de que um ve\u00edculo Honda Fit havia acabado de ser roubado no bairro Jardim Brit\u00e2nia, em Caraguatatuba. Com base nas [&hellip;]<\/p>\n","protected":false},"author":26,"featured_media":37025,"comment_status":"open","ping_status":"open","sticky":false,"template":"","format":"standard","meta":{"footnotes":""},"categories":[15,13],"tags":[194,221,22],"class_list":["post-37043","post","type-post","status-publish","format-standard","has-post-thumbnail","hentry","category-policia","category-sao-sebastiao","tag-policia","tag-policia-militar","tag-sao-sebastiao"],"aioseo_notices":[],"_links":{"self":[{"href":"https:\/\/lrm67.com\/index.php\/wp-json\/wp\/v2\/posts\/37043","targetHints":{"allow":["GET"]}}],"collection":[{"href":"https:\/\/lrm67.com\/index.php\/wp-json\/wp\/v2\/posts"}],"about":[{"href":"https:\/\/lrm67.com\/index.php\/wp-json\/wp\/v2\/types\/post"}],"author":[{"embeddable":true,"href":"https:\/\/lrm67.com\/index.php\/wp-json\/wp\/v2\/users\/26"}],"replies":[{"embeddable":true,"href":"https:\/\/lrm67.com\/index.php\/wp-json\/wp\/v2\/comments?post=37043"}],"version-history":[{"count":1,"href":"https:\/\/lrm67.com\/index.php\/wp-json\/wp\/v2\/posts\/37043\/revisions"}],"predecessor-version":[{"id":37044,"href":"https:\/\/lrm67.com\/index.php\/wp-json\/wp\/v2\/posts\/37043\/revisions\/37044"}],"wp:featuredmedia":[{"embeddable":true,"href":"https:\/\/lrm67.com\/index.php\/wp-json\/wp\/v2\/media\/37025"}],"wp:attachment":[{"href":"https:\/\/lrm67.com\/index.php\/wp-json\/wp\/v2\/media?parent=37043"}],"wp:term":[{"taxonomy":"category","embeddable":true,"href":"https:\/\/lrm67.com\/index.php\/wp-json\/wp\/v2\/categories?post=37043"},{"taxonomy":"post_tag","embeddable":true,"href":"https:\/\/lrm67.com\/index.php\/wp-json\/wp\/v2\/tags?post=37043"}],"curies":[{"name":"wp","href":"https:\/\/api.w.org\/{rel}","templated":true}]}}