{"id":37024,"date":"2025-08-25T08:58:17","date_gmt":"2025-08-25T11:58:17","guid":{"rendered":"https:\/\/lrm67.com\/?p=37024"},"modified":"2025-08-25T08:58:17","modified_gmt":"2025-08-25T11:58:17","slug":"mostra-saberes-artesanais-retorna-em-sua-5a-edicao-com-programacao-gratuita","status":"publish","type":"post","link":"https:\/\/lrm67.com\/index.php\/2025\/08\/25\/mostra-saberes-artesanais-retorna-em-sua-5a-edicao-com-programacao-gratuita\/","title":{"rendered":"Mostra Saberes Artesanais retorna em sua 5\u00aa edi\u00e7\u00e3o com programa\u00e7\u00e3o gratuita"},"content":{"rendered":"<p><strong><em>Prazo para participar \u00e9 5 de setembro; evento ir\u00e1 de 19 de setembro a 12 de outubro<\/em><\/strong><\/p>\n<p>&nbsp;<\/p>\n<p>Artes\u00e3os de Ubatuba j\u00e1 podem se inscrever para a Mostra do V Saberes Artesanais, iniciativa que re\u00fane produ\u00e7\u00f5es de artes\u00e3os e artes\u00e3s do Litoral Norte de S\u00e3o Paulo. O evento \u00e9 parte integrante do projeto cultural, que chega \u00e0 sua quinta edi\u00e7\u00e3o, com uma programa\u00e7\u00e3o composta por oficinas, viv\u00eancias e exposi\u00e7\u00f5es gratuitas, e acontece de 19 de setembro a 12 de outubro.<\/p>\n<p>A Mostra foi contemplada com recursos da Funda\u00e7\u00e3o de Arte e Cultura de Ubatuba (Fundart), no valor de R$ 30 mil, por meio do Edital de Fomento \u00e0 Cultura, e acontecer\u00e1 no pr\u00e9dio hist\u00f3rico do Museu Washington de Oliveira (Cadeia Velha), espa\u00e7o cedido pela Funda\u00e7\u00e3o.<\/p>\n<p>Podem participar artes\u00e3os e artes\u00e3s que residam no Litoral Norte e que desenvolvam produ\u00e7\u00f5es que se enquadrem na Base Conceitual do Artesanato, contemplando t\u00e9cnicas tradicionais e contempor\u00e2neas. As inscri\u00e7\u00f5es s\u00e3o gratuitas e devem ser feitas online at\u00e9 o dia 5 de setembro pelo link: linktr.ee\/saberesartesanais.<\/p>\n<p>A Mostra tem como objetivo valorizar os saberes e fazeres artesanais da regi\u00e3o, promovendo o encontro entre mestres e aprendizes e fortalecendo a rede de artes\u00e3os locais.<\/p>\n<p>A realiza\u00e7\u00e3o conta com o apoio da Prefeitura de Ubatuba e da Funda\u00e7\u00e3o de Arte e Cultura de Ubatuba (Fundart).<\/p>\n<p><strong>O que \u00e9 considerado artesanato<\/strong><\/p>\n<p>De acordo com a Base Conceitual do Artesanato, s\u00e3o consideradas artesanais as produ\u00e7\u00f5es que resultam da transforma\u00e7\u00e3o de mat\u00e9rias-primas em estado natural ou manufaturado, por meio de t\u00e9cnicas de produ\u00e7\u00e3o manual que expressem criatividade, identidade cultural, habilidade e qualidade.<\/p>\n<p><strong>Sobre o projeto Saberes Artesanais<\/strong><\/p>\n<p>O projeto Saberes Artesanais atua h\u00e1 cinco edi\u00e7\u00f5es no Litoral Norte, desde 2019, realizando a\u00e7\u00f5es de pesquisa, registro e difus\u00e3o do trabalho de artes\u00e3os de comunidades tradicionais cai\u00e7aras, quilombolas e povos origin\u00e1rios, al\u00e9m de artistas que desenvolvem t\u00e9cnicas que dialogam com a contemporaneidade.<\/p>\n<p>Desde sua cria\u00e7\u00e3o, a iniciativa busca coordenar e promover atividades que ampliem a valoriza\u00e7\u00e3o cultural, profissional, social e econ\u00f4mica do artes\u00e3o da regi\u00e3o. A cada edi\u00e7\u00e3o, o projeto re\u00fane diferentes linguagens, aproximando o p\u00fablico do universo do artesanato por meio de exposi\u00e7\u00f5es, comercializa\u00e7\u00e3o de pe\u00e7as e interc\u00e2mbio de saberes.<\/p>\n<p>&nbsp;<\/p>\n<p><strong>Fonte: Secretaria de Comunica\u00e7\u00e3o \/ PMU<\/strong><\/p>\n","protected":false},"excerpt":{"rendered":"<p>Prazo para participar \u00e9 5 de setembro; evento ir\u00e1 de 19 de setembro a 12 de outubro &nbsp; Artes\u00e3os de Ubatuba j\u00e1 podem se inscrever para a Mostra do V Saberes Artesanais, iniciativa que re\u00fane produ\u00e7\u00f5es de artes\u00e3os e artes\u00e3s do Litoral Norte de S\u00e3o Paulo. O evento \u00e9 parte integrante do projeto cultural, que [&hellip;]<\/p>\n","protected":false},"author":26,"featured_media":37030,"comment_status":"open","ping_status":"open","sticky":false,"template":"","format":"standard","meta":{"footnotes":""},"categories":[90,12,2,14],"tags":[227,132,28,273],"class_list":["post-37024","post","type-post","status-publish","format-standard","has-post-thumbnail","hentry","category-culinaria","category-eventos","category-geral","category-ubatuba","tag-cultura","tag-eventos","tag-ubatuba","tag-v-saberes-artesanais"],"aioseo_notices":[],"_links":{"self":[{"href":"https:\/\/lrm67.com\/index.php\/wp-json\/wp\/v2\/posts\/37024","targetHints":{"allow":["GET"]}}],"collection":[{"href":"https:\/\/lrm67.com\/index.php\/wp-json\/wp\/v2\/posts"}],"about":[{"href":"https:\/\/lrm67.com\/index.php\/wp-json\/wp\/v2\/types\/post"}],"author":[{"embeddable":true,"href":"https:\/\/lrm67.com\/index.php\/wp-json\/wp\/v2\/users\/26"}],"replies":[{"embeddable":true,"href":"https:\/\/lrm67.com\/index.php\/wp-json\/wp\/v2\/comments?post=37024"}],"version-history":[{"count":1,"href":"https:\/\/lrm67.com\/index.php\/wp-json\/wp\/v2\/posts\/37024\/revisions"}],"predecessor-version":[{"id":37038,"href":"https:\/\/lrm67.com\/index.php\/wp-json\/wp\/v2\/posts\/37024\/revisions\/37038"}],"wp:featuredmedia":[{"embeddable":true,"href":"https:\/\/lrm67.com\/index.php\/wp-json\/wp\/v2\/media\/37030"}],"wp:attachment":[{"href":"https:\/\/lrm67.com\/index.php\/wp-json\/wp\/v2\/media?parent=37024"}],"wp:term":[{"taxonomy":"category","embeddable":true,"href":"https:\/\/lrm67.com\/index.php\/wp-json\/wp\/v2\/categories?post=37024"},{"taxonomy":"post_tag","embeddable":true,"href":"https:\/\/lrm67.com\/index.php\/wp-json\/wp\/v2\/tags?post=37024"}],"curies":[{"name":"wp","href":"https:\/\/api.w.org\/{rel}","templated":true}]}}