{"id":36678,"date":"2025-08-15T07:02:02","date_gmt":"2025-08-15T10:02:02","guid":{"rendered":"https:\/\/lrm67.com\/?p=36678"},"modified":"2025-08-15T10:04:34","modified_gmt":"2025-08-15T13:04:34","slug":"felicio-se-reune-com-prefeitos-do-vale-em-agenda-nesta-sexta-em-taubate","status":"publish","type":"post","link":"https:\/\/lrm67.com\/index.php\/2025\/08\/15\/felicio-se-reune-com-prefeitos-do-vale-em-agenda-nesta-sexta-em-taubate\/","title":{"rendered":"Felicio se re\u00fane com prefeitos do Vale em agenda nesta sexta em Taubat\u00e9"},"content":{"rendered":"<p>O vice-governador do Estado de S\u00e3o Paulo, Felicio Ramuth (PSD), se reunir\u00e1 com dirigentes do Cons\u00f3rcio Intermunicipal Tr\u00eas Rios nesta sexta-feira (15), em Taubat\u00e9. O grupo re\u00fane 23 munic\u00edpios do Vale do Para\u00edba.<\/p>\n<p>Na ocasi\u00e3o, Felicio vai apresentar as a\u00e7\u00f5es previstas para a regi\u00e3o e os leil\u00f5es programados para este ano, como a moderniza\u00e7\u00e3o das travessias h\u00eddricas e a implanta\u00e7\u00e3o do t\u00fanel imerso Santos\u2013Guaruj\u00e1.<\/p>\n<p>O Cons\u00f3rcio Tr\u00eas Rios \u00e9 presidido pelo prefeito de Taubat\u00e9, S\u00e9rgio Victor (Novo), e tem por objetivo auxiliar os munic\u00edpios na gest\u00e3o p\u00fablica, com foco na sustentabilidade.<\/p>\n<p>Segundo o \u00f3rg\u00e3o, o principal objetivo \u00e9 fornecer solu\u00e7\u00f5es ambientais na gest\u00e3o das cidades, contribuindo com a seguran\u00e7a, qualidade e responsabilidade social para o desenvolvimento sustent\u00e1vel das comunidades.<\/p>\n<p>Atualmente, o cons\u00f3rcio \u00e9 composto por 23 munic\u00edpios do Vale do Para\u00edba, Vale Hist\u00f3rico, Serra da Mantiqueira e Litoral Norte, entre eles Taubat\u00e9, Caraguatatuba e Ca\u00e7apava, representando mais 1,8 milh\u00e3o de habitantes.<\/p>\n<pre>Com O Vale<\/pre>\n","protected":false},"excerpt":{"rendered":"<p>O vice-governador do Estado de S\u00e3o Paulo, Felicio Ramuth (PSD), se reunir\u00e1 com dirigentes do Cons\u00f3rcio Intermunicipal Tr\u00eas Rios nesta sexta-feira (15), em Taubat\u00e9. O grupo re\u00fane 23 munic\u00edpios do Vale do Para\u00edba. Na ocasi\u00e3o, Felicio vai apresentar as a\u00e7\u00f5es previstas para a regi\u00e3o e os leil\u00f5es programados para este ano, como a moderniza\u00e7\u00e3o das [&hellip;]<\/p>\n","protected":false},"author":26,"featured_media":36679,"comment_status":"open","ping_status":"open","sticky":false,"template":"","format":"standard","meta":{"footnotes":""},"categories":[8,16,89],"tags":[],"class_list":["post-36678","post","type-post","status-publish","format-standard","has-post-thumbnail","hentry","category-caraguatatuba","category-politica","category-vale-do-paraiba"],"aioseo_notices":[],"_links":{"self":[{"href":"https:\/\/lrm67.com\/index.php\/wp-json\/wp\/v2\/posts\/36678","targetHints":{"allow":["GET"]}}],"collection":[{"href":"https:\/\/lrm67.com\/index.php\/wp-json\/wp\/v2\/posts"}],"about":[{"href":"https:\/\/lrm67.com\/index.php\/wp-json\/wp\/v2\/types\/post"}],"author":[{"embeddable":true,"href":"https:\/\/lrm67.com\/index.php\/wp-json\/wp\/v2\/users\/26"}],"replies":[{"embeddable":true,"href":"https:\/\/lrm67.com\/index.php\/wp-json\/wp\/v2\/comments?post=36678"}],"version-history":[{"count":1,"href":"https:\/\/lrm67.com\/index.php\/wp-json\/wp\/v2\/posts\/36678\/revisions"}],"predecessor-version":[{"id":36680,"href":"https:\/\/lrm67.com\/index.php\/wp-json\/wp\/v2\/posts\/36678\/revisions\/36680"}],"wp:featuredmedia":[{"embeddable":true,"href":"https:\/\/lrm67.com\/index.php\/wp-json\/wp\/v2\/media\/36679"}],"wp:attachment":[{"href":"https:\/\/lrm67.com\/index.php\/wp-json\/wp\/v2\/media?parent=36678"}],"wp:term":[{"taxonomy":"category","embeddable":true,"href":"https:\/\/lrm67.com\/index.php\/wp-json\/wp\/v2\/categories?post=36678"},{"taxonomy":"post_tag","embeddable":true,"href":"https:\/\/lrm67.com\/index.php\/wp-json\/wp\/v2\/tags?post=36678"}],"curies":[{"name":"wp","href":"https:\/\/api.w.org\/{rel}","templated":true}]}}