{"id":36372,"date":"2025-08-07T13:01:18","date_gmt":"2025-08-07T16:01:18","guid":{"rendered":"https:\/\/lrm67.com\/?p=36372"},"modified":"2025-08-20T14:06:48","modified_gmt":"2025-08-20T17:06:48","slug":"ilhabela-intensifica-acoes-de-conscientizacao-e-acolhimento-no-agosto-lilas-mes-de-combate-a-violencia-contra-a-mulher","status":"publish","type":"post","link":"https:\/\/lrm67.com\/index.php\/2025\/08\/07\/ilhabela-intensifica-acoes-de-conscientizacao-e-acolhimento-no-agosto-lilas-mes-de-combate-a-violencia-contra-a-mulher\/","title":{"rendered":"Ilhabela intensifica a\u00e7\u00f5es de conscientiza\u00e7\u00e3o e acolhimento no Agosto Lil\u00e1s, m\u00eas de combate \u00e0 viol\u00eancia contra a mulher"},"content":{"rendered":"<p>A Prefeitura de Ilhabela promove, no m\u00eas de agosto, uma s\u00e9rie de a\u00e7\u00f5es integradas como parte da campanha \u201cAgosto Lil\u00e1s \u2013 Viol\u00eancia n\u00e3o tem desculpa! Tem lei!\u201d. Voltada \u00e0 preven\u00e7\u00e3o e combate \u00e0 viol\u00eancia contra a mulher, a iniciativa visa\u00a0<strong>conscientizar a popula\u00e7\u00e3o\u00a0<\/strong>sobre o problema,\u00a0<strong>fortalecer a rede de apoio<\/strong>\u00a0e acolhimento \u00e0s v\u00edtimas e\u00a0<strong>incentivar as den\u00fancias<\/strong>.<\/p>\n<p>A campanha ganha ainda mais relev\u00e2ncia diante dos dados registrados no munic\u00edpio. De acordo com informa\u00e7\u00f5es extra\u00eddas do sistema SINANet (Sistema de Informa\u00e7\u00e3o de Agravos de Notifica\u00e7\u00e3o), com base nas fichas compuls\u00f3rias preenchidas pelas unidades de sa\u00fade de Ilhabela entre 2020 e 2024, a\u00a0<strong>viol\u00eancia \u00e9 o terceiro agravo mais notificado na cidade<\/strong>, que soma 308 casos de viol\u00eancia interpessoal \u2013 cometida por terceiros.<\/p>\n<p>Os registros mostram um aumento expressivo nos casos de viol\u00eancia nos \u00faltimos anos, com destaque para o ano de 2024, que contabilizou 241 v\u00edtimas, o maior n\u00famero do per\u00edodo. A\u00a0<strong>maioria das v\u00edtimas s\u00e3o mulheres<\/strong>, em especial jovens e adultas com idades entre 19 e 39 anos. Entre meninas de 4 a 18 anos, a maior parte dos registros refere-se \u00e0 viol\u00eancia sexual.<\/p>\n<p>O\u00a0<strong>ambiente dom\u00e9stico<\/strong>\u00a0segue como o principal local das agress\u00f5es e, em grande parte dos casos, o agressor \u00e9 algu\u00e9m pr\u00f3ximo da v\u00edtima: companheiros (27%), ex-companheiros (15%), amigos (10%), namorado ou pai (6%), filho (5%) e padrasto (4%). Al\u00e9m disso, a an\u00e1lise revela que\u00a0<strong>42% das v\u00edtimas se autodeclaram negras ou pardas<\/strong>, o que aponta para desigualdades estruturais que atravessam o problema da viol\u00eancia de g\u00eanero. Dados complementares da Delegacia de Ilhabela, relativos a 2024, mostram que a viol\u00eancia psicol\u00f3gica foi a mais registrada (48%), seguida pela viol\u00eancia f\u00edsica (22%) e sexual (13%). A maior parte das ocorr\u00eancias registradas concentra-se na regi\u00e3o central do munic\u00edpio (80%).<\/p>\n<p>Diante dessa realidade, a Prefeitura de Ilhabela, <u>por meio das Secretarias de Desenvolvimento e Inclus\u00e3o Social e da Sa\u00fade, <\/u>tem intensificado o trabalho da rede de apoio \u00e0 mulher. A cidade conta com\u00a0<strong>atendimento e encaminhamento pelas unidades da rede p\u00fablica<\/strong>, como a Delegacia, o Centro de Refer\u00eancia Especializado de Assist\u00eancia Social (CREAS), as Unidades B\u00e1sicas de Sa\u00fade (UBSs) e o Centro de Refer\u00eancia de Assist\u00eancia Social (CRAS).<\/p>\n<p>No calend\u00e1rio municipal da campanha, est\u00e3o previstas diversas a\u00e7\u00f5es de escuta,\u00a0<strong>orienta\u00e7\u00e3o e di\u00e1logo<\/strong>\u00a0como rodas de conversa no CRAS e nas comunidades tradicionais de Castelhanos e Bonete, al\u00e9m de atividades interativas nas salas de espera das unidades de sa\u00fade. <u>Tamb\u00e9m ser\u00e3o feitos trabalhos de conscientiza\u00e7\u00e3o e sensibiliza\u00e7\u00e3o atrav\u00e9s de cartazes e materiais gr\u00e1ficos no Pa\u00e7o Municipal, Hospital M\u00e1rio Covas Junior, com\u00e9rcio local, transporte p\u00fablico e pontos de \u00f4nibus de grande circula\u00e7\u00e3o.<\/u><\/p>\n<p>Para mais informa\u00e7\u00f5es ou den\u00fancias, est\u00e3o dispon\u00edveis os seguintes canais de comunica\u00e7\u00e3o: Central de Atendimento \u00e0 Mulher<strong>\u00a0(Disque 180)<\/strong>, Delegacia de Pol\u00edcia de Ilhabela <u>CRAS e CREAS,<\/u> al\u00e9m das pr\u00f3prias unidades de sa\u00fade municipais.<\/p>\n<p><strong>Confira a programa\u00e7\u00e3o da Secretaria de Desenvolvimento e Inclus\u00e3o Social:<\/strong><\/p>\n<ul>\n<li>Segunda a sexta-feira: Grupo de sala de espera no CRAS, nos per\u00edodos da manh\u00e3 e tarde<\/li>\n<li>12 de agosto: Roda de conversa na comunidade de Castelhanos (nos per\u00edodos da manh\u00e3 e tarde)<\/li>\n<li>20 de agosto: Roda de conversa no CRAS (no per\u00edodo da manh\u00e3)<\/li>\n<li>21 de agosto: Roda de conversa na comunidade do Bonete (nos per\u00edodos da manh\u00e3 e tarde)<\/li>\n<\/ul>\n","protected":false},"excerpt":{"rendered":"<p>A Prefeitura de Ilhabela promove, no m\u00eas de agosto, uma s\u00e9rie de a\u00e7\u00f5es integradas como parte da campanha \u201cAgosto Lil\u00e1s \u2013 Viol\u00eancia n\u00e3o tem desculpa! Tem lei!\u201d. Voltada \u00e0 preven\u00e7\u00e3o e combate \u00e0 viol\u00eancia contra a mulher, a iniciativa visa\u00a0conscientizar a popula\u00e7\u00e3o\u00a0sobre o problema,\u00a0fortalecer a rede de apoio\u00a0e acolhimento \u00e0s v\u00edtimas e\u00a0incentivar as den\u00fancias. A [&hellip;]<\/p>\n","protected":false},"author":26,"featured_media":36374,"comment_status":"open","ping_status":"open","sticky":false,"template":"","format":"standard","meta":{"footnotes":""},"categories":[2,3],"tags":[],"class_list":["post-36372","post","type-post","status-publish","format-standard","has-post-thumbnail","hentry","category-geral","category-ilhabela"],"aioseo_notices":[],"_links":{"self":[{"href":"https:\/\/lrm67.com\/index.php\/wp-json\/wp\/v2\/posts\/36372","targetHints":{"allow":["GET"]}}],"collection":[{"href":"https:\/\/lrm67.com\/index.php\/wp-json\/wp\/v2\/posts"}],"about":[{"href":"https:\/\/lrm67.com\/index.php\/wp-json\/wp\/v2\/types\/post"}],"author":[{"embeddable":true,"href":"https:\/\/lrm67.com\/index.php\/wp-json\/wp\/v2\/users\/26"}],"replies":[{"embeddable":true,"href":"https:\/\/lrm67.com\/index.php\/wp-json\/wp\/v2\/comments?post=36372"}],"version-history":[{"count":2,"href":"https:\/\/lrm67.com\/index.php\/wp-json\/wp\/v2\/posts\/36372\/revisions"}],"predecessor-version":[{"id":36402,"href":"https:\/\/lrm67.com\/index.php\/wp-json\/wp\/v2\/posts\/36372\/revisions\/36402"}],"wp:featuredmedia":[{"embeddable":true,"href":"https:\/\/lrm67.com\/index.php\/wp-json\/wp\/v2\/media\/36374"}],"wp:attachment":[{"href":"https:\/\/lrm67.com\/index.php\/wp-json\/wp\/v2\/media?parent=36372"}],"wp:term":[{"taxonomy":"category","embeddable":true,"href":"https:\/\/lrm67.com\/index.php\/wp-json\/wp\/v2\/categories?post=36372"},{"taxonomy":"post_tag","embeddable":true,"href":"https:\/\/lrm67.com\/index.php\/wp-json\/wp\/v2\/tags?post=36372"}],"curies":[{"name":"wp","href":"https:\/\/api.w.org\/{rel}","templated":true}]}}