{"id":35126,"date":"2025-06-08T13:22:17","date_gmt":"2025-06-08T16:22:17","guid":{"rendered":"https:\/\/lrm67.com\/?p=35126"},"modified":"2025-07-03T09:48:50","modified_gmt":"2025-07-03T12:48:50","slug":"prefeitura-de-sao-sebastiao-certifica-profissionais-do-turismo-nautico-para-observacao-responsavel-de-baleias-jubarte","status":"publish","type":"post","link":"https:\/\/lrm67.com\/index.php\/2025\/06\/08\/prefeitura-de-sao-sebastiao-certifica-profissionais-do-turismo-nautico-para-observacao-responsavel-de-baleias-jubarte\/","title":{"rendered":"Prefeitura de S\u00e3o Sebasti\u00e3o certifica profissionais do turismo n\u00e1utico para observa\u00e7\u00e3o respons\u00e1vel de baleias-jubarte"},"content":{"rendered":"<p>Na \u00faltima quarta-feira (4\/6), a Prefeitura de S\u00e3o Sebasti\u00e3o, por meio da Secretaria de Turismo (Setur) e a Marinha do Brasil, em parceria com o Projeto Baleia Jubarte e o Projeto Baleia \u00e0 Vista, realizaram a Oficina de Boas Pr\u00e1ticas para Observa\u00e7\u00e3o de Baleias Jubarte e Outros Cet\u00e1ceos.<\/p>\n<p>A atividade ocorreu gratuitamente no espa\u00e7o Parador Maresias, reunindo cerca de 150 pessoas representantes de ag\u00eancias, operadores de turismo e marinas que atuam no segmento n\u00e1utico da regi\u00e3o, com o objetivo de capacitar esses profissionais para que promovam esse produto tur\u00edstico de forma respons\u00e1vel.<\/p>\n<p>Durante a oficina, foram abordados temas fundamentais para a preserva\u00e7\u00e3o e o turismo respons\u00e1vel com cet\u00e1ceos, como procedimentos adequados durante os avistamentos,\u00a0instru\u00e7\u00f5es sobre como agir ao avistar uma baleia\u00a0e as normas de avistagem previstas na Lei Federal n\u00ba 7.643\/1987 e nas Portarias do Ibama n\u00ba 117\/1996 e n\u00ba 24\/2002.<\/p>\n<p>&#8220;Para n\u00f3s, que trabalhamos no mar com turismo, foi muito importante essa oficina. Passa mais seguran\u00e7a pra gente, d\u00e1 mais confian\u00e7a no que estamos fazendo. Quero parabenizar a prefeitura pela iniciativa, o turismo local s\u00f3 tem a ganhar com a\u00e7\u00f5es como essa. Agora sabemos como agir corretamente ao avistar baleias, e estamos dispostos a colaborar sempre com a prote\u00e7\u00e3o desses animais, com responsabilidade e respeito.&#8221;, afirmou o Presidente da Associa\u00e7\u00e3o dos Pescadores de Boi\u00e7ucanga, Ademil Fl\u00e1vio de Matos.<\/p>\n<p>&#8220;Tivemos um grande p\u00fablico presente no evento, que contou com apresenta\u00e7\u00f5es importantes sobre as baleias-jubarte em geral e, em especial, sobre as que nos visitam. Sem d\u00favida, todos os participantes sa\u00edram desta oficina com informa\u00e7\u00f5es valiosas sobre esses animais, sobre as regras e a forma adequada de avist\u00e1-las. \u00c9 importante que a evolu\u00e7\u00e3o dessa atividade aconte\u00e7a de maneira consciente, com todos conhecendo e praticando as boas condutas, para que esse importante segmento do turismo se desenvolva de forma positiva e sustent\u00e1vel.&#8221;, ressaltou J\u00falio Cardoso,\u00a0do Projeto Baleia \u00e0 Vista.<\/p>\n<p>O secret\u00e1rio de turismo, Leandro Pereira, esteve presente no evento, e ressaltou a import\u00e2ncia da participa\u00e7\u00e3o de todos. \u201cCapacitar os profissionais do turismo n\u00e1utico \u00e9 essencial para garantir que a observa\u00e7\u00e3o de cet\u00e1ceos aconte\u00e7a de maneira segura, educativa e sustent\u00e1vel. Al\u00e9m de fortalecer nosso destino como refer\u00eancia na observa\u00e7\u00e3o de baleias, contribu\u00edmos diretamente para a conserva\u00e7\u00e3o dessas esp\u00e9cies e para a gera\u00e7\u00e3o de renda consciente na nossa regi\u00e3o\u201d, destacou.<\/p>\n<p>A partir da pr\u00f3xima semana, todos os participantes receber\u00e3o certificados digitais. Os participantes que possuem embarca\u00e7\u00f5es credenciadas para transporte de passageiros ser\u00e3o informados sobre a retirada do Selo do Programa Avistamento Respons\u00e1vel, que estar\u00e1 dispon\u00edvel na sede da Setur a partir do mesmo per\u00edodo.<\/p>\n<p>Desenvolvido pela pr\u00f3pria Setur, o selo \u00e9 um reconhecimento oficial destinado aos profissionais do turismo de avistamento que participaram da oficina, destacando seu compromisso com pr\u00e1ticas respons\u00e1veis e sustent\u00e1veis.<\/p>\n<p><strong>Temporada de passagem das jubartes<\/strong><\/p>\n<p>A temporada de passagem das jubartes pelo canal de S\u00e3o Sebasti\u00e3o acontece de maio a agosto. Todos os anos, esses animais migram para a costa brasileira em busca de \u00e1guas mais quentes e rasas, ideais para o acasalamento e o nascimento dos filhotes.<\/p>\n<p>Desde o in\u00edcio da temporada de 2025, j\u00e1 foram registradas 159 baleias. Para compara\u00e7\u00e3o, at\u00e9 o dia 4 de junho de 2024, haviam sido avistadas apenas 63 jubartes \u2014 o que indica que a temporada deste ano come\u00e7ou com mais for\u00e7a, de acordo com dados do Projeto Baleia \u00e0 Vista. Somente nos primeiros dias de junho, s\u00e3o avistadas entre 14 e 16 baleias por dia.<\/p>\n","protected":false},"excerpt":{"rendered":"<p>Na \u00faltima quarta-feira (4\/6), a Prefeitura de S\u00e3o Sebasti\u00e3o, por meio da Secretaria de Turismo (Setur) e a Marinha do Brasil, em parceria com o Projeto Baleia Jubarte e o Projeto Baleia \u00e0 Vista, realizaram a Oficina de Boas Pr\u00e1ticas para Observa\u00e7\u00e3o de Baleias Jubarte e Outros Cet\u00e1ceos. A atividade ocorreu gratuitamente no espa\u00e7o Parador [&hellip;]<\/p>\n","protected":false},"author":28,"featured_media":35127,"comment_status":"open","ping_status":"open","sticky":false,"template":"","format":"standard","meta":{"footnotes":""},"categories":[2,13],"tags":[],"class_list":["post-35126","post","type-post","status-publish","format-standard","has-post-thumbnail","hentry","category-geral","category-sao-sebastiao"],"aioseo_notices":[],"_links":{"self":[{"href":"https:\/\/lrm67.com\/index.php\/wp-json\/wp\/v2\/posts\/35126","targetHints":{"allow":["GET"]}}],"collection":[{"href":"https:\/\/lrm67.com\/index.php\/wp-json\/wp\/v2\/posts"}],"about":[{"href":"https:\/\/lrm67.com\/index.php\/wp-json\/wp\/v2\/types\/post"}],"author":[{"embeddable":true,"href":"https:\/\/lrm67.com\/index.php\/wp-json\/wp\/v2\/users\/28"}],"replies":[{"embeddable":true,"href":"https:\/\/lrm67.com\/index.php\/wp-json\/wp\/v2\/comments?post=35126"}],"version-history":[{"count":1,"href":"https:\/\/lrm67.com\/index.php\/wp-json\/wp\/v2\/posts\/35126\/revisions"}],"predecessor-version":[{"id":35128,"href":"https:\/\/lrm67.com\/index.php\/wp-json\/wp\/v2\/posts\/35126\/revisions\/35128"}],"wp:featuredmedia":[{"embeddable":true,"href":"https:\/\/lrm67.com\/index.php\/wp-json\/wp\/v2\/media\/35127"}],"wp:attachment":[{"href":"https:\/\/lrm67.com\/index.php\/wp-json\/wp\/v2\/media?parent=35126"}],"wp:term":[{"taxonomy":"category","embeddable":true,"href":"https:\/\/lrm67.com\/index.php\/wp-json\/wp\/v2\/categories?post=35126"},{"taxonomy":"post_tag","embeddable":true,"href":"https:\/\/lrm67.com\/index.php\/wp-json\/wp\/v2\/tags?post=35126"}],"curies":[{"name":"wp","href":"https:\/\/api.w.org\/{rel}","templated":true}]}}