{"id":34776,"date":"2025-06-21T11:57:04","date_gmt":"2025-06-21T14:57:04","guid":{"rendered":"https:\/\/lrm67.com\/?p=34776"},"modified":"2025-06-21T11:57:04","modified_gmt":"2025-06-21T14:57:04","slug":"comunidade-da-praia-do-bonete-mantem-viva-tradicao-de-190-anos-na-festa-de-santa-veronica","status":"publish","type":"post","link":"https:\/\/lrm67.com\/index.php\/2025\/06\/21\/comunidade-da-praia-do-bonete-mantem-viva-tradicao-de-190-anos-na-festa-de-santa-veronica\/","title":{"rendered":"Comunidade da Praia do Bonete mant\u00e9m viva tradi\u00e7\u00e3o de 190 anos na Festa de Santa Ver\u00f4nica"},"content":{"rendered":"<p>A comunidade tradicional da Praia do Bonete, em Ilhabela, presta homenagem a Santa Ver\u00f4nica entre os dias 1\u00ba e 9 de julho. Com aproximadamente 190 anos de hist\u00f3ria, a festa \u00e9 uma das manifesta\u00e7\u00f5es culturais e religiosas mais antigas do arquip\u00e9lago. A programa\u00e7\u00e3o conta com o apoio da Prefeitura de Ilhabela.<\/p>\n<p>As atividades come\u00e7am no dia 1\u00ba de julho, a partir das 16h, com o levantamento do mastro, entrega da consertada e queima de fogos. A novena ser\u00e1 realizada diariamente, \u00e0s 18h nos dias 1, 2, 3, 6, 7, 8 e 9, e \u00e0s 19h nos dias 4 e 5.<\/p>\n<p>No dia 4, a quadra do Bonete recebe o p\u00fablico a partir das 17h, com quermesse, sorteios e show de Nico e Banda. J\u00e1 no dia 5, data dedicada \u00e0 padroeira, a programa\u00e7\u00e3o religiosa come\u00e7a \u00e0s 11h30 com a missa na Capela Santa Ver\u00f4nica, presidida pelo padre Marcelo. Ap\u00f3s a novena da noite, o tradicional leil\u00e3o em frente \u00e0 igreja e uma nova queima de fogos marcam o encerramento das atividades religiosas.<\/p>\n<p>Ainda no dia 5, a partir das 17h, a Banda Mandacaru se apresenta na quadra, com quermesse e sorteios para toda a comunidade.<\/p>\n<p>A Festa de Santa Ver\u00f4nica reafirma o valor da f\u00e9 e da cultura cai\u00e7ara, fortalecendo os v\u00ednculos entre as gera\u00e7\u00f5es e preservando uma das tradi\u00e7\u00f5es mais enraizadas da hist\u00f3ria de Ilhabela.<\/p>\n<p>Programe-se!<br \/>\n<strong>1 de julho (ter\u00e7a-feira) \u2013 A partir das 16h<\/strong><br \/>\nLevantamento do Mastro, Queima de fogos e entrega da Consertada<\/p>\n<p><strong>De 1 a 9 de julho \u2013 Novena<\/strong><br \/>\nDias 1, 2, 3, 6, 7, 8 e 9: \u00e0s 18h<br \/>\nDias 4 e 5: \u00e0s 19h<\/p>\n<p><strong>04 de julho (sexta-feira)<\/strong><br \/>\nLocal: Quadra do Bonete<br \/>\nA partir das 17h &#8211; Quermesse e sorteios<br \/>\nShow com Nico e Banda<\/p>\n<p><strong>05 de julho (s\u00e1bado)<\/strong><br \/>\n11h30 &#8211; Santa Missa celebrada pelo Padre Marcelo na Igreja<br \/>\nAp\u00f3s a novena, tradicional leil\u00e3o na porta da igreja e queima de fogos<br \/>\nLocal: Capela Santa Ver\u00f4nica<\/p>\n<p><strong>A partir das 17h &#8211; Quermesse e sorteios<\/strong><br \/>\nShow com Banda Mandacaru<br \/>\nLocal: Quadra do Bonete<\/p>\n<p>&nbsp;<\/p>\n<p><strong>\u00a0<\/strong><\/p>\n","protected":false},"excerpt":{"rendered":"<p>A comunidade tradicional da Praia do Bonete, em Ilhabela, presta homenagem a Santa Ver\u00f4nica entre os dias 1\u00ba e 9 de julho. Com aproximadamente 190 anos de hist\u00f3ria, a festa \u00e9 uma das manifesta\u00e7\u00f5es culturais e religiosas mais antigas do arquip\u00e9lago. A programa\u00e7\u00e3o conta com o apoio da Prefeitura de Ilhabela. As atividades come\u00e7am no [&hellip;]<\/p>\n","protected":false},"author":26,"featured_media":34777,"comment_status":"open","ping_status":"open","sticky":false,"template":"","format":"standard","meta":{"footnotes":""},"categories":[30,12,3],"tags":[],"class_list":["post-34776","post","type-post","status-publish","format-standard","has-post-thumbnail","hentry","category-cultura","category-eventos","category-ilhabela"],"aioseo_notices":[],"_links":{"self":[{"href":"https:\/\/lrm67.com\/index.php\/wp-json\/wp\/v2\/posts\/34776","targetHints":{"allow":["GET"]}}],"collection":[{"href":"https:\/\/lrm67.com\/index.php\/wp-json\/wp\/v2\/posts"}],"about":[{"href":"https:\/\/lrm67.com\/index.php\/wp-json\/wp\/v2\/types\/post"}],"author":[{"embeddable":true,"href":"https:\/\/lrm67.com\/index.php\/wp-json\/wp\/v2\/users\/26"}],"replies":[{"embeddable":true,"href":"https:\/\/lrm67.com\/index.php\/wp-json\/wp\/v2\/comments?post=34776"}],"version-history":[{"count":1,"href":"https:\/\/lrm67.com\/index.php\/wp-json\/wp\/v2\/posts\/34776\/revisions"}],"predecessor-version":[{"id":34778,"href":"https:\/\/lrm67.com\/index.php\/wp-json\/wp\/v2\/posts\/34776\/revisions\/34778"}],"wp:featuredmedia":[{"embeddable":true,"href":"https:\/\/lrm67.com\/index.php\/wp-json\/wp\/v2\/media\/34777"}],"wp:attachment":[{"href":"https:\/\/lrm67.com\/index.php\/wp-json\/wp\/v2\/media?parent=34776"}],"wp:term":[{"taxonomy":"category","embeddable":true,"href":"https:\/\/lrm67.com\/index.php\/wp-json\/wp\/v2\/categories?post=34776"},{"taxonomy":"post_tag","embeddable":true,"href":"https:\/\/lrm67.com\/index.php\/wp-json\/wp\/v2\/tags?post=34776"}],"curies":[{"name":"wp","href":"https:\/\/api.w.org\/{rel}","templated":true}]}}