{"id":34751,"date":"2025-06-20T09:39:46","date_gmt":"2025-06-20T12:39:46","guid":{"rendered":"https:\/\/lrm67.com\/?p=34751"},"modified":"2025-06-20T09:39:46","modified_gmt":"2025-06-20T12:39:46","slug":"ilhabela-homenageia-culturas-nordestina-e-caicara-na-grande-festa-junina-do-projeto-1-pe-na-areia-2-no-forro","status":"publish","type":"post","link":"https:\/\/lrm67.com\/index.php\/2025\/06\/20\/ilhabela-homenageia-culturas-nordestina-e-caicara-na-grande-festa-junina-do-projeto-1-pe-na-areia-2-no-forro\/","title":{"rendered":"Ilhabela homenageia culturas nordestina e cai\u00e7ara na Grande Festa Junina do projeto \u201c1 P\u00e9 na Areia, 2 no Forr\u00f3\u201d"},"content":{"rendered":"<p>Neste s\u00e1bado (21), a partir das 11h, a quadra do Centro Cultural Waldemar Belis\u00e1rio, na Vila, ser\u00e1 palco da Grande Festa Junina. Integrado ao projeto \u201c1 P\u00e9 na Areia, 2 no Forr\u00f3\u201d, o evento comemora a migra\u00e7\u00e3o nordestina e sua contribui\u00e7\u00e3o para a cultura cai\u00e7ara de Ilhabela, ao reunir gastronomia, dan\u00e7a, m\u00fasica, oficinas e tradi\u00e7\u00f5es populares e promover um verdadeiro encontro de identidades e saberes.<\/p>\n<p>A programa\u00e7\u00e3o \u00e9 ampla e gratuita, voltada para todas as idades, com atividades como palestras, oficinas de dan\u00e7a, exposi\u00e7\u00e3o de xilogravura, brincadeiras t\u00edpicas juninas, apresenta\u00e7\u00f5es culturais e shows ao vivo, al\u00e9m de um torneio de forr\u00f3 que promete agitar o p\u00fablico.<\/p>\n<p>A proposta do evento \u00e9 enaltecer a riqueza dessa mistura cultural e promover pr\u00e1ticas de cidadania por meio da arte e da valoriza\u00e7\u00e3o das ra\u00edzes populares.<\/p>\n<p>Entre os destaques da festa est\u00e3o a degusta\u00e7\u00e3o gratuita de um prato t\u00edpico com influ\u00eancia das duas culturas: o bai\u00e3o de dois com peixe, a tradicional quadrilha cai\u00e7ara, al\u00e9m de apresenta\u00e7\u00f5es com trios de forr\u00f3 e dan\u00e7as como o Pau de Fita.<\/p>\n<p>O projeto \u201c1 P\u00e9 na Areia, 2 no Forr\u00f3\u201d foi o primeiro colocado no Edital PEC Cultural, promovido pela Prefeitura de Ilhabela, por meio da Secretaria Municipal de Cultura, e percorre cinco comunidades tradicionais de Ilhabela, culminando nesta grande festa que integra o calend\u00e1rio cultural da cidade.<\/p>\n<h2><strong>Confira a programa\u00e7\u00e3o completa:<\/strong><\/h2>\n<p>11h \u2013 Exibi\u00e7\u00e3o de filme no Cine Villa Bella &amp; Club: Gonzaga \u2013 De Pai para Filho<\/p>\n<p>13h \u2013 Palestra: Xenofobia e Racismo, com Fabi Cortes<\/p>\n<p>13h45 \u2013 Exposi\u00e7\u00e3o de Xilogravuras: Impress\u00f5es e Express\u00f5es<\/p>\n<p>14h30 \u2013 Oficina de Dan\u00e7a de Forr\u00f3, com Danillo Bento<\/p>\n<p>15h30 \u2013 Abertura oficial e apresenta\u00e7\u00e3o da Equipe do Projeto 1 P\u00e9 na Areia 2 no Forr\u00f3<\/p>\n<p>16h45 \u2013 Show Trio Luar<\/p>\n<p>17h \u2013 Dan\u00e7a Cai\u00e7ara: Pau de Fita<\/p>\n<p>19h30 \u2013 Show Trio Praiano<\/p>\n<p>20h30 \u2013 Quadrilha Cai\u00e7ara<\/p>\n<p>21h \u2013 Etapa Final do Torneio de Forr\u00f3<\/p>\n<p>21h45 \u2013 Show Forr\u00f3 Cururu\u00e1<\/p>\n<p>22h30 \u2013 Premia\u00e7\u00e3o do Torneio<\/p>\n<p>22h45 \u2013 Encerramento<\/p>\n","protected":false},"excerpt":{"rendered":"<p>Neste s\u00e1bado (21), a partir das 11h, a quadra do Centro Cultural Waldemar Belis\u00e1rio, na Vila, ser\u00e1 palco da Grande Festa Junina. Integrado ao projeto \u201c1 P\u00e9 na Areia, 2 no Forr\u00f3\u201d, o evento comemora a migra\u00e7\u00e3o nordestina e sua contribui\u00e7\u00e3o para a cultura cai\u00e7ara de Ilhabela, ao reunir gastronomia, dan\u00e7a, m\u00fasica, oficinas e tradi\u00e7\u00f5es [&hellip;]<\/p>\n","protected":false},"author":26,"featured_media":34752,"comment_status":"open","ping_status":"open","sticky":false,"template":"","format":"standard","meta":{"footnotes":""},"categories":[12,3],"tags":[],"class_list":["post-34751","post","type-post","status-publish","format-standard","has-post-thumbnail","hentry","category-eventos","category-ilhabela"],"aioseo_notices":[],"_links":{"self":[{"href":"https:\/\/lrm67.com\/index.php\/wp-json\/wp\/v2\/posts\/34751","targetHints":{"allow":["GET"]}}],"collection":[{"href":"https:\/\/lrm67.com\/index.php\/wp-json\/wp\/v2\/posts"}],"about":[{"href":"https:\/\/lrm67.com\/index.php\/wp-json\/wp\/v2\/types\/post"}],"author":[{"embeddable":true,"href":"https:\/\/lrm67.com\/index.php\/wp-json\/wp\/v2\/users\/26"}],"replies":[{"embeddable":true,"href":"https:\/\/lrm67.com\/index.php\/wp-json\/wp\/v2\/comments?post=34751"}],"version-history":[{"count":1,"href":"https:\/\/lrm67.com\/index.php\/wp-json\/wp\/v2\/posts\/34751\/revisions"}],"predecessor-version":[{"id":34753,"href":"https:\/\/lrm67.com\/index.php\/wp-json\/wp\/v2\/posts\/34751\/revisions\/34753"}],"wp:featuredmedia":[{"embeddable":true,"href":"https:\/\/lrm67.com\/index.php\/wp-json\/wp\/v2\/media\/34752"}],"wp:attachment":[{"href":"https:\/\/lrm67.com\/index.php\/wp-json\/wp\/v2\/media?parent=34751"}],"wp:term":[{"taxonomy":"category","embeddable":true,"href":"https:\/\/lrm67.com\/index.php\/wp-json\/wp\/v2\/categories?post=34751"},{"taxonomy":"post_tag","embeddable":true,"href":"https:\/\/lrm67.com\/index.php\/wp-json\/wp\/v2\/tags?post=34751"}],"curies":[{"name":"wp","href":"https:\/\/api.w.org\/{rel}","templated":true}]}}