{"id":33968,"date":"2025-05-28T09:42:44","date_gmt":"2025-05-28T12:42:44","guid":{"rendered":"https:\/\/lrm67.com\/?p=33968"},"modified":"2025-05-28T09:42:44","modified_gmt":"2025-05-28T12:42:44","slug":"homem-foge-da-prf-na-dutra-e-morre-em-troca-de-tiros-com-a-pm","status":"publish","type":"post","link":"https:\/\/lrm67.com\/index.php\/2025\/05\/28\/homem-foge-da-prf-na-dutra-e-morre-em-troca-de-tiros-com-a-pm\/","title":{"rendered":"Homem foge da PRF na Dutra e morre em troca de tiros com a PM"},"content":{"rendered":"<p>Um homem de 35 anos morreu ap\u00f3s desobedecer uma ordem de parada da PRF (Pol\u00edcia Rodovi\u00e1ria Federal) na rodovia Presidente Dutra, no Vale do Para\u00edba, ser perseguido e trocar tiros com a Pol\u00edcia Militar, quando foi baleado.<\/p>\n<p>O caso aconteceu na ter\u00e7a-feira (27) durante comando da PRF no ped\u00e1gio de Jacare\u00ed, no km 165 da Via Dutra, por volta das 19h30.<\/p>\n<p>Equipe do Grupo de Patrulhamento T\u00e1tico da 2\u00aa Delegacia da Pol\u00edcia Rodovi\u00e1ria Federal de S\u00e3o Jos\u00e9 dos Campos deu ordem de parada para o motorista do ve\u00edculo Renault\/Logam, que n\u00e3o obedeceu e empreendeu fuga em alta velocidade.<\/p>\n<p>Foi ent\u00e3o iniciado acompanhamento t\u00e1tico, que perdurou por aproximadamente sete quil\u00f4metros, at\u00e9 que o ve\u00edculo entrou na \u00e1rea urbana no bairro Jardim Em\u00edlia, em Jacare\u00ed, na altura do quil\u00f4metro 162 da Dutra.<\/p>\n<p>Durante a fuga, segundo a PRF, o condutor realizou v\u00e1rias ultrapassagens indevidas pelo acostamento, al\u00e9m de manobras bruscas e perigosas, expondo a risco n\u00e3o apenas a equipe policial, mas tamb\u00e9m os demais usu\u00e1rios da rodovia, \u201ccomprometendo gravemente a seguran\u00e7a vi\u00e1ria e a integridade das pessoas que transitavam pelo local\u201d, disse a PRF.<\/p>\n<p>Diante da situa\u00e7\u00e3o, a equipe pediu apoio da Pol\u00edcia Militar, que enviou viaturas em refor\u00e7o \u00e0 ocorr\u00eancia.<\/p>\n<p>Na sequ\u00eancia da fuga, o condutor acessou uma estrada de terra, levantando intensa poeira e dificultando a visibilidade da equipe. Em determinado momento, o ve\u00edculo foi abandonado ao final da via, por n\u00e3o haver mais sa\u00edda, e o indiv\u00edduo passou a fugir a p\u00e9.<\/p>\n<p>A equipe desembarcou e iniciou dilig\u00eancias a p\u00e9, sendo necess\u00e1rio adentrar as depend\u00eancias de uma empresa situada nas proximidades. Com o apoio de diversas viaturas da Pol\u00edcia Militar, foram realizadas buscas no interior e ao redor do im\u00f3vel.<\/p>\n<p>Durante as buscas, policiais militares que faziam a incurs\u00e3o nos fundos do galp\u00e3o da empresa se depararam com o suspeito, ocasi\u00e3o em que houve troca de tiros. O indiv\u00edduo foi alvejado e, de imediato, foi acionado o resgate do Corpo de Bombeiros, sendo o ferido socorrido por uma viatura de resgate ao hospital da regi\u00e3o.<\/p>\n<p>Ap\u00f3s a conten\u00e7\u00e3o da ocorr\u00eancia, foi realizada a inspe\u00e7\u00e3o do ve\u00edculo abandonado pelo suspeito, sendo localizados em seu interior 283 tabletes, pesando 213 quilos de subst\u00e2ncia entorpecente an\u00e1loga \u00e0 maconha, distribu\u00eddos em v\u00e1rios fardos.<\/p>\n<p>Diante dos fatos, a equipe entrou em contato com a Pol\u00edcia Civil, sendo determinada pelo delegado de plant\u00e3o a apresenta\u00e7\u00e3o do ve\u00edculo e do entorpecente na CPJ (Central de Pol\u00edcia Judici\u00e1ria) de Jacare\u00ed.<\/p>\n<p>Durante apresenta\u00e7\u00e3o da ocorr\u00eancia, a equipe m\u00e9dica informou \u00e0 pol\u00edcia de que o fugitivo, de 35 anos, n\u00e3o resistiu e veio a \u00f3bito. Ele foi identificado como Francisco F\u00e1bio Costa de Ara\u00fajo.<\/p>\n<p>O caso foi registrado como homic\u00eddio decorrente de oposi\u00e7\u00e3o \u00e0 interven\u00e7\u00e3o policial e tentativa de homic\u00eddio contra autoridade policial. O ve\u00edculo do suspeito e as armas dos policiais foram apreendidos.<\/p>\n<pre>Com O Vale<\/pre>\n","protected":false},"excerpt":{"rendered":"<p>Um homem de 35 anos morreu ap\u00f3s desobedecer uma ordem de parada da PRF (Pol\u00edcia Rodovi\u00e1ria Federal) na rodovia Presidente Dutra, no Vale do Para\u00edba, ser perseguido e trocar tiros com a Pol\u00edcia Militar, quando foi baleado. O caso aconteceu na ter\u00e7a-feira (27) durante comando da PRF no ped\u00e1gio de Jacare\u00ed, no km 165 da [&hellip;]<\/p>\n","protected":false},"author":26,"featured_media":33969,"comment_status":"open","ping_status":"open","sticky":false,"template":"","format":"standard","meta":{"footnotes":""},"categories":[89],"tags":[],"class_list":["post-33968","post","type-post","status-publish","format-standard","has-post-thumbnail","hentry","category-vale-do-paraiba"],"aioseo_notices":[],"_links":{"self":[{"href":"https:\/\/lrm67.com\/index.php\/wp-json\/wp\/v2\/posts\/33968","targetHints":{"allow":["GET"]}}],"collection":[{"href":"https:\/\/lrm67.com\/index.php\/wp-json\/wp\/v2\/posts"}],"about":[{"href":"https:\/\/lrm67.com\/index.php\/wp-json\/wp\/v2\/types\/post"}],"author":[{"embeddable":true,"href":"https:\/\/lrm67.com\/index.php\/wp-json\/wp\/v2\/users\/26"}],"replies":[{"embeddable":true,"href":"https:\/\/lrm67.com\/index.php\/wp-json\/wp\/v2\/comments?post=33968"}],"version-history":[{"count":1,"href":"https:\/\/lrm67.com\/index.php\/wp-json\/wp\/v2\/posts\/33968\/revisions"}],"predecessor-version":[{"id":33970,"href":"https:\/\/lrm67.com\/index.php\/wp-json\/wp\/v2\/posts\/33968\/revisions\/33970"}],"wp:featuredmedia":[{"embeddable":true,"href":"https:\/\/lrm67.com\/index.php\/wp-json\/wp\/v2\/media\/33969"}],"wp:attachment":[{"href":"https:\/\/lrm67.com\/index.php\/wp-json\/wp\/v2\/media?parent=33968"}],"wp:term":[{"taxonomy":"category","embeddable":true,"href":"https:\/\/lrm67.com\/index.php\/wp-json\/wp\/v2\/categories?post=33968"},{"taxonomy":"post_tag","embeddable":true,"href":"https:\/\/lrm67.com\/index.php\/wp-json\/wp\/v2\/tags?post=33968"}],"curies":[{"name":"wp","href":"https:\/\/api.w.org\/{rel}","templated":true}]}}