{"id":33871,"date":"2025-05-26T09:38:11","date_gmt":"2025-05-26T12:38:11","guid":{"rendered":"https:\/\/lrm67.com\/?p=33871"},"modified":"2025-05-26T12:41:32","modified_gmt":"2025-05-26T15:41:32","slug":"servidores-municipais-de-jacarei-entram-em-greve-nesta-segunda","status":"publish","type":"post","link":"https:\/\/lrm67.com\/index.php\/2025\/05\/26\/servidores-municipais-de-jacarei-entram-em-greve-nesta-segunda\/","title":{"rendered":"Servidores municipais de Jacare\u00ed entram em greve nesta segunda"},"content":{"rendered":"<p>Ap\u00f3s aprova\u00e7\u00e3o em assembleia, servidores municipais de Jacare\u00ed entram em greve a partir desta segunda-feira (26). A informa\u00e7\u00e3o foi divulgada pelo Sindicato dos Trabalhadores P\u00fablicos Municipais de Jacare\u00ed.<\/p>\n<p>\u201cO motivo \u00e9 a intransig\u00eancia do Prefeito Celso Flor\u00eancio que empurrou goela abaixo da categoria o fim da Campanha Salarial, com a ajuda de sua ampla base de apoio parlamentar\u201d, informou o sindicato.<\/p>\n<p>Segundo a entidade, o prefeito de Jacare\u00ed encaminhou proposta de reajuste para a C\u00e2mara \u201csem negocia\u00e7\u00e3o, sem conversa e sem ouvir os servidores\u201d. A proposta foi rejeitada pela categoria, por unanimidade, mas foi aprovada pela maioria dos vereadores.<\/p>\n<p>\u201cUma postura truculenta e inaceit\u00e1vel, na primeira Campanha Salarial de seu mandato e contrariando o compromisso assumido em sua campanha eleitoral, de valoriza\u00e7\u00e3o dos servidores\u201d, disse o sindicato.<\/p>\n<p>A concentra\u00e7\u00e3o dos grevistas foi marcada para o P\u00e1tio dos Trilhos, a partir das 7h. Os manifestantes ir\u00e3o em passeata at\u00e9 a Prefeitura de Jacare\u00ed, onde entregar\u00e3o um documento ao prefeito, pedindo a retomada das negocia\u00e7\u00f5es. Tamb\u00e9m distribuir\u00e3o um panfleto, explicando os motivos da greve e pedindo o apoio da popula\u00e7\u00e3o.<\/p>\n<p>Uma assembleia deve acontecer na porta da prefeitura \u00e0 tarde, em hor\u00e1rio ainda a ser definido, para decidir os rumos da mobiliza\u00e7\u00e3o.<\/p>\n<p><img fetchpriority=\"high\" decoding=\"async\" class=\"alignnone size-full wp-image-33875\" src=\"https:\/\/lrm67.com\/wp-content\/uploads\/2025\/05\/fd86fac6-1187-45c6-b789-192a15676ec1.png\" alt=\"\" width=\"1200\" height=\"800\" srcset=\"https:\/\/lrm67.com\/wp-content\/uploads\/2025\/05\/fd86fac6-1187-45c6-b789-192a15676ec1.png 1200w, https:\/\/lrm67.com\/wp-content\/uploads\/2025\/05\/fd86fac6-1187-45c6-b789-192a15676ec1-300x200.png 300w, https:\/\/lrm67.com\/wp-content\/uploads\/2025\/05\/fd86fac6-1187-45c6-b789-192a15676ec1-1024x683.png 1024w, https:\/\/lrm67.com\/wp-content\/uploads\/2025\/05\/fd86fac6-1187-45c6-b789-192a15676ec1-768x512.png 768w\" sizes=\"(max-width: 1200px) 100vw, 1200px\" \/><\/p>\n<h2>Outro lado.<\/h2>\n<p>Em v\u00eddeo divulgado nas redes sociais, o prefeito de Jacare\u00ed, Celso Flor\u00eancio (PL), disse que o sindicato iniciou uma greve \u201ccom base em informa\u00e7\u00f5es que consideramos equivocadas e infundadas\u201d.<\/p>\n<p>\u201cO movimento aderido por parte dos profissionais da educa\u00e7\u00e3o n\u00e3o pode atrapalhar a rotina dos nossos alunos. A legisla\u00e7\u00e3o garante que ao menos 50% dos funcion\u00e1rios permane\u00e7am atuando durante a greve. Refor\u00e7amos que as escolas continuam abertas, e voc\u00ea, pai e m\u00e3e, tem total direito de levar seus filhos \u00e0s aulas, caso deseje ou precise\u201d, disse Flor\u00eancio.<\/p>\n<p>Segundo a prefeitura, o reajuste que j\u00e1 est\u00e1 em vigor aos servidores p\u00fablicos de Jacare\u00ed contempla um aumento de 5,3%, que corresponde \u00e0 infla\u00e7\u00e3o do per\u00edodo, al\u00e9m de um aumento de 20% no vale-alimenta\u00e7\u00e3o.<\/p>\n<p>\u201cVale ressaltar que os benef\u00edcios de alimenta\u00e7\u00e3o e refei\u00e7\u00e3o s\u00e3o compat\u00edveis, e em alguns casos, superiores, \u00e0s maiores cidades da regi\u00e3o. Esse reajuste tamb\u00e9m levou em conta a responsabilidade financeira da gest\u00e3o\u201d, completou.<\/p>\n<p>A prefeitura disse que todos os servi\u00e7os p\u00fablicos est\u00e3o funcionamento normalmente nesta segunda-feira (26), sem qualquer preju\u00edzo \u00e0 popula\u00e7\u00e3o.<\/p>\n<pre>Com O Vale<\/pre>\n","protected":false},"excerpt":{"rendered":"<p>Ap\u00f3s aprova\u00e7\u00e3o em assembleia, servidores municipais de Jacare\u00ed entram em greve a partir desta segunda-feira (26). A informa\u00e7\u00e3o foi divulgada pelo Sindicato dos Trabalhadores P\u00fablicos Municipais de Jacare\u00ed. \u201cO motivo \u00e9 a intransig\u00eancia do Prefeito Celso Flor\u00eancio que empurrou goela abaixo da categoria o fim da Campanha Salarial, com a ajuda de sua ampla base [&hellip;]<\/p>\n","protected":false},"author":26,"featured_media":33872,"comment_status":"open","ping_status":"open","sticky":false,"template":"","format":"standard","meta":{"footnotes":""},"categories":[89],"tags":[],"class_list":["post-33871","post","type-post","status-publish","format-standard","has-post-thumbnail","hentry","category-vale-do-paraiba"],"aioseo_notices":[],"_links":{"self":[{"href":"https:\/\/lrm67.com\/index.php\/wp-json\/wp\/v2\/posts\/33871","targetHints":{"allow":["GET"]}}],"collection":[{"href":"https:\/\/lrm67.com\/index.php\/wp-json\/wp\/v2\/posts"}],"about":[{"href":"https:\/\/lrm67.com\/index.php\/wp-json\/wp\/v2\/types\/post"}],"author":[{"embeddable":true,"href":"https:\/\/lrm67.com\/index.php\/wp-json\/wp\/v2\/users\/26"}],"replies":[{"embeddable":true,"href":"https:\/\/lrm67.com\/index.php\/wp-json\/wp\/v2\/comments?post=33871"}],"version-history":[{"count":3,"href":"https:\/\/lrm67.com\/index.php\/wp-json\/wp\/v2\/posts\/33871\/revisions"}],"predecessor-version":[{"id":33876,"href":"https:\/\/lrm67.com\/index.php\/wp-json\/wp\/v2\/posts\/33871\/revisions\/33876"}],"wp:featuredmedia":[{"embeddable":true,"href":"https:\/\/lrm67.com\/index.php\/wp-json\/wp\/v2\/media\/33872"}],"wp:attachment":[{"href":"https:\/\/lrm67.com\/index.php\/wp-json\/wp\/v2\/media?parent=33871"}],"wp:term":[{"taxonomy":"category","embeddable":true,"href":"https:\/\/lrm67.com\/index.php\/wp-json\/wp\/v2\/categories?post=33871"},{"taxonomy":"post_tag","embeddable":true,"href":"https:\/\/lrm67.com\/index.php\/wp-json\/wp\/v2\/tags?post=33871"}],"curies":[{"name":"wp","href":"https:\/\/api.w.org\/{rel}","templated":true}]}}