{"id":33797,"date":"2025-05-23T11:47:13","date_gmt":"2025-05-23T14:47:13","guid":{"rendered":"https:\/\/lrm67.com\/?p=33797"},"modified":"2025-05-23T11:47:13","modified_gmt":"2025-05-23T14:47:13","slug":"homem-e-preso-em-flagrante-por-furto-no-jardim-gaivotas","status":"publish","type":"post","link":"https:\/\/lrm67.com\/index.php\/2025\/05\/23\/homem-e-preso-em-flagrante-por-furto-no-jardim-gaivotas\/","title":{"rendered":"Homem \u00e9 preso em flagrante por furto no Jardim Gaivotas"},"content":{"rendered":"<p><strong>Henrique Martins<\/strong><\/p>\n<p>&nbsp;<\/p>\n<p>Na noite do \u00faltimo domingo (18), um homem foi preso em flagrante pelo crime de furto no bairro Jardim Gaivotas, em Caraguatatuba. A ocorr\u00eancia foi registrada por volta das 21h05, ap\u00f3s a v\u00edtima reconhecer o suspeito em posse de sua televis\u00e3o de 55 polegadas, marca LG, furtada de sua resid\u00eancia. Al\u00e9m da TV, tamb\u00e9m foi levado um notebook Galaxy Book.<\/p>\n<p>Segundo informa\u00e7\u00f5es do Boletim de Ocorr\u00eancia, a equipe da Guarda Civil Municipal (GCM) realizava patrulhamento preventivo pela \u00e1rea central da cidade quando foi acionada pelo Centro de Opera\u00e7\u00f5es Integradas (COI). De acordo com o chamado, o suspeito havia sido contido por populares. No entanto, antes da chegada da pol\u00edcia, o homem conseguiu se soltar das pessoas e fugiu, invadindo diversas resid\u00eancias no bairro.<\/p>\n<p>Ap\u00f3s buscas pela regi\u00e3o, a equipe foi novamente acionada, sendo informada que o suspeito havia sido detido por moradores dentro de uma casa. Ao chegar ao endere\u00e7o, a GCM algemou o indiv\u00edduo e o conduziu \u00e0 Unidade de Pronto Atendimento (UPA) para avalia\u00e7\u00e3o m\u00e9dica.<\/p>\n<p>Em seguida, o homem foi levado \u00e0 Delegacia de Pol\u00edcia Central, onde o delegado respons\u00e1vel confirmou a voz de pris\u00e3o dada pelos agentes e determinou a deten\u00e7\u00e3o do indiv\u00edduo em flagrante por furto, conforme o Artigo 155, inciso I, do C\u00f3digo Penal.<\/p>\n","protected":false},"excerpt":{"rendered":"<p>Henrique Martins &nbsp; Na noite do \u00faltimo domingo (18), um homem foi preso em flagrante pelo crime de furto no bairro Jardim Gaivotas, em Caraguatatuba. A ocorr\u00eancia foi registrada por volta das 21h05, ap\u00f3s a v\u00edtima reconhecer o suspeito em posse de sua televis\u00e3o de 55 polegadas, marca LG, furtada de sua resid\u00eancia. Al\u00e9m da [&hellip;]<\/p>\n","protected":false},"author":26,"featured_media":33798,"comment_status":"open","ping_status":"open","sticky":false,"template":"","format":"standard","meta":{"footnotes":""},"categories":[8,15],"tags":[],"class_list":["post-33797","post","type-post","status-publish","format-standard","has-post-thumbnail","hentry","category-caraguatatuba","category-policia"],"aioseo_notices":[],"_links":{"self":[{"href":"https:\/\/lrm67.com\/index.php\/wp-json\/wp\/v2\/posts\/33797","targetHints":{"allow":["GET"]}}],"collection":[{"href":"https:\/\/lrm67.com\/index.php\/wp-json\/wp\/v2\/posts"}],"about":[{"href":"https:\/\/lrm67.com\/index.php\/wp-json\/wp\/v2\/types\/post"}],"author":[{"embeddable":true,"href":"https:\/\/lrm67.com\/index.php\/wp-json\/wp\/v2\/users\/26"}],"replies":[{"embeddable":true,"href":"https:\/\/lrm67.com\/index.php\/wp-json\/wp\/v2\/comments?post=33797"}],"version-history":[{"count":1,"href":"https:\/\/lrm67.com\/index.php\/wp-json\/wp\/v2\/posts\/33797\/revisions"}],"predecessor-version":[{"id":33799,"href":"https:\/\/lrm67.com\/index.php\/wp-json\/wp\/v2\/posts\/33797\/revisions\/33799"}],"wp:featuredmedia":[{"embeddable":true,"href":"https:\/\/lrm67.com\/index.php\/wp-json\/wp\/v2\/media\/33798"}],"wp:attachment":[{"href":"https:\/\/lrm67.com\/index.php\/wp-json\/wp\/v2\/media?parent=33797"}],"wp:term":[{"taxonomy":"category","embeddable":true,"href":"https:\/\/lrm67.com\/index.php\/wp-json\/wp\/v2\/categories?post=33797"},{"taxonomy":"post_tag","embeddable":true,"href":"https:\/\/lrm67.com\/index.php\/wp-json\/wp\/v2\/tags?post=33797"}],"curies":[{"name":"wp","href":"https:\/\/api.w.org\/{rel}","templated":true}]}}