{"id":33769,"date":"2025-05-23T10:55:24","date_gmt":"2025-05-23T13:55:24","guid":{"rendered":"https:\/\/lrm67.com\/?p=33769"},"modified":"2025-05-23T11:44:23","modified_gmt":"2025-05-23T14:44:23","slug":"sao-sebastiao-realiza-1a-conferencia-municipal-de-igualdade-racial","status":"publish","type":"post","link":"https:\/\/lrm67.com\/index.php\/2025\/05\/23\/sao-sebastiao-realiza-1a-conferencia-municipal-de-igualdade-racial\/","title":{"rendered":"S\u00e3o Sebasti\u00e3o realiza 1\u00aa Confer\u00eancia Municipal de Igualdade Racial"},"content":{"rendered":"<p><strong>Henrique Martins<\/strong><\/p>\n<p><strong>\u00a0<\/strong><\/p>\n<p>Neste domingo (25), S\u00e3o Sebasti\u00e3o realiza a 1\u00aa Confer\u00eancia Municipal de Promo\u00e7\u00e3o da Igualdade Racial, das 8h \u00e0s 18h, no Teatro. O evento busca promover o di\u00e1logo e propor a\u00e7\u00f5es de combate ao racismo e promo\u00e7\u00e3o da equidade.<\/p>\n<p>Os participantes poder\u00e3o se candidatar como delegados, respons\u00e1veis por representar a comunidade nas pr\u00f3ximas etapas. \u00c9 preciso morar no munic\u00edpio h\u00e1 pelo menos dois anos, ter atua\u00e7\u00e3o comprovada na \u00e1rea e apresentar portf\u00f3lio com registros, como fotos ou publica\u00e7\u00f5es.<\/p>\n<p>A confer\u00eancia integra a programa\u00e7\u00e3o da 5\u00aa Confer\u00eancia Nacional de Promo\u00e7\u00e3o da Igualdade Racial (CONAPIR), que tem como tema \u201cIgualdade e Democracia: Repara\u00e7\u00e3o e Justi\u00e7a Racial\u201d, com foco na garantia de direitos de popula\u00e7\u00f5es historicamente marginalizadas.<\/p>\n<p>Antes da confer\u00eancia, foram realizadas duas pr\u00e9-etapas: uma na EM Prof. Antonio Luiz Monteiro, em Boi\u00e7ucanga; e outra na EM Prof.\u00aa Patr\u00edcia Viviani Santana, no Topol\u00e2ndia.<\/p>\n<p>Em entrevista ao Jornal do Litoral, Cristina Sanchez, presidente da comiss\u00e3o organizadora do evento e supervisora de ensino, explicou que o objetivo foi fomentar o di\u00e1logo entre poder p\u00fablico e sociedade civil, com sugest\u00f5es de pol\u00edticas p\u00fablicas voltadas \u00e0 igualdade racial, abordando temas como democracia, justi\u00e7a social e repara\u00e7\u00e3o.<\/p>\n<p>Destacou tamb\u00e9m, algumas das propostas apresentadas nas pr\u00e9-etapas, entre elas, a cria\u00e7\u00e3o de mecanismos de apoio \u00e0 perman\u00eancia estudantil, como um fundo municipal e aux\u00edlio-moradia para quem estuda fora, a inclus\u00e3o obrigat\u00f3ria do letramento racial na educa\u00e7\u00e3o b\u00e1sica. e a ado\u00e7\u00e3o de protocolos antirracistas em todas as \u00e1reas da administra\u00e7\u00e3o p\u00fablica.<\/p>\n<p><img fetchpriority=\"high\" decoding=\"async\" class=\"alignnone size-full wp-image-33772\" src=\"https:\/\/lrm67.com\/wp-content\/uploads\/2025\/05\/FOTO-1.jpg\" alt=\"\" width=\"1080\" height=\"810\" srcset=\"https:\/\/lrm67.com\/wp-content\/uploads\/2025\/05\/FOTO-1.jpg 1080w, https:\/\/lrm67.com\/wp-content\/uploads\/2025\/05\/FOTO-1-300x225.jpg 300w, https:\/\/lrm67.com\/wp-content\/uploads\/2025\/05\/FOTO-1-1024x768.jpg 1024w, https:\/\/lrm67.com\/wp-content\/uploads\/2025\/05\/FOTO-1-768x576.jpg 768w\" sizes=\"(max-width: 1080px) 100vw, 1080px\" \/><\/p>\n<p>(Primeira Pr\u00e9-Confer\u00eancia, realizada no dia 15 de maio, na EM Prof. Antonio Luiz Monteiro, em Boi\u00e7ucanga)<\/p>\n<blockquote><p><strong>\u201cA realiza\u00e7\u00e3o da 1\u00aa Confer\u00eancia Municipal de Promo\u00e7\u00e3o da Igualdade Racial em S\u00e3o Sebasti\u00e3o \u00e9 um marco hist\u00f3rico e essencial, especialmente em um momento em que o pa\u00eds enfrenta desafios significativos no combate \u00e0s desigualdades sociais e raciais. Este evento representa o reconhecimento, por parte do munic\u00edpio, da necessidade urgente de enfrentar o racismo estrutural e institucional, al\u00e9m de dar voz \u00e0 popula\u00e7\u00e3o negra, ind\u00edgena e demais grupos historicamente marginalizados.\u201d afirmou Cristina.<\/strong><\/p><\/blockquote>\n<p>A organiza\u00e7\u00e3o \u00e9 da Secretaria de Governo (Segov), com apoio de diversas secretarias e \u00f3rg\u00e3os municipais, que tamb\u00e9m integrar\u00e3o o futuro Conselho Municipal de Promo\u00e7\u00e3o da Igualdade Racial, em fase de formaliza\u00e7\u00e3o. Participam as secretarias de Educa\u00e7\u00e3o (Seduc), Esporte (Seesp), Desenvolvimento Social (Sedes), Sa\u00fade (Sesau), Assuntos Jur\u00eddicos (Sajur), Idoso e Pessoa com Defici\u00eancia (Sepedi), al\u00e9m da Funda\u00e7\u00e3o Cultural \u2018Deodato Sant\u2019Anna\u2019 (Fundass).<\/p>\n<p>A 1\u00aa Confer\u00eancia Municipal de Promo\u00e7\u00e3o da Igualdade Racial ser\u00e1 realizada no dia 25 de maio, das 8h \u00e0s 18h, no Teatro Municipal de S\u00e3o Sebasti\u00e3o.<\/p>\n<p><img decoding=\"async\" class=\"alignnone size-full wp-image-33771\" src=\"https:\/\/lrm67.com\/wp-content\/uploads\/2025\/05\/FOTO-2.jpg\" alt=\"\" width=\"1080\" height=\"719\" srcset=\"https:\/\/lrm67.com\/wp-content\/uploads\/2025\/05\/FOTO-2.jpg 1080w, https:\/\/lrm67.com\/wp-content\/uploads\/2025\/05\/FOTO-2-300x200.jpg 300w, https:\/\/lrm67.com\/wp-content\/uploads\/2025\/05\/FOTO-2-1024x682.jpg 1024w, https:\/\/lrm67.com\/wp-content\/uploads\/2025\/05\/FOTO-2-768x511.jpg 768w\" sizes=\"(max-width: 1080px) 100vw, 1080px\" \/><\/p>\n<p>(Segunda Pr\u00e9-Confer\u00eancia, no dia 20 de maio, na EM Prof.\u00aa Patr\u00edcia Viviani Santana, no bairro Topol\u00e2ndia)<\/p>\n<p>&nbsp;<\/p>\n<p>Cr\u00e9dito fotos: Andr\u00e9 Santos | PMSS<\/p>\n","protected":false},"excerpt":{"rendered":"<p>Henrique Martins \u00a0 Neste domingo (25), S\u00e3o Sebasti\u00e3o realiza a 1\u00aa Confer\u00eancia Municipal de Promo\u00e7\u00e3o da Igualdade Racial, das 8h \u00e0s 18h, no Teatro. O evento busca promover o di\u00e1logo e propor a\u00e7\u00f5es de combate ao racismo e promo\u00e7\u00e3o da equidade. Os participantes poder\u00e3o se candidatar como delegados, respons\u00e1veis por representar a comunidade nas pr\u00f3ximas [&hellip;]<\/p>\n","protected":false},"author":26,"featured_media":33781,"comment_status":"open","ping_status":"open","sticky":false,"template":"","format":"standard","meta":{"footnotes":""},"categories":[12,13],"tags":[],"class_list":["post-33769","post","type-post","status-publish","format-standard","has-post-thumbnail","hentry","category-eventos","category-sao-sebastiao"],"aioseo_notices":[],"_links":{"self":[{"href":"https:\/\/lrm67.com\/index.php\/wp-json\/wp\/v2\/posts\/33769","targetHints":{"allow":["GET"]}}],"collection":[{"href":"https:\/\/lrm67.com\/index.php\/wp-json\/wp\/v2\/posts"}],"about":[{"href":"https:\/\/lrm67.com\/index.php\/wp-json\/wp\/v2\/types\/post"}],"author":[{"embeddable":true,"href":"https:\/\/lrm67.com\/index.php\/wp-json\/wp\/v2\/users\/26"}],"replies":[{"embeddable":true,"href":"https:\/\/lrm67.com\/index.php\/wp-json\/wp\/v2\/comments?post=33769"}],"version-history":[{"count":5,"href":"https:\/\/lrm67.com\/index.php\/wp-json\/wp\/v2\/posts\/33769\/revisions"}],"predecessor-version":[{"id":33796,"href":"https:\/\/lrm67.com\/index.php\/wp-json\/wp\/v2\/posts\/33769\/revisions\/33796"}],"wp:featuredmedia":[{"embeddable":true,"href":"https:\/\/lrm67.com\/index.php\/wp-json\/wp\/v2\/media\/33781"}],"wp:attachment":[{"href":"https:\/\/lrm67.com\/index.php\/wp-json\/wp\/v2\/media?parent=33769"}],"wp:term":[{"taxonomy":"category","embeddable":true,"href":"https:\/\/lrm67.com\/index.php\/wp-json\/wp\/v2\/categories?post=33769"},{"taxonomy":"post_tag","embeddable":true,"href":"https:\/\/lrm67.com\/index.php\/wp-json\/wp\/v2\/tags?post=33769"}],"curies":[{"name":"wp","href":"https:\/\/api.w.org\/{rel}","templated":true}]}}