{"id":33325,"date":"2025-05-09T18:25:22","date_gmt":"2025-05-09T21:25:22","guid":{"rendered":"https:\/\/lrm67.com\/?p=33325"},"modified":"2025-05-09T18:25:22","modified_gmt":"2025-05-09T21:25:22","slug":"rota-das-quermesses-reune-festas-populares-gastronomia-e-religiosidade-em-caraguatatuba","status":"publish","type":"post","link":"https:\/\/lrm67.com\/index.php\/2025\/05\/09\/rota-das-quermesses-reune-festas-populares-gastronomia-e-religiosidade-em-caraguatatuba\/","title":{"rendered":"&#8220;Rota das Quermesses&#8221; re\u00fane festas populares gastronomia e religiosidade em Caraguatatuba"},"content":{"rendered":"<p>O munic\u00edpio, que j\u00e1 \u00e9 reconhecido por suas festas populares e celebra\u00e7\u00f5es religiosas tradicionais, agora apresenta a &#8220;Rota das Quermesses&#8221;, uma iniciativa que re\u00fane os eventos em um \u00fanico circuito tem\u00e1tico.<\/p>\n<p>A proposta une d\u00e9cadas de tradi\u00e7\u00e3o em um novo eixo do turismo local, que valoriza a cultura comunit\u00e1ria, a gastronomia regional e a religiosidade. Com isso, Caraguatatuba amplia o calend\u00e1rio tur\u00edstico. As festividades incluem shows, dan\u00e7as t\u00edpicas, comidas regionais e programa\u00e7\u00e3o para todos os p\u00fablicos.<\/p>\n<p>A agenda teve in\u00edcio em abril e segue pelos pr\u00f3ximos meses, com eventos como a Festa do Divino Esp\u00edrito Santo e a Festa de Santo Ant\u00f4nio, padroeiro da cidade.<\/p>\n<h2>Festa do Divino Esp\u00edrito Santo<\/h2>\n<p>A Festa do Divino Esp\u00edrito Santo \u00e9 uma das principais celebra\u00e7\u00f5es religiosas de Caraguatatuba e faz parte da &#8220;Rota das Quermesses&#8221;. Realizada na Catedral do Divino, no bairro Indai\u00e1, a festa iniciou em 25 de abril e vai at\u00e9 25 de maio.<\/p>\n<p>A programa\u00e7\u00e3o inclui cerim\u00f4nias religiosas e atra\u00e7\u00f5es culturais, como o prato t\u00edpico afogado. Al\u00e9m das missas e prociss\u00f5es, o evento conta com apresenta\u00e7\u00f5es de congadas, mo\u00e7ambiques, folias do Divino, maracatu e orquestra de viola.<\/p>\n<p>O auge da festa ser\u00e1 no dia 25 de maio, com a Cavalgada do Divino, que parte da Pra\u00e7a da Cultura e percorre as ruas da cidade. No mesmo dia, h\u00e1 o tradicional almo\u00e7o com afogado e apresenta\u00e7\u00f5es culturais, com encerramento marcado pela Missa e prociss\u00e3o no bairro Indai\u00e1.<\/p>\n<h2>Eventos de maio e junho<\/h2>\n<p>A &#8220;Rota das Quermesses&#8221; segue tamb\u00e9m durante os meses de maio e junho. De 2 a 11 de maio, \u00e9 realizada a Festa da Par\u00f3quia Nossa Senhora da Visita\u00e7\u00e3o, evento considerado a abertura oficial da temporada, com pratos t\u00edpicos e m\u00fasica tradicional.<\/p>\n<p>A Festa de Santo Ant\u00f4nio come\u00e7a em 25 de maio e vai at\u00e9 29 de junho, com barracas de comida, dan\u00e7as folcl\u00f3ricas, leil\u00f5es e outras atra\u00e7\u00f5es. O evento, que homenageia o padroeiro da cidade, tem programa\u00e7\u00e3o especial em todo dia 13, quando fi\u00e9is participam da Caminhada de F\u00e9 do Santu\u00e1rio de Santo Ant\u00f4nio at\u00e9 o Morro Santo Ant\u00f4nio.<\/p>\n<p>No dia 8 de junho, \u00e9 realizada a Missa Campal, seguida, em 13 de junho, do tradicional Casamento Comunit\u00e1rio e distribui\u00e7\u00e3o do Bolo de Santo Ant\u00f4nio. J\u00e1 no dia 15, ser\u00e1 a Corrida do Padroeiro.<\/p>\n<p>As quermesses tamb\u00e9m preservam a cultura cai\u00e7ara, com pratos como peixe assado na brasa, tapioca e torta de afogado. Esses pratos, feitos com ingredientes locais, conferem identidade gastron\u00f4mica \u00e0s festas. Entre eles, o destaque \u00e9 o bolinho caipira, s\u00edmbolo da identidade local.<\/p>\n<p>A programa\u00e7\u00e3o de junho inclui ainda a Festa de S\u00e3o Jo\u00e3o Batista, de 6 a 29 de junho, com fogueiras, quadrilhas e comidas t\u00edpicas. Nos dias 28 e 29, \u00e9 realizada a Festa de S\u00e3o Pedro Pescador, que celebra a pesca e a cultura cai\u00e7ara com missas, prociss\u00f5es mar\u00edtimas e barracas de frutos do mar.<\/p>\n<p>A &#8220;Rota das Quermesses&#8221; \u00e9 um dos eventos destaques do Governo Municipal e das par\u00f3quias locais. As festas s\u00e3o organizadas por moradores, par\u00f3quias ou associa\u00e7\u00f5es, com arrecada\u00e7\u00e3o de fundos voltada a melhorias comunit\u00e1rias. \u00c9 previsto que tenham festividades at\u00e9 o m\u00eas de agosto. Confira.<\/p>\n<h2>Calend\u00e1rio da Rota das Quermesses<\/h2>\n<ul>\n<li><strong>Festa do Divino Esp\u00edrito Santo<\/strong>: 25 de abril a 25 de maio<\/li>\n<li><strong>Festa da Par\u00f3quia Nossa Senhora da Visita\u00e7\u00e3o<\/strong>: 2 a 11 de maio<\/li>\n<li><strong>Festa de Santo Ant\u00f4nio<\/strong>: 25 de maio a 29 de junho\n<ul>\n<li><strong>08 de junho<\/strong>: Missa Campal<\/li>\n<li><strong>13 de junho<\/strong>: Casamento Comunit\u00e1rio e Bolo de Santo Ant\u00f4nio<\/li>\n<li><strong>15 de junho<\/strong>: Corrida do Padroeiro<\/li>\n<\/ul>\n<\/li>\n<li><strong>Festa de S\u00e3o Jo\u00e3o Batista<\/strong>: 6 a 29 de junho<\/li>\n<li><strong>Festa de S\u00e3o Pedro Pescador<\/strong>: 28 a 29 de junho<\/li>\n<li><strong>Festa da Par\u00f3quia Santa Terezinha<\/strong>: 4 a 27 de julho<\/li>\n<li><strong>Festa da Par\u00f3quia Nossa Senhora da Gl\u00f3ria<\/strong>: 11 de julho a 3 de agosto<\/li>\n<\/ul>\n<h2>Caraguatatuba \u00e9 destino para todos<\/h2>\n<p>Al\u00e9m das festas religiosas, a cidade tamb\u00e9m recebe atra\u00e7\u00f5es como o Festival Jazz e Vinhos, realizado entre os dias 5 e 8 de junho, e eventos esportivos, que enriquecem a agenda com o Circuito Mares, nos dias 7 e 8 e Haka Race de 19 a 22. No dia 22, atletas encaram as \u00e1guas no desafio da Maratona Aqu\u00e1tica e Eco Man Run, na mesma data. Para aqueles que gostam da atividade de pesca, a tradi\u00e7\u00e3o se mant\u00e9m com a Prova de Pesca Dona Vilma, que fecha o m\u00eas.<\/p>\n<p>A cidade tamb\u00e9m vai receber os festivais que s\u00e3o heran\u00e7a cultural, como o Festival da Tainha de 9 a 13 de julho, no Entreposto de Pesca do Porto Novo e do Camar\u00e3o, de 23 a 27 de julho, na Pra\u00e7a da Cultura. O calend\u00e1rio tur\u00edstico embarca ainda mais atra\u00e7\u00f5es para o segundo semestre, em agosto tem Aloha Spirit de 8 a 10 e XTerra do dia 15 a 17. Mais eventos podem ser conferido em <a href=\"https:\/\/www.caragua.tur.br\/eventos\">https:\/\/www.caragua.tur.br\/eventos<\/a>.<\/p>\n","protected":false},"excerpt":{"rendered":"<p>O munic\u00edpio, que j\u00e1 \u00e9 reconhecido por suas festas populares e celebra\u00e7\u00f5es religiosas tradicionais, agora apresenta a &#8220;Rota das Quermesses&#8221;, uma iniciativa que re\u00fane os eventos em um \u00fanico circuito tem\u00e1tico. A proposta une d\u00e9cadas de tradi\u00e7\u00e3o em um novo eixo do turismo local, que valoriza a cultura comunit\u00e1ria, a gastronomia regional e a religiosidade. [&hellip;]<\/p>\n","protected":false},"author":26,"featured_media":33326,"comment_status":"open","ping_status":"open","sticky":false,"template":"","format":"standard","meta":{"footnotes":""},"categories":[8,30,12],"tags":[],"class_list":["post-33325","post","type-post","status-publish","format-standard","has-post-thumbnail","hentry","category-caraguatatuba","category-cultura","category-eventos"],"aioseo_notices":[],"_links":{"self":[{"href":"https:\/\/lrm67.com\/index.php\/wp-json\/wp\/v2\/posts\/33325","targetHints":{"allow":["GET"]}}],"collection":[{"href":"https:\/\/lrm67.com\/index.php\/wp-json\/wp\/v2\/posts"}],"about":[{"href":"https:\/\/lrm67.com\/index.php\/wp-json\/wp\/v2\/types\/post"}],"author":[{"embeddable":true,"href":"https:\/\/lrm67.com\/index.php\/wp-json\/wp\/v2\/users\/26"}],"replies":[{"embeddable":true,"href":"https:\/\/lrm67.com\/index.php\/wp-json\/wp\/v2\/comments?post=33325"}],"version-history":[{"count":1,"href":"https:\/\/lrm67.com\/index.php\/wp-json\/wp\/v2\/posts\/33325\/revisions"}],"predecessor-version":[{"id":33327,"href":"https:\/\/lrm67.com\/index.php\/wp-json\/wp\/v2\/posts\/33325\/revisions\/33327"}],"wp:featuredmedia":[{"embeddable":true,"href":"https:\/\/lrm67.com\/index.php\/wp-json\/wp\/v2\/media\/33326"}],"wp:attachment":[{"href":"https:\/\/lrm67.com\/index.php\/wp-json\/wp\/v2\/media?parent=33325"}],"wp:term":[{"taxonomy":"category","embeddable":true,"href":"https:\/\/lrm67.com\/index.php\/wp-json\/wp\/v2\/categories?post=33325"},{"taxonomy":"post_tag","embeddable":true,"href":"https:\/\/lrm67.com\/index.php\/wp-json\/wp\/v2\/tags?post=33325"}],"curies":[{"name":"wp","href":"https:\/\/api.w.org\/{rel}","templated":true}]}}