{"id":33299,"date":"2025-05-09T09:53:26","date_gmt":"2025-05-09T12:53:26","guid":{"rendered":"https:\/\/lrm67.com\/?p=33299"},"modified":"2025-05-09T10:55:50","modified_gmt":"2025-05-09T13:55:50","slug":"ubatuba-sedia-1o-encontro-com-a-uniao-nacional-dos-conselhos-municipais-de-educacao","status":"publish","type":"post","link":"https:\/\/lrm67.com\/index.php\/2025\/05\/09\/ubatuba-sedia-1o-encontro-com-a-uniao-nacional-dos-conselhos-municipais-de-educacao\/","title":{"rendered":"Ubatuba sedia 1\u00ba Encontro com a Uni\u00e3o Nacional dos Conselhos Municipais de Educa\u00e7\u00e3o"},"content":{"rendered":"<p style=\"font-weight: 400;\">A Secretaria Municipal de Educa\u00e7\u00e3o (SME) realiza, nos dias 14, 15 e 16 de maio, o \u201c1\u00ba Encontro com a Uni\u00e3o Nacional dos Conselhos Municipais de Educa\u00e7\u00e3o (Uncme) : gestores e conselheiros tecendo um caminho democr\u00e1tico de direitos\u201d. O evento \u00e9 voltado a conselheiros, gestores, profissionais da educa\u00e7\u00e3o e demais interessados no tema.<\/p>\n<p style=\"font-weight: 400;\">A programa\u00e7\u00e3o inclui palestras e oficinas formativas. As palestras ser\u00e3o realizadas no dia 14 de maio, na C\u00e2mara Municipal de Ubatuba. As oficinas acontecer\u00e3o nos dias 15 e 16 de maio, na sede da Secretaria Municipal de Educa\u00e7\u00e3o.<\/p>\n<p style=\"font-weight: 400;\">As inscri\u00e7\u00f5es s\u00e3o gratuitas e devem ser feitas pelos links:<\/p>\n<p style=\"font-weight: 400;\">Palestras:\u00a0<a href=\"https:\/\/forms.gle\/73b5rU3uPBvPwBiu9\" data-saferedirecturl=\"https:\/\/www.google.com\/url?q=https:\/\/forms.gle\/73b5rU3uPBvPwBiu9&amp;source=gmail&amp;ust=1746883197161000&amp;usg=AOvVaw32MiM4b-6jwscb1HtGb4VP\">https:\/\/forms.gle\/73b5rU3uPBvPwBiu9<\/a><\/p>\n<p style=\"font-weight: 400;\">Oficinas formativas:\u00a0<a href=\"https:\/\/forms.gle\/RSEUPPqqhhphruMK9\" data-saferedirecturl=\"https:\/\/www.google.com\/url?q=https:\/\/forms.gle\/RSEUPPqqhhphruMK9&amp;source=gmail&amp;ust=1746883197161000&amp;usg=AOvVaw1sjfLROr_tf8SsbkD3i2b3\">https:\/\/forms.gle\/RSEUPPqqhhphruMK9<\/a><\/p>\n<p style=\"font-weight: 400;\">O evento \u00e9 resultado da parceria entre o Conselho Municipal de Educa\u00e7\u00e3o de Ubatuba e a Uni\u00e3o Nacional dos Conselhos Municipais de Educa\u00e7\u00e3o de S\u00e3o Paulo (UNCME\/SP), com articula\u00e7\u00e3o da diretoria de planejamento da Secretaria de Educa\u00e7\u00e3o. Desde 2022, o CME de Ubatuba \u00e9 filiado \u00e0 entidade estadual, o que tem possibilitado a realiza\u00e7\u00e3o de forma\u00e7\u00f5es e encontros.<\/p>\n<p style=\"font-weight: 400;\">\u201cA iniciativa destaca a import\u00e2ncia do di\u00e1logo entre a gest\u00e3o p\u00fablica e os conselhos de educa\u00e7\u00e3o, ampliando a participa\u00e7\u00e3o social, qualificando as decis\u00f5es educacionais e contribuindo diretamente para pol\u00edticas p\u00fablicas mais justas, inclusivas e transformadoras\u201d, explicou o secret\u00e1rio da Educa\u00e7\u00e3o, Josu\u00e9 Gulli.<\/p>\n<p style=\"font-weight: 400;\">A proposta do encontro foi elaborada em colabora\u00e7\u00e3o com o ex-coordenador da UNCME\/SP, Milton Herrera (in memoriam), com o objetivo de aproximar gestores e conselheiros municipais para discutir pr\u00e1ticas de gest\u00e3o e constru\u00e7\u00e3o de pol\u00edticas p\u00fablicas educacionais.<\/p>\n<p style=\"font-weight: 400;\">Entre os nomes confirmados para o evento est\u00e3o importantes especialistas na \u00e1rea da educa\u00e7\u00e3o, como:<\/p>\n<ul>\n<li style=\"font-weight: 400;\">Rejane Maria Em\u00edlio (Doutora e Mestre em Educa\u00e7\u00e3o)<\/li>\n<li style=\"font-weight: 400;\">Adriana Ijano Motta (P\u00f3s-graduada em Alfabetiza\u00e7\u00e3o pela Unesp)<\/li>\n<li style=\"font-weight: 400;\">Silvia Zanotti Magalh\u00e3es (Mestre em Administra\u00e7\u00e3o P\u00fablica)<\/li>\n<li style=\"font-weight: 400;\">Jeferson Mello Souza (Mestre em Educa\u00e7\u00e3o pela Unesp)<\/li>\n<li style=\"font-weight: 400;\">Tarles Regina Leandro da Silva Koyama (P\u00f3s-graduada em Educa\u00e7\u00e3o Inclusiva)<\/li>\n<li style=\"font-weight: 400;\">Sara Izabel Alves Maciel (Mestre em Ci\u00eancia da Educa\u00e7\u00e3o)<\/li>\n<li style=\"font-weight: 400;\">Debora Correia Dias (P\u00f3s-graduada em Gest\u00e3o Escolar)<\/li>\n<li style=\"font-weight: 400;\">Alessandra Danielle Pascotto (Vice-coordenadora da UNCME\/SP)<\/li>\n<li style=\"font-weight: 400;\">Ana L\u00facia Porf\u00edrio (coordenadora da Uni\u00e3o Nacional dos Conselhos Municipais de Educa\u00e7\u00e3o, seccional SP &#8211; UNCME-SP)<\/li>\n<\/ul>\n<h2>Confira a programa\u00e7\u00e3o completa:<\/h2>\n<p style=\"font-weight: 400;\"><strong>14 de maio \u2013 C\u00e2mara Municipal de Ubatuba<\/strong><br \/>\n<strong>Palestras<\/strong><\/p>\n<ul style=\"font-weight: 400;\">\n<li>8h20 \u2013 Acolhimento<\/li>\n<li>8h45 \u2013 Abertura com representantes da Secretaria de Educa\u00e7\u00e3o, CME e UNCME\/SP<\/li>\n<li>9h15 \u2013 Panorama geral do controle social e seus \u00f3rg\u00e3os (CME, CACS e CAE) \u2013 Ana L\u00facia Porf\u00edrio<\/li>\n<li>10h10 \u2013 Forma\u00e7\u00e3o dial\u00f3gica e resolu\u00e7\u00e3o de conflitos \u2013 Adriana Ijano Mota<\/li>\n<li>11h05 \u2013 Atribui\u00e7\u00f5es do CME \u2013 Alessandra Pascotto<\/li>\n<li>12h \u2013 Intervalo para almo\u00e7o<\/li>\n<li>14h \u2013 Planos municipais e gest\u00e3o democr\u00e1tica \u2013 Rejane Emilio<\/li>\n<li>15h15 \u2013 Intervalo<\/li>\n<li>15h40 \u2013 Plano Municipal para a Primeira Inf\u00e2ncia \u2013 Silvia Magalh\u00e3es<\/li>\n<li>17h \u2013 Encerramento<\/li>\n<\/ul>\n<p style=\"font-weight: 400;\"><strong>15 de maio \u2013 Secretaria Municipal de Educa\u00e7\u00e3o<\/strong><br \/>\n<strong>Oficinas Formativas<\/strong><\/p>\n<ul style=\"font-weight: 400;\">\n<li>8h30 \u2013 Oficina 1: Direitos das inf\u00e2ncias e atua\u00e7\u00e3o dos conselheiros \u2013 Rejane Emilio<\/li>\n<li>10h \u2013 Intervalo<\/li>\n<li>10h30 \u2013 Oficina 2: Diretrizes Operacionais da Educa\u00e7\u00e3o Infantil \u2013 Jeferson Mello Souza<\/li>\n<li>12h \u2013 Intervalo para almo\u00e7o<\/li>\n<li>14h \u2013 Oficina 3: Educa\u00e7\u00e3o Especial e Inclusiva \u2013 Tarles<\/li>\n<li>15h15 \u2013 Intervalo<\/li>\n<li>15h40 \u2013 Oficina 4: Escola de Tempo Integral \u2013 Alessandra Pascotto<\/li>\n<\/ul>\n<p style=\"font-weight: 400;\"><strong>16 de maio \u2013 Secretaria Municipal de Educa\u00e7\u00e3o<\/strong><br \/>\n<strong>Oficinas Formativas<\/strong><\/p>\n<ul style=\"font-weight: 400;\">\n<li>8h30 \u2013 Oficina 5: Atribui\u00e7\u00f5es do CACS \u2013 D\u00e9bora Dias<\/li>\n<li>10h \u2013 Intervalo<\/li>\n<li>10h30 \u2013 Oficina 6: Atua\u00e7\u00e3o do CAE e Resolu\u00e7\u00e3o CD\/FNDE n\u00ba 6\/2020 \u2013 Sara Maciel<\/li>\n<li>12h \u2013 Encerramento<\/li>\n<\/ul>\n","protected":false},"excerpt":{"rendered":"<p>A Secretaria Municipal de Educa\u00e7\u00e3o (SME) realiza, nos dias 14, 15 e 16 de maio, o \u201c1\u00ba Encontro com a Uni\u00e3o Nacional dos Conselhos Municipais de Educa\u00e7\u00e3o (Uncme) : gestores e conselheiros tecendo um caminho democr\u00e1tico de direitos\u201d. O evento \u00e9 voltado a conselheiros, gestores, profissionais da educa\u00e7\u00e3o e demais interessados no tema. A programa\u00e7\u00e3o [&hellip;]<\/p>\n","protected":false},"author":26,"featured_media":33300,"comment_status":"open","ping_status":"open","sticky":false,"template":"","format":"standard","meta":{"footnotes":""},"categories":[19,2,14],"tags":[],"class_list":["post-33299","post","type-post","status-publish","format-standard","has-post-thumbnail","hentry","category-educacao","category-geral","category-ubatuba"],"aioseo_notices":[],"_links":{"self":[{"href":"https:\/\/lrm67.com\/index.php\/wp-json\/wp\/v2\/posts\/33299","targetHints":{"allow":["GET"]}}],"collection":[{"href":"https:\/\/lrm67.com\/index.php\/wp-json\/wp\/v2\/posts"}],"about":[{"href":"https:\/\/lrm67.com\/index.php\/wp-json\/wp\/v2\/types\/post"}],"author":[{"embeddable":true,"href":"https:\/\/lrm67.com\/index.php\/wp-json\/wp\/v2\/users\/26"}],"replies":[{"embeddable":true,"href":"https:\/\/lrm67.com\/index.php\/wp-json\/wp\/v2\/comments?post=33299"}],"version-history":[{"count":1,"href":"https:\/\/lrm67.com\/index.php\/wp-json\/wp\/v2\/posts\/33299\/revisions"}],"predecessor-version":[{"id":33301,"href":"https:\/\/lrm67.com\/index.php\/wp-json\/wp\/v2\/posts\/33299\/revisions\/33301"}],"wp:featuredmedia":[{"embeddable":true,"href":"https:\/\/lrm67.com\/index.php\/wp-json\/wp\/v2\/media\/33300"}],"wp:attachment":[{"href":"https:\/\/lrm67.com\/index.php\/wp-json\/wp\/v2\/media?parent=33299"}],"wp:term":[{"taxonomy":"category","embeddable":true,"href":"https:\/\/lrm67.com\/index.php\/wp-json\/wp\/v2\/categories?post=33299"},{"taxonomy":"post_tag","embeddable":true,"href":"https:\/\/lrm67.com\/index.php\/wp-json\/wp\/v2\/tags?post=33299"}],"curies":[{"name":"wp","href":"https:\/\/api.w.org\/{rel}","templated":true}]}}