{"id":33295,"date":"2025-05-09T10:45:27","date_gmt":"2025-05-09T13:45:27","guid":{"rendered":"https:\/\/lrm67.com\/?p=33295"},"modified":"2025-05-09T10:52:36","modified_gmt":"2025-05-09T13:52:36","slug":"corrida-em-ubatuba-alia-esporte-e-solidariedade","status":"publish","type":"post","link":"https:\/\/lrm67.com\/index.php\/2025\/05\/09\/corrida-em-ubatuba-alia-esporte-e-solidariedade\/","title":{"rendered":"Corrida em Ubatuba alia esporte e solidariedade"},"content":{"rendered":"<p>Ubatuba ser\u00e1 palco de uma a\u00e7\u00e3o que une esporte e solidariedade: a primeira Corrida Solid\u00e1ria, que ser\u00e1 realizada no dia 25 de maio. Toda a arrecada\u00e7\u00e3o das inscri\u00e7\u00f5es \u00e9 revertida em cestas b\u00e1sicas destinadas a fam\u00edlias em situa\u00e7\u00e3o de vulnerabilidade social. A iniciativa \u00e9 uma parceria entre o Fundo Social de Solidariedade e a Secretaria de Esportes e Lazer.<\/p>\n<p>As inscri\u00e7\u00f5es s\u00e3o limitadas: ser\u00e3o disponibilizadas somente 200 vagas, e podem ser feitas at\u00e9 o at\u00e9 o t\u00e9rmino das inscri\u00e7\u00f5es ou dia 23 \u00e0s 18h por meio\u00a0<a href=\"https:\/\/www.ticketsports.com.br\/e\/1-corrida-solidaria-de-ubatuba-72425\" target=\"_blank\" rel=\"noopener\" data-saferedirecturl=\"https:\/\/www.google.com\/url?q=https:\/\/www.ticketsports.com.br\/e\/1-corrida-solidaria-de-ubatuba-72425&amp;source=gmail&amp;ust=1746883197161000&amp;usg=AOvVaw0K-eAOpemymgCPOifNKz0K\">deste link<\/a>.<\/p>\n<blockquote><p>\u201cTrata-se de uma mobiliza\u00e7\u00e3o que fortalece o esp\u00edrito de uni\u00e3o e solidariedade da nossa cidade, contribuindo diretamente para o bem-estar de diversas fam\u00edlias\u201d, destacou a presidente do Fundo Social, Tatiana Mansur.<\/p><\/blockquote>\n<p>O percurso ser\u00e1 realizado ao longo da orla do Perequ\u00ea-A\u00e7u, com largada marcada para \u00e0s 8h. A corrida contar\u00e1 com tr\u00eas modalidades, 3 km de caminhada, 6 km e 12 km de corrida, com trof\u00e9us para os cinco melhores colocados no geral, tanto masculino e feminino, nos percursos de 6 e 12 km divididos por faixas et\u00e1rias: 15 a 19 anos, 20 a 29, 30 a 39, 40 a 49 e 50+. Todos os participantes que aderirem ao kit receber\u00e3o medalhas.<\/p>\n<blockquote><p>\u201c\u00c9 uma oportunidade de estimular a pr\u00e1tica de atividade f\u00edsica entre pessoas de todas as idades, ao mesmo tempo em que promovemos uma a\u00e7\u00e3o social concreta e necess\u00e1ria\u201d, refor\u00e7ou o secret\u00e1rio de Esporte e Lazer, Saulo Souza.<\/p><\/blockquote>\n<p>\u201cEstamos muito felizes em poder ajudar nossa comunidade de forma t\u00e3o especial. \u00c9 qualidade de vida, solidariedade e bem-estar em uma s\u00f3 a\u00e7\u00e3o. Contamos com a participa\u00e7\u00e3o de todos para fazermos a diferen\u00e7a juntos\u201d, ressaltou o organizador e idealizador do evento, Maicon Amaro.<\/p>\n","protected":false},"excerpt":{"rendered":"<p>Ubatuba ser\u00e1 palco de uma a\u00e7\u00e3o que une esporte e solidariedade: a primeira Corrida Solid\u00e1ria, que ser\u00e1 realizada no dia 25 de maio. Toda a arrecada\u00e7\u00e3o das inscri\u00e7\u00f5es \u00e9 revertida em cestas b\u00e1sicas destinadas a fam\u00edlias em situa\u00e7\u00e3o de vulnerabilidade social. A iniciativa \u00e9 uma parceria entre o Fundo Social de Solidariedade e a Secretaria [&hellip;]<\/p>\n","protected":false},"author":26,"featured_media":33296,"comment_status":"open","ping_status":"open","sticky":false,"template":"","format":"standard","meta":{"footnotes":""},"categories":[11,12,14],"tags":[],"class_list":["post-33295","post","type-post","status-publish","format-standard","has-post-thumbnail","hentry","category-esportes","category-eventos","category-ubatuba"],"aioseo_notices":[],"_links":{"self":[{"href":"https:\/\/lrm67.com\/index.php\/wp-json\/wp\/v2\/posts\/33295","targetHints":{"allow":["GET"]}}],"collection":[{"href":"https:\/\/lrm67.com\/index.php\/wp-json\/wp\/v2\/posts"}],"about":[{"href":"https:\/\/lrm67.com\/index.php\/wp-json\/wp\/v2\/types\/post"}],"author":[{"embeddable":true,"href":"https:\/\/lrm67.com\/index.php\/wp-json\/wp\/v2\/users\/26"}],"replies":[{"embeddable":true,"href":"https:\/\/lrm67.com\/index.php\/wp-json\/wp\/v2\/comments?post=33295"}],"version-history":[{"count":1,"href":"https:\/\/lrm67.com\/index.php\/wp-json\/wp\/v2\/posts\/33295\/revisions"}],"predecessor-version":[{"id":33297,"href":"https:\/\/lrm67.com\/index.php\/wp-json\/wp\/v2\/posts\/33295\/revisions\/33297"}],"wp:featuredmedia":[{"embeddable":true,"href":"https:\/\/lrm67.com\/index.php\/wp-json\/wp\/v2\/media\/33296"}],"wp:attachment":[{"href":"https:\/\/lrm67.com\/index.php\/wp-json\/wp\/v2\/media?parent=33295"}],"wp:term":[{"taxonomy":"category","embeddable":true,"href":"https:\/\/lrm67.com\/index.php\/wp-json\/wp\/v2\/categories?post=33295"},{"taxonomy":"post_tag","embeddable":true,"href":"https:\/\/lrm67.com\/index.php\/wp-json\/wp\/v2\/tags?post=33295"}],"curies":[{"name":"wp","href":"https:\/\/api.w.org\/{rel}","templated":true}]}}