{"id":325,"date":"2022-01-19T14:31:48","date_gmt":"2022-01-19T17:31:48","guid":{"rendered":"https:\/\/lrm67.com\/?p=325"},"modified":"2022-01-19T14:31:48","modified_gmt":"2022-01-19T17:31:48","slug":"inscricoes-para-100-vagas-de-trabalho-no-censo-2022-em-sao-sebastiao-encerram-se-nesta-sexta-feira-21","status":"publish","type":"post","link":"https:\/\/lrm67.com\/index.php\/2022\/01\/19\/inscricoes-para-100-vagas-de-trabalho-no-censo-2022-em-sao-sebastiao-encerram-se-nesta-sexta-feira-21\/","title":{"rendered":"Inscri\u00e7\u00f5es para 100 vagas de trabalho no Censo 2022 em S\u00e3o Sebasti\u00e3o encerram-se nesta sexta-feira (21)"},"content":{"rendered":"<p>As inscri\u00e7\u00f5es do Processo Seletivo Simplificado para a realiza\u00e7\u00e3o do Censo Demogr\u00e1fico 2022 est\u00e3o abertas at\u00e9 21 de janeiro para os cargos de recenseador e para agentes censit\u00e1rios municipal e supervisor.<u><\/u><u><\/u><\/p>\n<p>Ainda h\u00e1 chance de se inscrever para 100 vagas destinadas a S\u00e3o Sebasti\u00e3o: s\u00e3o 39 para recenseador da Costa Sul; as regi\u00f5es Norte e Centro dividem outras 49 vagas de recenseador; e h\u00e1 12 vagas para agentes censit\u00e1rios municipal (uma vaga para a Regi\u00e3o Sul; uma vaga para as regi\u00f5es Central e Norte) e supervisor (quatro vagas para a Regi\u00e3o Sul; seis vagas para as regi\u00f5es Central e Norte).<u><\/u><u><\/u><\/p>\n<p>A inscri\u00e7\u00e3o pode ser paga at\u00e9 16 de fevereiro de 2022.<u><\/u><u><\/u><\/p>\n<p>No site do IBGE, \u00e9 poss\u00edvel obter informa\u00e7\u00f5es e links sobre o processo seletivo:\u00a0<a href=\"https:\/\/www.ibge.gov.br\/noticia.html?id=32569\" target=\"_blank\" rel=\"noopener\" data-saferedirecturl=\"https:\/\/www.google.com\/url?q=https:\/\/www.ibge.gov.br\/noticia.html?id%3D32569&amp;source=gmail&amp;ust=1642698321985000&amp;usg=AOvVaw2GgqVT8YWdpch7d7GQ_NJc\">www.ibge.gov.br<\/a><u><\/u><u><\/u><\/p>\n<p><u><\/u>\u00a0<u><\/u><\/p>\n<p><strong>Sobre os cargos<\/strong><u><\/u><u><\/u><\/p>\n<p>O\u00a0<strong>Agente Censit\u00e1rio Municipal (ACM)<\/strong>\u00a0gerencia e realiza atividades administrativas e t\u00e9cnico-operacionais, durante todo o trabalho do Censo Demogr\u00e1fico 2022. O\u00a0<strong>Agente Censit\u00e1rio Supervisor (ACS)<\/strong>\u00a0acompanha, avalia e orienta os recenseadores durante a execu\u00e7\u00e3o dos trabalhos de campo. Ambos os cargos exigem ensino m\u00e9dio completo.<u><\/u><u><\/u><\/p>\n<p><u><\/u>\u00b7\u00a0\u00a0\u00a0\u00a0\u00a0\u00a0\u00a0\u00a0\u00a0<u><\/u><strong>Taxa de inscri\u00e7\u00e3o:<\/strong>\u00a0R$ 60,50.<u><\/u><u><\/u><\/p>\n<p><u><\/u>\u00b7\u00a0\u00a0\u00a0\u00a0\u00a0\u00a0\u00a0\u00a0\u00a0<u><\/u><strong>Remunera\u00e7\u00e3o:<\/strong>\u00a0R$ 2.100,00 para ACM; R$ 1.700,00 para ACS.<u><\/u><u><\/u><\/p>\n<p><u><\/u>\u00b7\u00a0\u00a0\u00a0\u00a0\u00a0\u00a0\u00a0\u00a0\u00a0<u><\/u>Para mais informa\u00e7\u00f5es, clique\u00a0<a href=\"https:\/\/www.ibge.gov.br\/acesso-informacao\/institucional\/trabalhe-conosco\/32572-2021-9-agente-censitario-municipal-acm-e-agente-censitario-supervisor-acs-censo-demografico-2022.html\" target=\"_blank\" rel=\"noopener\" data-saferedirecturl=\"https:\/\/www.google.com\/url?q=https:\/\/www.ibge.gov.br\/acesso-informacao\/institucional\/trabalhe-conosco\/32572-2021-9-agente-censitario-municipal-acm-e-agente-censitario-supervisor-acs-censo-demografico-2022.html&amp;source=gmail&amp;ust=1642698321985000&amp;usg=AOvVaw2ndkqZ4b-8Vh1R6SMJbZTX\">aqui<\/a>.<u><\/u><u><\/u><\/p>\n<p><u><\/u>\u00a0<u><\/u><\/p>\n<p>O<strong>\u00a0recenseador<\/strong>\u00a0\u00e9 o respons\u00e1vel por fazer o trabalho da coleta de dados por meio de entrevistas com os moradores. \u00c9 exigido ao candidato ter o ensino fundamental.<u><\/u><u><\/u><\/p>\n<p><u><\/u>\u00b7\u00a0\u00a0\u00a0\u00a0\u00a0\u00a0\u00a0\u00a0\u00a0<u><\/u><strong>Taxa de inscri\u00e7\u00e3o:<\/strong>\u00a0R$ 57,50.<u><\/u><u><\/u><\/p>\n<p><u><\/u>\u00b7\u00a0\u00a0\u00a0\u00a0\u00a0\u00a0\u00a0\u00a0\u00a0<u><\/u><strong>Remunera\u00e7\u00e3o:<\/strong>\u00a0calculada por produ\u00e7\u00e3o, com base no n\u00famero de unidades visitadas; taxa de remunera\u00e7\u00e3o dos setores censit\u00e1rios; n\u00famero de question\u00e1rios respondidos; n\u00famero de pessoas recenseadas.<u><\/u><u><\/u><\/p>\n<p><u><\/u>\u00b7\u00a0\u00a0\u00a0\u00a0\u00a0\u00a0\u00a0\u00a0\u00a0<u><\/u>Para mais informa\u00e7\u00f5es, clique\u00a0<a href=\"https:\/\/www.ibge.gov.br\/acesso-informacao\/institucional\/trabalhe-conosco\/32571-2021-10-recenseador-censo-demografico-2022.html\" target=\"_blank\" rel=\"noopener\" data-saferedirecturl=\"https:\/\/www.google.com\/url?q=https:\/\/www.ibge.gov.br\/acesso-informacao\/institucional\/trabalhe-conosco\/32571-2021-10-recenseador-censo-demografico-2022.html&amp;source=gmail&amp;ust=1642698321985000&amp;usg=AOvVaw189SIV-7Gnaaksm8KrtHQM\">aqui<\/a>.<u><\/u><u><\/u><\/p>\n<p><u><\/u>\u00a0<u><\/u><\/p>\n<p><strong>Isen\u00e7\u00f5es e ressarcimento<\/strong><u><\/u><u><\/u><\/p>\n<p>T\u00eam direito \u00e0 isen\u00e7\u00e3o de taxa as seguintes pessoas:<u><\/u><u><\/u><\/p>\n<p>&#8211; Candidatos inscritos no Cad\u00danico e membros de fam\u00edlia de baixa renda;<u><\/u><u><\/u><\/p>\n<p>&#8211; Doadores de medula \u00f3ssea em entidades reconhecidas pelo Minist\u00e9rio da Sa\u00fade.<u><\/u><u><\/u><\/p>\n<p>Os inscritos nos processos seletivos cancelados dos anos de 2020 e 2021 devem solicitar o ressarcimento da taxa paga no site do IBGE.<\/p>\n<p>&nbsp;<\/p>\n<p><b>Prefeitura de S\u00e3o Sebasti\u00e3o<br \/>\n<\/b><\/p>\n","protected":false},"excerpt":{"rendered":"<p>As inscri\u00e7\u00f5es do Processo Seletivo Simplificado para a realiza\u00e7\u00e3o do Censo Demogr\u00e1fico 2022 est\u00e3o abertas at\u00e9 21 de janeiro para os cargos de recenseador e para agentes censit\u00e1rios municipal e supervisor. Ainda h\u00e1 chance de se inscrever para 100 vagas destinadas a S\u00e3o Sebasti\u00e3o: s\u00e3o 39 para recenseador da Costa Sul; as regi\u00f5es Norte e [&hellip;]<\/p>\n","protected":false},"author":26,"featured_media":0,"comment_status":"open","ping_status":"open","sticky":false,"template":"","format":"standard","meta":{"footnotes":""},"categories":[4,13],"tags":[24,22],"class_list":["post-325","post","type-post","status-publish","format-standard","hentry","category-economia","category-sao-sebastiao","tag-economia","tag-sao-sebastiao"],"aioseo_notices":[],"_links":{"self":[{"href":"https:\/\/lrm67.com\/index.php\/wp-json\/wp\/v2\/posts\/325","targetHints":{"allow":["GET"]}}],"collection":[{"href":"https:\/\/lrm67.com\/index.php\/wp-json\/wp\/v2\/posts"}],"about":[{"href":"https:\/\/lrm67.com\/index.php\/wp-json\/wp\/v2\/types\/post"}],"author":[{"embeddable":true,"href":"https:\/\/lrm67.com\/index.php\/wp-json\/wp\/v2\/users\/26"}],"replies":[{"embeddable":true,"href":"https:\/\/lrm67.com\/index.php\/wp-json\/wp\/v2\/comments?post=325"}],"version-history":[{"count":2,"href":"https:\/\/lrm67.com\/index.php\/wp-json\/wp\/v2\/posts\/325\/revisions"}],"predecessor-version":[{"id":328,"href":"https:\/\/lrm67.com\/index.php\/wp-json\/wp\/v2\/posts\/325\/revisions\/328"}],"wp:attachment":[{"href":"https:\/\/lrm67.com\/index.php\/wp-json\/wp\/v2\/media?parent=325"}],"wp:term":[{"taxonomy":"category","embeddable":true,"href":"https:\/\/lrm67.com\/index.php\/wp-json\/wp\/v2\/categories?post=325"},{"taxonomy":"post_tag","embeddable":true,"href":"https:\/\/lrm67.com\/index.php\/wp-json\/wp\/v2\/tags?post=325"}],"curies":[{"name":"wp","href":"https:\/\/api.w.org\/{rel}","templated":true}]}}