{"id":32022,"date":"2025-03-19T16:14:57","date_gmt":"2025-03-19T19:14:57","guid":{"rendered":"https:\/\/lrm67.com\/?p=32022"},"modified":"2025-03-19T23:18:30","modified_gmt":"2025-03-20T02:18:30","slug":"caraguatatuba-promove-celebracao-do-dia-internacional-da-sindrome-de-down","status":"publish","type":"post","link":"https:\/\/lrm67.com\/index.php\/2025\/03\/19\/caraguatatuba-promove-celebracao-do-dia-internacional-da-sindrome-de-down\/","title":{"rendered":"Caraguatatuba promove celebra\u00e7\u00e3o do Dia Internacional da S\u00edndrome de Down"},"content":{"rendered":"<p>O Dia Internacional da S\u00edndrome de Down \u00e9 celebrado no dia 21 de mar\u00e7o. A data foi escolhida para representar a trissomia do 21, ou seja, a triplica\u00e7\u00e3o do cromossomo 21 que causa a s\u00edndrome.<\/p>\n<p>A data \u00e9 oficialmente observada pela Organiza\u00e7\u00e3o das Na\u00e7\u00f5es Unidas (ONU) desde 2012 e tem como objetivos conscientizar as pessoas sobre a s\u00edndrome, quebrar o estigma social e promover a inclus\u00e3o social e aumentar a visibilidade das pessoas com s\u00edndrome de Down. De acordo com o Instituto Brasileiro de Geografia e Estat\u00edstica (IBGE), existem\u00a0cerca de 300 mil pessoas\u00a0com s\u00edndrome de Down no Brasil.<\/p>\n<p>A Secretaria dos Direitos da Pessoa com Defici\u00eancia e do Idoso (Sepedi) de Caraguatatuba realiza na sexta-feira (21), mesa redonda com a participa\u00e7\u00e3o Andressa do Nascimento, autodefensora da Apae (Associa\u00e7\u00e3o de Pais e Amigos dos Excepcionais) e Ricardo Briani, atleta de nata\u00e7\u00e3o e capoeirista, a partir das 8h30. Em seguida, a palestra \u201cCelebra\u00e7\u00f5es e Horizontes\u201d, com Jessica Pereira, psic\u00f3loga, mestre em Educa\u00e7\u00e3o e Trabalho, especialista em s\u00edndrome de Down, profissional com forte atua\u00e7\u00e3o em Inclus\u00e3o e Diversidade.<\/p>\n<p>\u201cConvidamos pais e familiares, pessoas com s\u00edndrome de Down, educadores e profissionais interessados para participarem desse momento de confraterniza\u00e7\u00e3o e troca de conhecimento e experi\u00eancias\u201d, declara Ivy Malerba, secret\u00e1ria da Sepedi.<\/p>\n<p>O evento \u00e9 aberto ao p\u00fablico e a presen\u00e7a deve ser confirmada pelo e-mail <a href=\"mailto:caragua.sepedi@gmail.com\">caragua.sepedi@gmail.com<\/a>.<\/p>\n","protected":false},"excerpt":{"rendered":"<p>O Dia Internacional da S\u00edndrome de Down \u00e9 celebrado no dia 21 de mar\u00e7o. A data foi escolhida para representar a trissomia do 21, ou seja, a triplica\u00e7\u00e3o do cromossomo 21 que causa a s\u00edndrome. A data \u00e9 oficialmente observada pela Organiza\u00e7\u00e3o das Na\u00e7\u00f5es Unidas (ONU) desde 2012 e tem como objetivos conscientizar as pessoas [&hellip;]<\/p>\n","protected":false},"author":26,"featured_media":32023,"comment_status":"open","ping_status":"open","sticky":false,"template":"","format":"standard","meta":{"footnotes":""},"categories":[44,2],"tags":[],"class_list":["post-32022","post","type-post","status-publish","format-standard","has-post-thumbnail","hentry","category-brasil","category-geral"],"aioseo_notices":[],"_links":{"self":[{"href":"https:\/\/lrm67.com\/index.php\/wp-json\/wp\/v2\/posts\/32022","targetHints":{"allow":["GET"]}}],"collection":[{"href":"https:\/\/lrm67.com\/index.php\/wp-json\/wp\/v2\/posts"}],"about":[{"href":"https:\/\/lrm67.com\/index.php\/wp-json\/wp\/v2\/types\/post"}],"author":[{"embeddable":true,"href":"https:\/\/lrm67.com\/index.php\/wp-json\/wp\/v2\/users\/26"}],"replies":[{"embeddable":true,"href":"https:\/\/lrm67.com\/index.php\/wp-json\/wp\/v2\/comments?post=32022"}],"version-history":[{"count":1,"href":"https:\/\/lrm67.com\/index.php\/wp-json\/wp\/v2\/posts\/32022\/revisions"}],"predecessor-version":[{"id":32024,"href":"https:\/\/lrm67.com\/index.php\/wp-json\/wp\/v2\/posts\/32022\/revisions\/32024"}],"wp:featuredmedia":[{"embeddable":true,"href":"https:\/\/lrm67.com\/index.php\/wp-json\/wp\/v2\/media\/32023"}],"wp:attachment":[{"href":"https:\/\/lrm67.com\/index.php\/wp-json\/wp\/v2\/media?parent=32022"}],"wp:term":[{"taxonomy":"category","embeddable":true,"href":"https:\/\/lrm67.com\/index.php\/wp-json\/wp\/v2\/categories?post=32022"},{"taxonomy":"post_tag","embeddable":true,"href":"https:\/\/lrm67.com\/index.php\/wp-json\/wp\/v2\/tags?post=32022"}],"curies":[{"name":"wp","href":"https:\/\/api.w.org\/{rel}","templated":true}]}}