{"id":31911,"date":"2025-03-17T11:24:41","date_gmt":"2025-03-17T14:24:41","guid":{"rendered":"https:\/\/lrm67.com\/?p=31911"},"modified":"2025-03-17T11:24:41","modified_gmt":"2025-03-17T14:24:41","slug":"sessao-solene-celebra-os-389-anos-de-emancipacao-politico-administrativa-de-sao-sebastiao","status":"publish","type":"post","link":"https:\/\/lrm67.com\/index.php\/2025\/03\/17\/sessao-solene-celebra-os-389-anos-de-emancipacao-politico-administrativa-de-sao-sebastiao\/","title":{"rendered":"Sess\u00e3o Solene celebra os 389 anos de emancipa\u00e7\u00e3o pol\u00edtico-administrativa de S\u00e3o Sebasti\u00e3o"},"content":{"rendered":"<p>A C\u00e2mara Municipal de S\u00e3o Sebasti\u00e3o realizou, no \u00faltimo domingo (16), no Teatro Municipal, uma Sess\u00e3o Solene em comemora\u00e7\u00e3o aos 389 anos de emancipa\u00e7\u00e3o pol\u00edtico-administrativa do munic\u00edpio. O evento reuniu autoridades, lideran\u00e7as comunit\u00e1rias e convidados em um momento de celebra\u00e7\u00e3o e reconhecimento a personalidades que contribu\u00edram significativamente para o desenvolvimento da cidade.<\/p>\n<p>A solenidade foi presidida pelo vereador Edgar Celestino e contou com a presen\u00e7a do prefeito Reinaldinho Moreira, do vice-prefeito Jos\u00e9 Reis, al\u00e9m de vereadores, representantes da sociedade civil e lideran\u00e7as religiosas. Durante a cerim\u00f4nia, foi resgatado um importante epis\u00f3dio hist\u00f3rico: o bombardeio de S\u00e3o Sebasti\u00e3o em 1893, durante a Revolta da Armada, um fato marcante para a cidade, apresentado pelo Arquivo P\u00fablico da C\u00e2mara.<\/p>\n<h3>Lavina de Matos recebe o Colar do M\u00e9rito Cai\u00e7ara<\/h3>\n<p>A entrega do Colar do M\u00e9rito Cai\u00e7ara foi um dos momentos mais marcantes da solenidade. A homenagem, concedida pela Vereadora Henriana Lacerda, reconheceu a trajet\u00f3ria de Lavina de Matos na preserva\u00e7\u00e3o da cultura cai\u00e7ara. &#8220;Dona Lavina \u00e9 um s\u00edmbolo vivo da nossa tradi\u00e7\u00e3o. Ela mant\u00e9m vivas manifesta\u00e7\u00f5es como a folia de reis, o artesanato local e a gastronomia t\u00edpica&#8221;, destacou a vereadora.<\/p>\n<p>Emocionada, Lavina agradeceu: &#8220;\u00c9 uma honra representar a cultura do nosso povo. Que essa homenagem seja um incentivo para que as futuras gera\u00e7\u00f5es continuem a valorizar nossas ra\u00edzes.&#8221;<\/p>\n<h3>Coronel Porto: dedica\u00e7\u00e3o \u00e0 recupera\u00e7\u00e3o de S\u00e3o Sebasti\u00e3o<\/h3>\n<p>O T\u00edtulo de Cidad\u00e3o Sebastianense foi concedido ao Coronel Andr\u00e9 Marcelo Warol Porto Rodrigues pelo ex-vereador, e atual vice-prefeito, Jos\u00e9 Reis. A honraria reconheceu sua atua\u00e7\u00e3o na recupera\u00e7\u00e3o da cidade ap\u00f3s as fortes chuvas de 2023. &#8220;Coronel Porto esteve conosco nos momentos mais dif\u00edceis, coordenando a\u00e7\u00f5es emergenciais e reconstruindo a esperan\u00e7a da popula\u00e7\u00e3o&#8221;, ressaltou o vereador.<\/p>\n<p>O homenageado destacou o v\u00ednculo que criou com a cidade: &#8220;S\u00e3o Sebasti\u00e3o entrou para a minha hist\u00f3ria. Receber esse t\u00edtulo \u00e9 uma responsabilidade e um compromisso de continuar ajudando essa terra que me acolheu t\u00e3o bem.&#8221;<\/p>\n<h3>Robson Sant\u2019Anna e sua contribui\u00e7\u00e3o econ\u00f4mica<\/h3>\n<p>O empres\u00e1rio Robson Sant\u2019Anna recebeu o T\u00edtulo de Cidad\u00e3o Sebastianense das m\u00e3os do vereador e Presidente da Casa, Edgar Celestino, que enfatizou sua trajet\u00f3ria no desenvolvimento econ\u00f4mico do munic\u00edpio. &#8220;Robson gerou empregos, investiu na cidade e escolheu S\u00e3o Sebasti\u00e3o como lar para sua fam\u00edlia e seus neg\u00f3cios&#8221;, declarou Celestino.<\/p>\n<p>Ao receber a homenagem, Robson destacou sua gratid\u00e3o: &#8220;Tudo que constru\u00ed foi com muito esfor\u00e7o e dedica\u00e7\u00e3o. Esse t\u00edtulo refor\u00e7a meu compromisso em continuar contribuindo para o crescimento da cidade.&#8221;<\/p>\n<h3>Paulo Aparecido de Oliveira: d\u00e9cadas de servi\u00e7o p\u00fablico<\/h3>\n<p>Indicado pelo vereador Professor Glauber, o ex-servidor p\u00fablico Paulo Aparecido de Oliveira foi reconhecido por sua atua\u00e7\u00e3o em \u00e1reas como seguran\u00e7a urbana e transporte coletivo. &#8220;Paulo sempre trabalhou com dedica\u00e7\u00e3o, indo al\u00e9m de suas fun\u00e7\u00f5es para melhorar a vida dos sebastianenses&#8221;, afirmou Glauber.<\/p>\n<p>Visivelmente emocionado, Paulo agradeceu: &#8220;\u00c9 uma honra imensa receber esse reconhecimento depois de tantos anos dedicados ao servi\u00e7o p\u00fablico. S\u00e3o Sebasti\u00e3o sempre ser\u00e1 minha casa.&#8221;<\/p>\n<h3>Dona Ildes: lideran\u00e7a e solidariedade<\/h3>\n<p>A vereadora Henriana \u00a0Lacerda homenageou Evanildes Alves dos Santos Andrade (Ildes), a Dona Hildes, por sua atua\u00e7\u00e3o comunit\u00e1ria na Vila Sahy. &#8220;Ela foi um pilar fundamental na organiza\u00e7\u00e3o da comunidade, especialmente ap\u00f3s a trag\u00e9dia de 2023&#8221;, destacou a vereadora.<\/p>\n<p>Dona Ildes ressaltou sua luta e dedica\u00e7\u00e3o: &#8220;Sempre batalhei pela minha comunidade, e ver esse reconhecimento me enche de gratid\u00e3o. Esse t\u00edtulo \u00e9 de todos que, junto comigo, fazem a diferen\u00e7a.&#8221;<\/p>\n<h3>Padre Alessandro: f\u00e9 e acolhimento<\/h3>\n<p>O vereador Jo\u00e3o Paulo Teixeira entregou o T\u00edtulo de Cidad\u00e3o Sebastianense ao Padre Alessandro Henrique Coelho, destacando sua atua\u00e7\u00e3o social e espiritual na cidade. &#8220;Padre Alessandro esteve presente nos momentos mais dif\u00edceis, como a pandemia e a trag\u00e9dia das chuvas, oferecendo conforto e solidariedade&#8221;, afirmou Jo\u00e3o Paulo.<\/p>\n<p>Em sua fala, o padre agradeceu: &#8220;Meu compromisso sempre foi estar ao lado das pessoas, levando esperan\u00e7a e apoio. Esse t\u00edtulo refor\u00e7a ainda mais minha miss\u00e3o em S\u00e3o Sebasti\u00e3o.&#8221;<\/p>\n<h3>Dona Nira: d\u00e9cadas de voluntariado<\/h3>\n<p>A homenagem a Generina Cunha de Camargo, a Dona Nira, foi entregue pelo vereador Professor Cardim. &#8220;Ela dedicou sua vida a ajudar os outros, seja na Pastoral da Crian\u00e7a ou no hospital. \u00c9 uma refer\u00eancia de acolhimento e solidariedade&#8221;, disse o vereador.<\/p>\n<p>Dona Nira recebeu a honraria com humildade: &#8220;Tudo que fiz foi com amor e pelo bem das pessoas. Esse reconhecimento me d\u00e1 ainda mais for\u00e7a para continuar ajudando.&#8221;<\/p>\n<h3>Henriana Lacerda: trajet\u00f3ria e compromisso<\/h3>\n<p>A vereadora Enfermeira Maria Angela \u00a0concedeu o t\u00edtulo \u00e0 colega de legislatura Henriana Lacerda, reconhecendo sua atua\u00e7\u00e3o no turismo e em causas sociais. &#8220;Henriana tem uma hist\u00f3ria de dedica\u00e7\u00e3o ao munic\u00edpio, sempre engajada em a\u00e7\u00f5es que fortalecem nossa cidade&#8221;, afirmou Maria Angela.<\/p>\n<p>Henriana agradeceu emocionada: &#8220;S\u00e3o Sebasti\u00e3o \u00e9 minha casa h\u00e1 30 anos. Esse t\u00edtulo simboliza minha conex\u00e3o com essa cidade e o compromisso de continuar trabalhando por ela.&#8221;<\/p>\n<h3>Mestre Simba: capoeira e inclus\u00e3o social<\/h3>\n<p>O \u00faltimo homenageado da noite foi Gustavo de Souza Leite, o Mestre Simba, que recebeu o t\u00edtulo das m\u00e3os do vereador Ti\u00e3o da Solange. &#8220;Simba transformou vidas atrav\u00e9s da capoeira, promovendo inclus\u00e3o e oportunidades para jovens da periferia&#8221;, destacou o parlamentar.<\/p>\n<p>Em sua fala, Mestre Simba refor\u00e7ou a import\u00e2ncia do seu trabalho: &#8220;A capoeira \u00e9 resist\u00eancia, cultura e inclus\u00e3o. Esse reconhecimento fortalece nossa luta e nossa miss\u00e3o.&#8221;<\/p>\n<h3>Encerramento e reconhecimento<\/h3>\n<p>O prefeito Reinaldinho Moreira destacou a import\u00e2ncia da solenidade como um momento de valoriza\u00e7\u00e3o da hist\u00f3ria e das pessoas que fazem diferen\u00e7a na cidade. &#8220;Reconhecer aqueles que contribuem para o crescimento de S\u00e3o Sebasti\u00e3o \u00e9 essencial para refor\u00e7ar o sentimento de pertencimento e incentivo \u00e0s boas pr\u00e1ticas em nossa sociedade&#8221;, afirmou o prefeito.<\/p>\n<p>O Presidente da C\u00e2mara, vereador Edgar Celestino, ressaltou o papel do Legislativo na valoriza\u00e7\u00e3o de figuras que constroem a hist\u00f3ria do munic\u00edpio. \u201cHoje celebramos pessoas que fazem a diferen\u00e7a, que deixam um legado para as futuras gera\u00e7\u00f5es. \u00c9 uma honra poder conceder esse reconhecimento.\u201d<\/p>\n<p>J\u00e1 o vice-prefeito, Jos\u00e9 Reis, enfatizou a conex\u00e3o dos homenageados com a cidade. &#8220;Essas pessoas mostraram comprometimento e trabalho incans\u00e1vel por S\u00e3o Sebasti\u00e3o. Esse reconhecimento \u00e9 mais do que merecido.&#8221;<\/p>\n<p>A Sess\u00e3o Solene foi encerrada com a tradicional foto oficial dos homenageados e um agradecimento especial do Presidente da C\u00e2mara, \u00a0Edgar Celestino, a todos os presentes. &#8220;Este \u00e9 um momento de gratid\u00e3o e celebra\u00e7\u00e3o. Que possamos continuar honrando nossa cidade e nossa hist\u00f3ria com dedica\u00e7\u00e3o e respeito&#8221;, finalizou.<\/p>\n","protected":false},"excerpt":{"rendered":"<p>A C\u00e2mara Municipal de S\u00e3o Sebasti\u00e3o realizou, no \u00faltimo domingo (16), no Teatro Municipal, uma Sess\u00e3o Solene em comemora\u00e7\u00e3o aos 389 anos de emancipa\u00e7\u00e3o pol\u00edtico-administrativa do munic\u00edpio. O evento reuniu autoridades, lideran\u00e7as comunit\u00e1rias e convidados em um momento de celebra\u00e7\u00e3o e reconhecimento a personalidades que contribu\u00edram significativamente para o desenvolvimento da cidade. A solenidade foi [&hellip;]<\/p>\n","protected":false},"author":28,"featured_media":31912,"comment_status":"open","ping_status":"open","sticky":false,"template":"","format":"standard","meta":{"footnotes":""},"categories":[16,13],"tags":[],"class_list":["post-31911","post","type-post","status-publish","format-standard","has-post-thumbnail","hentry","category-politica","category-sao-sebastiao"],"aioseo_notices":[],"_links":{"self":[{"href":"https:\/\/lrm67.com\/index.php\/wp-json\/wp\/v2\/posts\/31911","targetHints":{"allow":["GET"]}}],"collection":[{"href":"https:\/\/lrm67.com\/index.php\/wp-json\/wp\/v2\/posts"}],"about":[{"href":"https:\/\/lrm67.com\/index.php\/wp-json\/wp\/v2\/types\/post"}],"author":[{"embeddable":true,"href":"https:\/\/lrm67.com\/index.php\/wp-json\/wp\/v2\/users\/28"}],"replies":[{"embeddable":true,"href":"https:\/\/lrm67.com\/index.php\/wp-json\/wp\/v2\/comments?post=31911"}],"version-history":[{"count":1,"href":"https:\/\/lrm67.com\/index.php\/wp-json\/wp\/v2\/posts\/31911\/revisions"}],"predecessor-version":[{"id":31913,"href":"https:\/\/lrm67.com\/index.php\/wp-json\/wp\/v2\/posts\/31911\/revisions\/31913"}],"wp:featuredmedia":[{"embeddable":true,"href":"https:\/\/lrm67.com\/index.php\/wp-json\/wp\/v2\/media\/31912"}],"wp:attachment":[{"href":"https:\/\/lrm67.com\/index.php\/wp-json\/wp\/v2\/media?parent=31911"}],"wp:term":[{"taxonomy":"category","embeddable":true,"href":"https:\/\/lrm67.com\/index.php\/wp-json\/wp\/v2\/categories?post=31911"},{"taxonomy":"post_tag","embeddable":true,"href":"https:\/\/lrm67.com\/index.php\/wp-json\/wp\/v2\/tags?post=31911"}],"curies":[{"name":"wp","href":"https:\/\/api.w.org\/{rel}","templated":true}]}}