{"id":31588,"date":"2025-02-25T21:26:00","date_gmt":"2025-02-26T00:26:00","guid":{"rendered":"https:\/\/lrm67.com\/?p=31588"},"modified":"2025-02-25T21:26:00","modified_gmt":"2025-02-26T00:26:00","slug":"ubafolia-confira-como-sera-o-carnaval-2025-em-ubatuba","status":"publish","type":"post","link":"https:\/\/lrm67.com\/index.php\/2025\/02\/25\/ubafolia-confira-como-sera-o-carnaval-2025-em-ubatuba\/","title":{"rendered":"Ubafolia: Confira como ser\u00e1 o Carnaval 2025 em Ubatuba"},"content":{"rendered":"<p style=\"font-weight: 400;\">A Prefeitura de Ubatuba divulga a programa\u00e7\u00e3o oficial do Carnaval 2025, um dos eventos mais aguardados do ano. Com uma agenda repleta de blocos de rua, matin\u00eas, Festival de Marchinhas e Carnaval Hist\u00f3rico, a expectativa \u00e9<\/p>\n<p style=\"font-weight: 400;\">A expectativa para o reinado de Momo na Capital do Surfe \u00e9 de receber, aproximadamente, um milh\u00e3o de turistas. Historicamente, a ocupa\u00e7\u00e3o hoteleira durante esse per\u00edodo varia entre 85% e 100%, indicando um aquecimento significativo na economia local.<\/p>\n<p style=\"font-weight: 400;\">\u201cSetores como bares, restaurantes e o com\u00e9rcio em geral tamb\u00e9m se beneficiam desse aumento no fluxo de visitantes. Com as condi\u00e7\u00f5es clim\u00e1ticas favor\u00e1veis previstas para fevereiro, incluindo dias de sol e calor, a tend\u00eancia \u00e9 que Ubatuba atraia um grande p\u00fablico durante o\u00a0Carnaval, impulsionando ainda mais a economia local\u201d, explicou o secret\u00e1rio de Turismo de Ubatuba, Bruno Oliveira.<\/p>\n<p style=\"font-weight: 400;\">Segundo dados divulgados recentemente por uma plataforma de hospedagem, Ubatuba \u00e9 o quarto destino mais procurado por turistas que desejam viajar dentro do pa\u00eds sendo que, os tr\u00eas primeiros, s\u00e3o destinos onde j\u00e1 existe a grande tradi\u00e7\u00e3o da festividade, como Rio de Janeiro (RJ), Jo\u00e3o Pessoa (PB) e Porto de Galinhas (PE).<\/p>\n<p style=\"font-weight: 400;\">Por isso, para o per\u00edodo, foi elaborada uma programa\u00e7\u00e3o diversificada, para contemplar todas as faixas et\u00e1rias e todas as regi\u00f5es do munic\u00edpio. \u201cN\u00f3s teremos uma estrutura diferenciada, que conta, inclusive, com uma arquibancada na avenida Iperoig, local onde acontecer\u00e1 a concentra\u00e7\u00e3o dos blocos que s\u00e3o puxados por trio el\u00e9trico\u201d, acrescentou o secret\u00e1rio.<\/p>\n<h2 style=\"font-weight: 400;\"><strong>Programa\u00e7\u00e3o<\/strong><\/h2>\n<h3 style=\"font-weight: 400;\"><strong>Carnaval Hist\u00f3rico da Fundart<\/strong><\/h3>\n<p style=\"font-weight: 400;\">A agenda come\u00e7a com o 18\u00ba Festival de Marchinhas Carnavalescas, com etapas eliminat\u00f3rias nos dias 27 e 28 de fevereiro, a partir das 19h, e a grande final no s\u00e1bado, dia 1\u00ba de mar\u00e7o, quando ser\u00e3o premiadas as tr\u00eas melhores marchinhas, al\u00e9m do melhor int\u00e9rprete e da melhor fantasia.<\/p>\n<p style=\"font-weight: 400;\">Nos demais dias de carnaval, a Fundart oferecer\u00e1 matin\u00eas infantis, com recrea\u00e7\u00e3o, sorteios de brindes e muitas brincadeiras para as crian\u00e7as, de domingo, 2 de mar\u00e7o, at\u00e9 ter\u00e7a-feira, 4 de mar\u00e7o, a partir das 15h30. \u00c0 noite, a Pra\u00e7a da Matriz receber\u00e1 ainda o Baile de Marchinhas do Carnaval Hist\u00f3rico.<\/p>\n<h3 style=\"font-weight: 400;\"><strong>Blocos<\/strong><\/h3>\n<p style=\"font-weight: 400;\">O desfile dos blocos acontecer\u00e1 na avenida Iperoig, onde haver\u00e1 uma arquibancada onde os foli\u00f5es poder\u00e3o acompanhar o desfile das agremia\u00e7\u00f5es.<\/p>\n<p style=\"font-weight: 400;\">A festa come\u00e7a com os blocos \u201cGalo da Meia Noite\u201d e \u201cDark River\u201d prometem animar os foli\u00f5es em Perequ\u00ea-A\u00e7u e Rio Escuro, respectivamente.<\/p>\n<p style=\"font-weight: 400;\">No s\u00e1bado, 1\u00ba de mar\u00e7o, os destaques ficam por conta do HoliFestival das Cores, do tradicional e aguardado Bloco da Cachorrada, al\u00e9m da presen\u00e7a dos blocos \u201cBloco + Tem\u201d, \u201cBloco do Pif\u00e3o\u201d e do palco de shows na Maranduba.<\/p>\n<p style=\"font-weight: 400;\">J\u00e1 no domingo, 2, a folia continua com os blocos \u201cArrastapelvis\u201d, \u00a0\u201cGalinha\u201d, \u201cGresmai\u201d, \u201cLambe-Lambe\u201d, al\u00e9m do Bloco dos Cornu\u2019s. O dia ainda contar\u00e1 com matin\u00eas e o Bloco \u201cDark River\u201d, voltando a se apresentar no Rio Escuro.<\/p>\n<p style=\"font-weight: 400;\">A programa\u00e7\u00e3o segue at\u00e9 ter\u00e7a-feira, 4,<strong>\u00a0<\/strong>com destaques como os blocos \u201cS\u00f3 Pra Beber\u201d, \u201cLili Carabina\u201d, \u201cBloco dos Separados\u201d, \u201cBatucada aben\u00e7oada\u201d, \u201cCarnaveloso\u201d, \u201cRhasgados\u201d, \u201cReprovados e apresenta\u00e7\u00f5es no palco de shows.<\/p>\n<p style=\"font-weight: 400;\">Na quarta-feira de cinzas, 5, o Bloco do Pato encerra oficialmente a folia na rua Baltazar Fortes, pr\u00f3ximo ao Sobrad\u00e3o do Porto.<\/p>\n","protected":false},"excerpt":{"rendered":"<p>A Prefeitura de Ubatuba divulga a programa\u00e7\u00e3o oficial do Carnaval 2025, um dos eventos mais aguardados do ano. Com uma agenda repleta de blocos de rua, matin\u00eas, Festival de Marchinhas e Carnaval Hist\u00f3rico, a expectativa \u00e9 A expectativa para o reinado de Momo na Capital do Surfe \u00e9 de receber, aproximadamente, um milh\u00e3o de turistas. [&hellip;]<\/p>\n","protected":false},"author":26,"featured_media":31589,"comment_status":"open","ping_status":"open","sticky":false,"template":"","format":"standard","meta":{"footnotes":""},"categories":[30,12,14],"tags":[],"class_list":["post-31588","post","type-post","status-publish","format-standard","has-post-thumbnail","hentry","category-cultura","category-eventos","category-ubatuba"],"aioseo_notices":[],"_links":{"self":[{"href":"https:\/\/lrm67.com\/index.php\/wp-json\/wp\/v2\/posts\/31588","targetHints":{"allow":["GET"]}}],"collection":[{"href":"https:\/\/lrm67.com\/index.php\/wp-json\/wp\/v2\/posts"}],"about":[{"href":"https:\/\/lrm67.com\/index.php\/wp-json\/wp\/v2\/types\/post"}],"author":[{"embeddable":true,"href":"https:\/\/lrm67.com\/index.php\/wp-json\/wp\/v2\/users\/26"}],"replies":[{"embeddable":true,"href":"https:\/\/lrm67.com\/index.php\/wp-json\/wp\/v2\/comments?post=31588"}],"version-history":[{"count":1,"href":"https:\/\/lrm67.com\/index.php\/wp-json\/wp\/v2\/posts\/31588\/revisions"}],"predecessor-version":[{"id":31590,"href":"https:\/\/lrm67.com\/index.php\/wp-json\/wp\/v2\/posts\/31588\/revisions\/31590"}],"wp:featuredmedia":[{"embeddable":true,"href":"https:\/\/lrm67.com\/index.php\/wp-json\/wp\/v2\/media\/31589"}],"wp:attachment":[{"href":"https:\/\/lrm67.com\/index.php\/wp-json\/wp\/v2\/media?parent=31588"}],"wp:term":[{"taxonomy":"category","embeddable":true,"href":"https:\/\/lrm67.com\/index.php\/wp-json\/wp\/v2\/categories?post=31588"},{"taxonomy":"post_tag","embeddable":true,"href":"https:\/\/lrm67.com\/index.php\/wp-json\/wp\/v2\/tags?post=31588"}],"curies":[{"name":"wp","href":"https:\/\/api.w.org\/{rel}","templated":true}]}}