{"id":31372,"date":"2025-02-14T14:16:55","date_gmt":"2025-02-14T17:16:55","guid":{"rendered":"https:\/\/lrm67.com\/?p=31372"},"modified":"2025-02-14T14:16:55","modified_gmt":"2025-02-14T17:16:55","slug":"projeto-verao-no-clima-chega-em-ilhabela-dia-27-de-fevereiro","status":"publish","type":"post","link":"https:\/\/lrm67.com\/index.php\/2025\/02\/14\/projeto-verao-no-clima-chega-em-ilhabela-dia-27-de-fevereiro\/","title":{"rendered":"Projeto Ver\u00e3o no Clima chega em Ilhabela dia 27 de fevereiro"},"content":{"rendered":"<p>O Projeto\u00a0<a role=\"link\" href=\"https:\/\/www.agenciasp.sp.gov.br\/verao-sao-paulo-chuvas-isoladas\/\">Ver\u00e3o<\/a>\u00a0no Clima chega ao litoral de S\u00e3o Paulo para mais uma edi\u00e7\u00e3o. A iniciativa busca conscientizar a popula\u00e7\u00e3o sobre a import\u00e2ncia de manter as praias limpas descartando os res\u00edduos corretamente. Para isso, o Governo do Estado organizou a\u00e7\u00f5es de limpeza e lazer nas praias.<\/p>\n<p>Considerada\u00a0<a role=\"link\" href=\"https:\/\/www.agenciasp.sp.gov.br\/praia-do-guaruja-se-torna-a-mais-premiada-da-america-do-sul\/\">uma das orlas litor\u00e2neas mais bonitas do pa\u00eds<\/a>, a cidade de Santos receber\u00e1 a primeira etapa do projeto no pr\u00f3ximo dia 22. O evento ter\u00e1 in\u00edcio \u00e0s 8h na Baixada Santista, com uma arena montada na pra\u00e7a do Emiss\u00e1rio Submarino. Os participantes poder\u00e3o curtir diversas atividades gratuitas, como frescobol na areia e apresenta\u00e7\u00f5es de dan\u00e7a com a participa\u00e7\u00e3o especial do grupo FitDance. Na parte educativa, ser\u00e3o realizadas oficinas de coleta seletiva e de artes e artesanato utilizando res\u00edduos recicl\u00e1veis.<\/p>\n<p>\u00c0s 9h, toda a popula\u00e7\u00e3o est\u00e1 convidada a se unir \u00e0s autoridades convidadas para um grande mutir\u00e3o de limpeza na praia. Ser\u00e3o distribu\u00eddos kits de brindes para as primeiras 50 pessoas que participarem do mutir\u00e3o. \u201cQueremos realizar um grande ato de coleta de res\u00edduos das areias para conscientizar a popula\u00e7\u00e3o sobre a responsabilidade de cada um na preserva\u00e7\u00e3o das nossas praias\u201d, enfatiza a secret\u00e1ria de Meio Ambiente, Infraestrutura e Log\u00edstica, Nat\u00e1lia Resende.<\/p>\n<p>A a\u00e7\u00e3o, realizada todos os anos pela Coordenadoria de Educa\u00e7\u00e3o Ambiental da Secretaria Estadual de Meio Ambiente, Infraestrutura e Log\u00edstica (Semil), este ano conta com patroc\u00ednio da\u00a0<a role=\"link\" href=\"https:\/\/www.agenciasp.sp.gov.br\/tarcisio-de-freitas-recebe-premio-internacional-de-oferta-do-ano-pelo-bem-sucedido-follow-on-da-sabesp\/\">Sabesp<\/a>\u00a0por meio da Lei Federal de Incentivo \u00e0 Cultura, do Minist\u00e9rio da Cultura, com produ\u00e7\u00e3o da X3M. A iniciativa tamb\u00e9m tem apoio da Companhia Ambiental do Estado de S\u00e3o Paulo (Cetesb) e das prefeituras das cidades que receber\u00e3o as atividades.<\/p>\n<p>Segundo Nat\u00e1lia,\u00a0<a role=\"link\" href=\"https:\/\/www.agenciasp.sp.gov.br\/em-um-mes-remocao-de-lixo-do-rio-pinheiros-chega-a-7-mil-toneladas-a-um-custo-de-r-17-milhoes\/\">o descarte incorreto de lixo<\/a>\u00a0nas praias tem gerado muitos danos ao meio ambiente, aos animais marinhos e tamb\u00e9m \u00e0 popula\u00e7\u00e3o, pois favorece a presen\u00e7a de parasitas transmissores de doen\u00e7as. \u201cO pl\u00e1stico, como copos, pratos e talheres descart\u00e1veis, por exemplo, \u00e9 um dos res\u00edduos mais encontrados nas praias, e um dos mais danosos. Ele se decomp\u00f5e em part\u00edculas menores que entram na cadeia alimentar dos animais marinhos e, consequentemente, na nossa tamb\u00e9m, causando doen\u00e7as. \u00c9 muito importante que todos estejam atentos aos res\u00edduos que produzem e que destinem corretamente\u201d, ressalta.<\/p>\n<p>Al\u00e9m de toda a equipe da Coordenadoria de Educa\u00e7\u00e3o Ambiental da Semil, a Sabesp e a Cetesb tamb\u00e9m estar\u00e3o presentes no evento, com informa\u00e7\u00f5es para a popula\u00e7\u00e3o. T\u00e9cnicos da Cetesb far\u00e3o uma demonstra\u00e7\u00e3o de como \u00e9 feito o monitoramento da balneabilidade das praias. Esse par\u00e2metro indica a qualidade das \u00e1guas para atividades como banho, por exemplo.<\/p>\n<p>Al\u00e9m disso, os t\u00e9cnicos orientar\u00e3o sobre a import\u00e2ncia de observar as bandeiras indicativas, de pr\u00f3pria ou impr\u00f3pria. \u201cNo ver\u00e3o, quando as chuvas s\u00e3o mais frequentes, a enxurrada acaba carregando para o mar a polui\u00e7\u00e3o difusa, prejudicando a qualidade da \u00e1gua. \u00c9 muito importante que a popula\u00e7\u00e3o esteja atenta \u00e0s indica\u00e7\u00f5es de balneabilidade\u201d, afirma a secret\u00e1ria da Semil.<\/p>\n<p>A Sabesp apresentar\u00e1 no evento as a\u00e7\u00f5es e investimentos que ser\u00e3o realizados no litoral para antecipar em quatro anos a universaliza\u00e7\u00e3o do saneamento. A Companhia tamb\u00e9m colocar\u00e1 bebedouros em pontos estrat\u00e9gicos do evento para a hidrata\u00e7\u00e3o do p\u00fablico. A empresa oferecer\u00e1 ainda um espa\u00e7o educativo para crian\u00e7as com atividades l\u00fadicas, os pequenos ir\u00e3o aprender sobre a import\u00e2ncia do saneamento b\u00e1sico e a prote\u00e7\u00e3o da vida marinha.<\/p>\n<p>Os res\u00edduos coletados no mutir\u00e3o, bem como os gerados pelo evento, ser\u00e3o corretamente destinados a uma cooperativa de reciclagem local.<\/p>\n<p>O Projeto Ver\u00e3o no Clima, al\u00e9m de passar por Santos (22\/2), tamb\u00e9m estar\u00e1 nas praias de <strong>Ilhabela (27)<\/strong>, Guaruj\u00e1 (4\/3) e Praia Grande (15\/3).<\/p>\n<h2 class=\"wp-block-heading\">Confira os endere\u00e7os:<\/h2>\n<h2 class=\"wp-block-heading\">Santos<\/h2>\n<ul class=\"wp-block-list\">\n<li><strong>Data:<\/strong>\u00a022 de fevereiro<\/li>\n<li><strong>Local do evento:\u00a0<\/strong>Av. Pres. Wilson, 170 \u2013 Jos\u00e9 Menino, Santos \u2013 SP, 11065-201 (Pra\u00e7a Emiss\u00e1rio Submarino de Santos)<\/li>\n<\/ul>\n<h2 class=\"wp-block-heading\">Ilhabela<\/h2>\n<ul class=\"wp-block-list\">\n<li><strong>Data:<\/strong>\u00a027 de fevereiro<\/li>\n<li><strong>Local do evento:<\/strong>\u00a0Praia do Sino<\/li>\n<\/ul>\n<h2 class=\"wp-block-heading\">Guaruj\u00e1<\/h2>\n<ul class=\"wp-block-list\">\n<li><strong>Data:<\/strong>\u00a04 de mar\u00e7o<\/li>\n<li><strong>Local do evento:\u00a0<\/strong>Pra\u00e7a Hor\u00e1cio Lafer \u2013 Jardim Tejereba, Guaruj\u00e1 \u2013 SP, 11440-530<\/li>\n<\/ul>\n<h2 class=\"wp-block-heading\">Praia Grande<\/h2>\n<ul class=\"wp-block-list\">\n<li><strong>Data:<\/strong>\u00a015 de mar\u00e7o<\/li>\n<li><strong>Local do evento:\u00a0<\/strong>Praia da Guilhermina<\/li>\n<\/ul>\n<h2 class=\"wp-block-heading\">Confira a programa\u00e7\u00e3o:<\/h2>\n<ul class=\"wp-block-list\">\n<li><strong>Abertura do evento:<\/strong>\u00a08h<\/li>\n<li><strong>Sa\u00edda do mutir\u00e3o para limpeza da praia:<\/strong>\u00a09h<\/li>\n<li><strong>Frescobol:<\/strong>\u00a09h30 \u00e0s 18h<\/li>\n<\/ul>\n<h3 class=\"wp-block-heading\">Aulas de FitDance:<\/h3>\n<ul class=\"wp-block-list\">\n<li>10h30 \u00e0s 11h30<\/li>\n<li>14h \u00e0s 15h<\/li>\n<li>15h30 \u00e0s 16h30<\/li>\n<\/ul>\n<h3 class=\"wp-block-heading\">Oficinas:<\/h3>\n<ul class=\"wp-block-list\">\n<li><strong>Coleta seletiva:<\/strong>\u00a010h \u00e0s 12h00<\/li>\n<li><strong>Chaveiro de Madeira Pl\u00e1stica:\u00a0<\/strong>10h \u00e0s 12h<\/li>\n<li><strong>Artes sustent\u00e1veis:<\/strong>\u00a014h \u00e0s 18h<\/li>\n<li><strong>Encerramento:\u00a0<\/strong>18h<\/li>\n<\/ul>\n","protected":false},"excerpt":{"rendered":"<p>O Projeto\u00a0Ver\u00e3o\u00a0no Clima chega ao litoral de S\u00e3o Paulo para mais uma edi\u00e7\u00e3o. A iniciativa busca conscientizar a popula\u00e7\u00e3o sobre a import\u00e2ncia de manter as praias limpas descartando os res\u00edduos corretamente. Para isso, o Governo do Estado organizou a\u00e7\u00f5es de limpeza e lazer nas praias. Considerada\u00a0uma das orlas litor\u00e2neas mais bonitas do pa\u00eds, a cidade [&hellip;]<\/p>\n","protected":false},"author":26,"featured_media":31373,"comment_status":"open","ping_status":"open","sticky":false,"template":"","format":"standard","meta":{"footnotes":""},"categories":[12,2,3,18],"tags":[],"class_list":["post-31372","post","type-post","status-publish","format-standard","has-post-thumbnail","hentry","category-eventos","category-geral","category-ilhabela","category-meio-ambiente"],"aioseo_notices":[],"_links":{"self":[{"href":"https:\/\/lrm67.com\/index.php\/wp-json\/wp\/v2\/posts\/31372","targetHints":{"allow":["GET"]}}],"collection":[{"href":"https:\/\/lrm67.com\/index.php\/wp-json\/wp\/v2\/posts"}],"about":[{"href":"https:\/\/lrm67.com\/index.php\/wp-json\/wp\/v2\/types\/post"}],"author":[{"embeddable":true,"href":"https:\/\/lrm67.com\/index.php\/wp-json\/wp\/v2\/users\/26"}],"replies":[{"embeddable":true,"href":"https:\/\/lrm67.com\/index.php\/wp-json\/wp\/v2\/comments?post=31372"}],"version-history":[{"count":1,"href":"https:\/\/lrm67.com\/index.php\/wp-json\/wp\/v2\/posts\/31372\/revisions"}],"predecessor-version":[{"id":31374,"href":"https:\/\/lrm67.com\/index.php\/wp-json\/wp\/v2\/posts\/31372\/revisions\/31374"}],"wp:featuredmedia":[{"embeddable":true,"href":"https:\/\/lrm67.com\/index.php\/wp-json\/wp\/v2\/media\/31373"}],"wp:attachment":[{"href":"https:\/\/lrm67.com\/index.php\/wp-json\/wp\/v2\/media?parent=31372"}],"wp:term":[{"taxonomy":"category","embeddable":true,"href":"https:\/\/lrm67.com\/index.php\/wp-json\/wp\/v2\/categories?post=31372"},{"taxonomy":"post_tag","embeddable":true,"href":"https:\/\/lrm67.com\/index.php\/wp-json\/wp\/v2\/tags?post=31372"}],"curies":[{"name":"wp","href":"https:\/\/api.w.org\/{rel}","templated":true}]}}