{"id":31368,"date":"2025-02-14T14:03:46","date_gmt":"2025-02-14T17:03:46","guid":{"rendered":"https:\/\/lrm67.com\/?p=31368"},"modified":"2025-02-14T14:03:46","modified_gmt":"2025-02-14T17:03:46","slug":"ubatuba-recebe-cameras-e-drone-para-monitoramento-da-fauna-em-aldeia-indigena","status":"publish","type":"post","link":"https:\/\/lrm67.com\/index.php\/2025\/02\/14\/ubatuba-recebe-cameras-e-drone-para-monitoramento-da-fauna-em-aldeia-indigena\/","title":{"rendered":"Ubatuba recebe c\u00e2meras e drone para monitoramento da fauna em aldeia ind\u00edgena"},"content":{"rendered":"<p>A aldeia Renascer Ywyty Gua\u00e7u, localizada em Ubatuba, foi contemplada com c\u00e2meras e um drone para monitorar os animais da Mata Atl\u00e2ntica local, um dos biomas mais ricos e amea\u00e7ados do Brasil e que ocupa aproximadamente 15% do territ\u00f3rio nacional. A iniciativa foi fruto de uma an\u00e1lise realizada pela Secretaria da Justi\u00e7a e Cidadania, por meio da Coordenadoria de Pol\u00edticas para os Povos Ind\u00edgenas (CPPI).<\/p>\n<p>O projeto de monitoramento inclui a instala\u00e7\u00e3o de cinco c\u00e2meras (trap) e um drone, que t\u00eam como objetivo n\u00e3o apenas monitorar a fauna da regi\u00e3o, mas tamb\u00e9m garantir a seguran\u00e7a da comunidade ind\u00edgena. Os dispositivos s\u00e3o equipados com sensores de movimento, acionando automaticamente as c\u00e2meras quando detectam a aproxima\u00e7\u00e3o de animais, permitindo o registro de imagens de esp\u00e9cies que habitam a Mata Atl\u00e2ntica.<\/p>\n<p>Essa a\u00e7\u00e3o \u00e9 viabilizada pelo Programa Guardi\u00f5es da Floresta (Kagwydja), da Funda\u00e7\u00e3o Florestal, que, al\u00e9m de fornecer os equipamentos, remunera as comunidades ind\u00edgenas, incentivando a preserva\u00e7\u00e3o das unidades de conserva\u00e7\u00e3o \u2013 muitas das quais coincidem com terras ind\u00edgenas.<\/p>\n<p>\u201cA CPPI tem se dedicado a apoiar as causas ind\u00edgenas, promovendo a valoriza\u00e7\u00e3o dos saberes tradicionais e sua participa\u00e7\u00e3o ativa na conserva\u00e7\u00e3o ambiental\u201d, ressaltou Cristiano Kiririndju, coordenador de Pol\u00edticas para os Povos Ind\u00edgenas<\/p>\n<p>As c\u00e2meras t\u00eam capturado imagens de grandes predadores, como a jaguatirica, a anta e o quati, al\u00e9m de p\u00e1ssaros como o tangar\u00e1 e o inambu, esp\u00e9cies essenciais para o controle de insetos e a poliniza\u00e7\u00e3o da vegeta\u00e7\u00e3o nativa, evidenciando a interdepend\u00eancia entre os seres vivos da regi\u00e3o.<\/p>\n<p>Segundo Kiririndju, o monitoramento n\u00e3o s\u00f3 tem favorecido a prote\u00e7\u00e3o ambiental, mas tamb\u00e9m impulsionado o eco e etnoturismo na aldeia, duas vertentes apoiadas pela CPPI. \u201cCom o uso dessa tecnologia, os ind\u00edgenas est\u00e3o mais capacitados para combater crimes ambientais e preservar o territ\u00f3rio. O apoio da CPPI tamb\u00e9m tem estimulado a visita\u00e7\u00e3o de escolas e universidades, que agora podem vivenciar um interc\u00e2mbio cultural na aldeia, promovendo o di\u00e1logo entre as comunidades locais e o p\u00fablico externo\u201d, disse o coordenador.<\/p>\n<p>Al\u00e9m disso, esse turismo sustent\u00e1vel tem contribu\u00eddo para a cria\u00e7\u00e3o de um centro cultural na aldeia, destacando as belezas naturais e o conhecimento tradicional dos povos ind\u00edgenas, fortalecendo sua identidade e fomentando o turismo socioambiental.<\/p>\n<h2 class=\"wp-block-heading\"><strong>Coordenadoria de Pol\u00edticas para os Povos Ind\u00edgenas (CPPI)<\/strong><\/h2>\n<p>A Coordenadoria de Pol\u00edticas para os Povos Ind\u00edgenas (CPPI) foi estabelecida pela\u00a0<a role=\"link\" href=\"https:\/\/justica.sp.gov.br\/\" target=\"_blank\" rel=\"noopener\">Secretaria da Justi\u00e7a e Cidadania<\/a>\u00a0(SJC), por meio do Decreto n\u00ba 67.859\/2023. Criada para abordar quest\u00f5es espec\u00edficas dos povos ind\u00edgenas, a CPPI j\u00e1 realizou diagn\u00f3sticos em 27 terras ind\u00edgenas e est\u00e1 implementando pol\u00edticas p\u00fablicas voltadas para a promo\u00e7\u00e3o dos direitos e a prote\u00e7\u00e3o das comunidades<\/p>\n","protected":false},"excerpt":{"rendered":"<p>A aldeia Renascer Ywyty Gua\u00e7u, localizada em Ubatuba, foi contemplada com c\u00e2meras e um drone para monitorar os animais da Mata Atl\u00e2ntica local, um dos biomas mais ricos e amea\u00e7ados do Brasil e que ocupa aproximadamente 15% do territ\u00f3rio nacional. A iniciativa foi fruto de uma an\u00e1lise realizada pela Secretaria da Justi\u00e7a e Cidadania, por [&hellip;]<\/p>\n","protected":false},"author":26,"featured_media":31370,"comment_status":"open","ping_status":"open","sticky":false,"template":"","format":"standard","meta":{"footnotes":""},"categories":[16,14],"tags":[],"class_list":["post-31368","post","type-post","status-publish","format-standard","has-post-thumbnail","hentry","category-politica","category-ubatuba"],"aioseo_notices":[],"_links":{"self":[{"href":"https:\/\/lrm67.com\/index.php\/wp-json\/wp\/v2\/posts\/31368","targetHints":{"allow":["GET"]}}],"collection":[{"href":"https:\/\/lrm67.com\/index.php\/wp-json\/wp\/v2\/posts"}],"about":[{"href":"https:\/\/lrm67.com\/index.php\/wp-json\/wp\/v2\/types\/post"}],"author":[{"embeddable":true,"href":"https:\/\/lrm67.com\/index.php\/wp-json\/wp\/v2\/users\/26"}],"replies":[{"embeddable":true,"href":"https:\/\/lrm67.com\/index.php\/wp-json\/wp\/v2\/comments?post=31368"}],"version-history":[{"count":1,"href":"https:\/\/lrm67.com\/index.php\/wp-json\/wp\/v2\/posts\/31368\/revisions"}],"predecessor-version":[{"id":31371,"href":"https:\/\/lrm67.com\/index.php\/wp-json\/wp\/v2\/posts\/31368\/revisions\/31371"}],"wp:featuredmedia":[{"embeddable":true,"href":"https:\/\/lrm67.com\/index.php\/wp-json\/wp\/v2\/media\/31370"}],"wp:attachment":[{"href":"https:\/\/lrm67.com\/index.php\/wp-json\/wp\/v2\/media?parent=31368"}],"wp:term":[{"taxonomy":"category","embeddable":true,"href":"https:\/\/lrm67.com\/index.php\/wp-json\/wp\/v2\/categories?post=31368"},{"taxonomy":"post_tag","embeddable":true,"href":"https:\/\/lrm67.com\/index.php\/wp-json\/wp\/v2\/tags?post=31368"}],"curies":[{"name":"wp","href":"https:\/\/api.w.org\/{rel}","templated":true}]}}