{"id":31083,"date":"2025-02-03T15:46:40","date_gmt":"2025-02-03T18:46:40","guid":{"rendered":"https:\/\/lrm67.com\/?p=31083"},"modified":"2025-02-04T15:48:44","modified_gmt":"2025-02-04T18:48:44","slug":"leilao-do-detran-sp-em-sao-sebastiao-tem-moto-a-partir-de-r-200-e-carro-a-r-550","status":"publish","type":"post","link":"https:\/\/lrm67.com\/index.php\/2025\/02\/03\/leilao-do-detran-sp-em-sao-sebastiao-tem-moto-a-partir-de-r-200-e-carro-a-r-550\/","title":{"rendered":"Leil\u00e3o do Detran-SP em S\u00e3o Sebasti\u00e3o tem moto a partir de R$ 200 e carro a R$ 550"},"content":{"rendered":"<p>Motos com lance inicial a partir de R$ 200 e ve\u00edculos come\u00e7ando em R$ 550 est\u00e3o entre os destaques do leil\u00e3o que o Departamento Estadual de Tr\u00e2nsito de S\u00e3o Paulo (Detran-SP) realiza a partir de 26 de fevereiro, com ve\u00edculos recolhidos por infra\u00e7\u00e3o nas ruas de S\u00e3o Sebasti\u00e3o, litoral norte paulista.<\/p>\n<p>Com um total de 288 lotes, o leil\u00e3o ter\u00e1 118 unidades com condi\u00e7\u00f5es de circular, entre motos e ve\u00edculos de variados modelos. O carro a R$ 550 \u00e9 um Corsa Wind de 1998, na cor prata. H\u00e1 dois Peugeots 206 com lance m\u00ednimo de R$ 650 e R$ 750, um Ford Ecosport vermelho de 2004 a R$ 1.500, e uma Kombi de 2010 a R$ 4.450.<\/p>\n<p>H\u00e1 ainda Gol e Fiat Stilo a R$ 1.100, e um Golf a R$ 950. Entre as motos, modelos diversos de Suzuki, Yamaha. Dafra, Honda e Shineray, a mais barata. O\u00a0<a role=\"link\" href=\"https:\/\/www.doe.sp.gov.br\/executivo\/secretaria-de-gestao-e-governo-digital\/edital-de-leilao-de-veiculos-n-002-de-30-de-janeiro-de-2025-2025013013261766853302\" target=\"_blank\" rel=\"noopener\">edital<\/a>, com a lista completa dos lotes, foi publicado no\u00a0Di\u00e1rio Oficial do Estado. Ainda s\u00e3o previstas 126 unidades de sucatas aproveit\u00e1veis para desmonte e 44 condenadas \u00e0 fundi\u00e7\u00e3o e reciclagem. As inscri\u00e7\u00f5es v\u00e3o at\u00e9 48h antes do leil\u00e3o, no site da empresa organizadora,\u00a0<a role=\"link\" href=\"http:\/\/www.ricoleiloes.com.br\/\" target=\"_blank\" rel=\"noopener\">Rico Leil\u00f5es<\/a>\u00a0(<a role=\"link\" href=\"http:\/\/www.ricoleiloes.com.br\/\" target=\"_blank\" rel=\"noopener\">www.ricoleiloes.com.br<\/a>), mesmo lugar onde s\u00e3o feitos os lances e as sess\u00f5es.<\/p>\n<p>O preg\u00e3o come\u00e7a no dia 26 de fevereiro, com a venda dos carros ditos conservados, com condi\u00e7\u00f5es de circular pelas ruas. No dia seguinte, 27, ser\u00e3o comercializadas as aproveit\u00e1veis para desmonte e aquelas destinadas \u00e0 fundi\u00e7\u00e3o ou reciclagem. No\u00a0<a role=\"link\" href=\"https:\/\/www.doe.sp.gov.br\/executivo\/secretaria-de-gestao-e-governo-digital\/edital-de-leilao-de-veiculos-n-002-de-30-de-janeiro-de-2025-2025013013261766853302\" target=\"_blank\" rel=\"noopener\">edital<\/a>, \u00e9 poss\u00edvel ver detalhes dos lotes, com informa\u00e7\u00f5es como marca, modelo, motor, cor, ano de fabrica\u00e7\u00e3o e lance m\u00ednimo definido por peritos. O lance m\u00ednimo \u00e9 o valor de partida para as ofertas. A avalia\u00e7\u00e3o estimada de cada unidade \u00e9 calculada com base nos valores praticados pelo mercado e no estado de conserva\u00e7\u00e3o de cada unidade.<\/p>\n<p>Os leil\u00f5es foram suspensos em 2023 para uma revis\u00e3o geral com vistas \u00e0 sanitiza\u00e7\u00e3o do processo. Desde a retomada, com o arremate de mais de 400 ve\u00edculos em Botucatu, no final de julho, foram anunciados outros nove leil\u00f5es. Al\u00e9m de Botucatu, em agosto foram realizados os certames de Capela do Alto e Ces\u00e1rio Lange e o de Cerquilho, e, em setembro, os de Bragan\u00e7a Paulista e de Pederneiras.<\/p>\n<p>Em outubro, foi a vez do leil\u00e3o de Itapecerica da Serra e Juquitiba e dos preg\u00f5es de Guarulhos, de Mogi das Cruzes e de Bauru. E, em novembro,\u00a0<a role=\"link\" href=\"https:\/\/www.detran.sp.gov.br\/wps\/portal\/portaldetran\/cidadao\/noticias\/detalhes\/8fb63efd-b4a3-4566-8f5d-927408914f5f\/!ut\/p\/z1\/tVPJbsIwEP0WDhwjT2InOMc0kLCliLLGF2RIQtyCE6gF7d_XoC6iC1BVnYttzZv37DdjxNAUMcl3YsmVKCRf6XPMnFm7D36zSa0uvQ0D6HeHuEMg7EAH0OQIwAQG7o3pAW2MA_DoHQ7MRs86ANhJ2q57Oo37vV4YmD2fvNa_C4Rm3QfPJSRqtTsYXHxdPfwQ3pX6ZwDs_PvHiCG2kKpUOYrLYqv4KknVlssqvK0LkfCEF1WQhRILwR-PKb7KU72j2dzBaZYYc8KxQWzHMWhmJ4Zr1QhQ1ySZnR0kSs2C4qvQk0s9Y-cdmxz0LjT11JZvunZJJNaXrH0wQJfY0K9bLbdGGxgAo8lOpHs0ksV2redw8EsPml8UPtngm39UaF-aDP11rG3kR0tNy1VuCJkVaHoVty4V95sN8_RoFVKlTwpN_2u2yvVIx5riZ-Phju6HWb5czyJlx16l8gKFybbz\/dz\/d5\/L2dBISEvZ0FBIS9nQSEh\/?urile=wcm%3Apath%3A%2Fportaldetran%2Fdetran%2Fcidadao%2Fnoticias%2Fdetalhes%2F8fb63efd-b4a3-4566-8f5d-927408914f5f\" target=\"_blank\" rel=\"noopener\">Suzano<\/a>, seguido pelo de\u00a0<a role=\"link\" href=\"https:\/\/www.detran.sp.gov.br\/wps\/portal\/portaldetran\/cidadao\/noticias\/detalhes\/8fb63efd-b4a3-4566-8f5d-927408914f5f\/!ut\/p\/z1\/tVPJbsIwEP0WDhwjT2InOMc0kLCliLLGF2RIQtyCE6gF7d_XoC6iC1BVnYttzZv37DdjxNAUMcl3YsmVKCRf6XPMnFm7D36zSa0uvQ0D6HeHuEMg7EAH0OQIwAQG7o3pAW2MA_DoHQ7MRs86ANhJ2q57Oo37vV4YmD2fvNa_C4Rm3QfPJSRqtTsYXHxdPfwQ3pX6ZwDs_PvHiCG2kKpUOYrLYqv4KknVlssqvK0LkfCEF1WQhRILwR-PKb7KU72j2dzBaZYYc8KxQWzHMWhmJ4Zr1QhQ1ySZnR0kSs2C4qvQk0s9Y-cdmxz0LjT11JZvunZJJNaXrH0wQJfY0K9bLbdGGxgAo8lOpHs0ksV2redw8EsPml8UPtngm39UaF-aDP11rG3kR0tNy1VuCJkVaHoVty4V95sN8_RoFVKlTwpN_2u2yvVIx5riZ-Phju6HWb5czyJlx16l8gKFybbz\/dz\/d5\/L2dBISEvZ0FBIS9nQSEh\/?urile=wcm%3Apath%3A%2Fportaldetran%2Fdetran%2Fcidadao%2Fnoticias%2Fdetalhes%2F8fb63efd-b4a3-4566-8f5d-927408914f5f\" target=\"_blank\" rel=\"noopener\">Ouroeste<\/a>,\u00a0<a role=\"link\" href=\"https:\/\/www.detran.sp.gov.br\/wps\/portal\/portaldetran\/cidadao\/noticias\/detalhes\/acb8aa18-51b2-425f-bf02-bb000af89278\/!ut\/p\/z1\/tVPbcoIwEP0WH3xkshCo4ZGioCJlvEtenIAgtHKRZrT9-0anl7EXodPpviSZPbtn9-wGUbRCNGeHdMt4WuRsJ94-vVkPx2D2-0QZkTvbgvFohh0VbAccQMszAKsw1W9lA0hvYYFBJtiSe55yAtALt9Y1hBuPPc-2ZM9UX-PfCWy5a4Khq6o7GDoYdNwsHn4woyH_FQC93v8CUUTDnJc8QX5ZVJztNhGvWN6GtzNMN2zDijbkBU_DlD2eXWyXROLGwoAwJhNJkwNFUhUtloIYFCkIRPksJrrSISeKUmRBfiP0sm5m9LpiyxNfzVAvZflmanUkviiy85EBRqoG464y0DukhwEwWh7S6IjmeVFlYg-nv9Sg_4Xhkwym_EeGYd1miK-T3u_31BD7UeQ8euJo9V8LIriUyjXdrWiB8URK87hAq0ahZTYXlhH8LD1MyHEWJ9ts7XLNN1qtF1j39Tk!\/dz\/d5\/L2dBISEvZ0FBIS9nQSEh\/?urile=wcm%3Apath%3A%2Fportaldetran%2Fdetran%2Fcidadao%2Fnoticias%2Fdetalhes%2Facb8aa18-51b2-425f-bf02-bb000af89278\" target=\"_blank\" rel=\"noopener\">Palmeira d\u2019Oeste<\/a>\u00a0e\u00a0<a role=\"link\" href=\"https:\/\/www.doe.sp.gov.br\/executivo\/secretaria-de-gestao-e-governo-digital\/edital-de-leilao-de-veiculos-n-13-de-31-de-outubro-de-2024-20241101132617481690065\" target=\"_blank\" rel=\"noopener\">Santa Isabel<\/a>. Em dezembro, foram onze preg\u00f5es: o do Aruj\u00e1, o de Taquaritinga, o de It\u00e1polis, o de Borborema, o de Ibitinga, o de Bebedouro, o de Mau\u00e1, o de Barretos e Colina, o de Peru\u00edbe e Registro, o de Itanha\u00e9m e o de Nova Odessa.<\/p>\n<p>J\u00e1 neste in\u00edcio de ano, o Detran-SP realizou os leil\u00f5es de\u00a0<a role=\"link\" href=\"https:\/\/novo.detran.sp.gov.br\/detransp\/pb\/noticia\/detran-sp-jaguar-e-outros-ve%C3%ADculos-do-leil%C3%A3o-de-s%C3%A3o-bernardo-do?id=noticia&amp;sys_kb_id=9bc0952d875e5210a28033b90cbb3590\" target=\"_blank\" rel=\"noopener\">S\u00e3o Bernardo do Campo<\/a>,\u00a0<a role=\"link\" href=\"https:\/\/novo.detran.sp.gov.br\/detransp?id=noticia&amp;sys_kb_id=75a84b913b62dad0ce17f65436e45a46\" target=\"_blank\" rel=\"noopener\">Ilhabela<\/a>,\u00a0<a role=\"link\" href=\"https:\/\/novo.detran.sp.gov.br\/detransp?id=noticia&amp;sys_kb_id=fead69c587ae9e90a28033b90cbb35b7\" target=\"_blank\" rel=\"noopener\">Itatiba<\/a>,\u00a0<a role=\"link\" href=\"https:\/\/novo.detran.sp.gov.br\/detransp?id=noticia&amp;sys_kb_id=af387cfd47eada10f8003d22036d4331\" target=\"_blank\" rel=\"noopener\">Leme<\/a>,\u00a0<a role=\"link\" href=\"https:\/\/novo.detran.sp.gov.br\/detransp?id=noticia&amp;sys_kb_id=2b166e9a872ad214a28033b90cbb3567\" target=\"_blank\" rel=\"noopener\">Caieiras<\/a>\u00a0e\u00a0<a role=\"link\" href=\"https:\/\/novo.detran.sp.gov.br\/detransp\/pb\/noticia\/detran-sp-s%C3%A3o-paulo-ter%C3%A1-porsche-e-bmw-a-r-10-000-em-1%C2%BA-leil%C3%A3o-do?id=noticia&amp;sys_kb_id=64985a4c974b92505d61bcb6f053af80\" target=\"_blank\" rel=\"noopener\">S\u00e3o Paulo<\/a>.<\/p>\n<h2 class=\"wp-block-heading\"><strong>Visita e pr\u00e9-lance<\/strong><\/h2>\n<p>Os lotes oferecidos no leil\u00e3o podem ser conferidos de perto nos dias 20 e 21 de fevereiro, das 9h \u00e0s 16h. O contato com os ve\u00edculos, sucatas e materiais ferrosos ser\u00e1 apenas visual, sem manuseio, toque ou qualquer tipo de teste, durante a visita\u00e7\u00e3o p\u00fablica. Os ve\u00edculos est\u00e3o custodiados no p\u00e1tio Faust\u00e3o Guincho \u2013 F\u00e1bio Lu\u00eds da Costa Melo (avenida Prestes Maia, 1.180, Juquehy, S\u00e3o Sebasti\u00e3o, tel. 12 3863-1399 e 12 99715-1053;\u00a0<a role=\"link\" href=\"mailto:contato@patioeguinchouniversal.com.br\">contato@patioeguinchouniversal.com.br<\/a>)<\/p>\n<p>Os pr\u00e9-lances tamb\u00e9m t\u00eam data certa para acontecer: eles come\u00e7am dias antes do leil\u00e3o, em 17 de fevereiro. Ao dar um pr\u00e9-lance, o participante est\u00e1 sugerindo um pre\u00e7o para um ve\u00edculo, valor que ser\u00e1 convertido em lance no in\u00edcio da sess\u00e3o p\u00fablica e que, se n\u00e3o superado em at\u00e9 30 segundos, se tornar\u00e1 automaticamente o vencedor e comprador daquela unidade. Uma vez aceito, um lance n\u00e3o pode ser desfeito. N\u00e3o h\u00e1 possibilidade de desist\u00eancia, conforme a Lei federal n\u00ba 14.133\/2021.<\/p>\n<p>O pr\u00e9-lance \u00e9 recomendado como medida preventiva para evitar falhas t\u00e9cnicas e de conex\u00e3o, da parte do comprador postulante, durante o preg\u00e3o. Quem n\u00e3o o fizer, por\u00e9m, tamb\u00e9m pode participar do leil\u00e3o de seu interesse, fazendo lance durante a sess\u00e3o.<\/p>\n<p>H\u00e1 regras para o lance. No caso dos carros conservados, de acordo com o edital, o valor entre um incremento e outro deve ser de R$ 100. J\u00e1 no caso das sucatas aproveit\u00e1veis, o valor \u00e9 de R$ 50. E, no das sucatas para reciclagem, medidas por quilo, de R$ 0,02 por peso do lote.<\/p>\n<p>Vale ressaltar que, mesmo que um pr\u00e9-lance tenha sido feito, o propriet\u00e1rio do ve\u00edculo listado para leil\u00e3o tem o direito de recuper\u00e1-lo at\u00e9 um dia \u00fatil antes do certame, mediante a quita\u00e7\u00e3o dos d\u00e9bitos pendentes, entre infra\u00e7\u00f5es e tarifas de remo\u00e7\u00e3o e cust\u00f3dia em p\u00e1tio, conforme a\u00a0<a role=\"link\" href=\"https:\/\/www.gov.br\/transportes\/pt-br\/assuntos\/transito\/conteudo-contran\/resolucoes\/resolucao6232016_republicada.pdf\" target=\"_blank\" rel=\"noopener\">Resolu\u00e7\u00e3o 623<\/a>, de 2016, do Conselho Nacional de Tr\u00e2nsito (Contran).<\/p>\n<figure class=\"wp-block-table\">\n<table class=\"has-fixed-layout\">\n<thead>\n<tr>\n<th colspan=\"5\">PR\u00d3XIMOS LEIL\u00d5ES<\/th>\n<\/tr>\n<tr>\n<th>Munic\u00edpio<\/th>\n<th>Data do Leil\u00e3o<\/th>\n<th>Status<\/th>\n<th>Lotes ofertados<\/th>\n<th>Leiloeiro<\/th>\n<\/tr>\n<\/thead>\n<tbody>\n<tr>\n<td>Ubatuba<\/td>\n<td>25 de fevereiro<\/td>\n<td>pr\u00e9-lances em 17 de fevereiro<\/td>\n<td>42 conservados+ 67 sucatas aproveit\u00e1veis\u00a0(43+24 motor inserv\u00edvel)+ 12 inserv\u00edveis (7+5)<\/td>\n<td><a role=\"link\" href=\"http:\/\/www.ricoleiloes.com.br\/\" target=\"_blank\" rel=\"noopener\">Rico Leil\u00f5es<\/a><br \/>\n<a role=\"link\" href=\"https:\/\/www.doe.sp.gov.br\/executivo\/secretaria-de-gestao-e-governo-digital\/edital-de-leilao-de-veiculos-n-01-de-30-de-janeiro-de-2025-2025013013261766851036\" target=\"_blank\" rel=\"noopener\">Edital aqui<\/a><\/td>\n<\/tr>\n<tr>\n<td>S\u00e3o Sebasti\u00e3o<\/td>\n<td>26 de fevereiro<\/td>\n<td>pr\u00e9-lances em 17 de fevereiro<\/td>\n<td>118 conservados+ 126 sucatas aproveit\u00e1veis\u00a0(70+56 motor inserv\u00edvel)+ 44 inserv\u00edveis<\/td>\n<td><a role=\"link\" href=\"http:\/\/www.ricoleiloes.com.br\/\" target=\"_blank\" rel=\"noopener\">Rico Leil\u00f5es<\/a><br \/>\n<a role=\"link\" href=\"https:\/\/www.doe.sp.gov.br\/executivo\/secretaria-de-gestao-e-governo-digital\/edital-de-leilao-de-veiculos-n-002-de-30-de-janeiro-de-2025-2025013013261766853302\" target=\"_blank\" rel=\"noopener\">Edital aqui<\/a><\/td>\n<\/tr>\n<\/tbody>\n<\/table>\n<\/figure>\n<h2 class=\"wp-block-heading\">\n<strong>Calend\u00e1rio do leil\u00e3o<\/strong><\/h2>\n<p>1. Carros conservados e destinados \u00e0 circula\u00e7\u00e3o (118)<br \/>\nPodem participar: pessoas f\u00edsicas e jur\u00eddicas inscritas no Cadastro da Receita Federal do Brasil<\/p>\n<figure class=\"wp-block-table\">\n<table class=\"has-fixed-layout\">\n<tbody>\n<tr>\n<td>17\/2, 9h*<\/td>\n<td>Abertura para pr\u00e9-lances<\/td>\n<\/tr>\n<tr>\n<td>26\/02, das 9h \u00e0s 18h**<\/td>\n<td>Sess\u00e3o p\u00fablica de leil\u00e3o<\/td>\n<\/tr>\n<\/tbody>\n<\/table>\n<\/figure>\n<p>2. Sucata aproveit\u00e1vel (70) e sucata aproveit\u00e1vel com motor inservivel (56)<\/p>\n<p>Podem participar: pessoas jur\u00eddicas inscritas no Cadastro Nacional de Pessoa Jur\u00eddica (CNPJ) com registro ativo no \u00f3rg\u00e3o ou entidade executiva de tr\u00e2nsito para atua\u00e7\u00e3o no com\u00e9rcio de pe\u00e7as usadas<\/p>\n<figure class=\"wp-block-table\">\n<table class=\"has-fixed-layout\">\n<tbody>\n<tr>\n<td>17\/2, 9h*<\/td>\n<td>Abertura para pr\u00e9-lances<\/td>\n<\/tr>\n<tr>\n<td>27\/02, das 9h \u00e0s 18h**<\/td>\n<td>Sess\u00e3o p\u00fablica de leil\u00e3o<\/td>\n<\/tr>\n<\/tbody>\n<\/table>\n<\/figure>\n<p>3. Sucata inserv\u00edvel (44)<\/p>\n<p>Podem participar: pessoas jur\u00eddicas do ramo de siderurgia ou fundi\u00e7\u00e3o<\/p>\n<figure class=\"wp-block-table\">\n<table class=\"has-fixed-layout\">\n<tbody>\n<tr>\n<td>17\/2, 9h*<\/td>\n<td>Abertura para pr\u00e9-lances<\/td>\n<\/tr>\n<tr>\n<td>27\/02, das 9h \u00e0s 18h**<\/td>\n<td>Sess\u00e3o p\u00fablica de leil\u00e3o<\/td>\n<\/tr>\n<\/tbody>\n<\/table>\n<\/figure>\n<p><em>*De acordo com o hor\u00e1rio de Bras\u00edlia\/DF (BRT \u2013 UTC-3)<\/em><em><br \/>\n<\/em><em>**O hor\u00e1rio de encerramento \u00e9 o prazo m\u00e1ximo previsto para a sess\u00e3o. Em caso de desconex\u00e3o ou falha t\u00e9cnica do leiloeiro por mais de 30 minutos, a sess\u00e3o deve ser suspensa e ter seu rein\u00edcio agendado e fixado no site do leil\u00e3o. A prefer\u00eancia \u00e9 que a sess\u00e3o seja retomada no primeiro dia \u00fatil seguinte. Falha t\u00e9cnica ou desconex\u00e3o por parte do postulante n\u00e3o prejudica a realiza\u00e7\u00e3o do leil\u00e3o nem implica indeniza\u00e7\u00e3o ao participante<\/em><\/p>\n<h2 class=\"wp-block-heading\"><strong>Vetos \u00e0 participa\u00e7\u00e3o no leil\u00e3o<\/strong><\/h2>\n<p>Os leil\u00f5es de ve\u00edculos do Detran-SP, \u00f3rg\u00e3o vinculado \u00e0 Secretaria de Gest\u00e3o e Governo Digital (SGGD), do governo paulista, s\u00e3o abertos a todas as pessoas interessadas, f\u00edsicas e jur\u00eddicas inscritas no Cadastro da Receita Federal do Brasil, no caso dos ve\u00edculos aptos a circular.<\/p>\n<p>Por quest\u00f5es de seguran\u00e7a e idoneidade, por\u00e9m, \u00e9 vedada a participa\u00e7\u00e3o de:<\/p>\n<ul class=\"wp-block-list\">\n<li>servidores do Detran-SP e parentes de servidores at\u00e9 o segundo grau<\/li>\n<li>leiloeiro, seus parentes at\u00e9 segundo grau e membros de sua equipe de trabalho<\/li>\n<li>propriet\u00e1rios, s\u00f3cios e\/ou administradores dos p\u00e1tios terceirizados, licitados ou conveniados onde se encontram custodiados os ve\u00edculos, seus parentes at\u00e9 segundo grau e os membros da equipe de trabalho<\/li>\n<li>pessoas f\u00edsicas e jur\u00eddicas impedidas de licitar e contratar com a administra\u00e7\u00e3o, sancionadas com as penas previstas nos incisos III e IV do art. 156 da Lei federal n\u00ba 14.133, de 2021 ou, ainda, no art. 7\u00ba da Lei federal n\u00ba 10.520, de 17 de julho de 2002<\/li>\n<\/ul>\n","protected":false},"excerpt":{"rendered":"<p>Motos com lance inicial a partir de R$ 200 e ve\u00edculos come\u00e7ando em R$ 550 est\u00e3o entre os destaques do leil\u00e3o que o Departamento Estadual de Tr\u00e2nsito de S\u00e3o Paulo (Detran-SP) realiza a partir de 26 de fevereiro, com ve\u00edculos recolhidos por infra\u00e7\u00e3o nas ruas de S\u00e3o Sebasti\u00e3o, litoral norte paulista. Com um total de [&hellip;]<\/p>\n","protected":false},"author":26,"featured_media":31084,"comment_status":"open","ping_status":"open","sticky":false,"template":"","format":"standard","meta":{"footnotes":""},"categories":[2,13],"tags":[],"class_list":["post-31083","post","type-post","status-publish","format-standard","has-post-thumbnail","hentry","category-geral","category-sao-sebastiao"],"aioseo_notices":[],"_links":{"self":[{"href":"https:\/\/lrm67.com\/index.php\/wp-json\/wp\/v2\/posts\/31083","targetHints":{"allow":["GET"]}}],"collection":[{"href":"https:\/\/lrm67.com\/index.php\/wp-json\/wp\/v2\/posts"}],"about":[{"href":"https:\/\/lrm67.com\/index.php\/wp-json\/wp\/v2\/types\/post"}],"author":[{"embeddable":true,"href":"https:\/\/lrm67.com\/index.php\/wp-json\/wp\/v2\/users\/26"}],"replies":[{"embeddable":true,"href":"https:\/\/lrm67.com\/index.php\/wp-json\/wp\/v2\/comments?post=31083"}],"version-history":[{"count":1,"href":"https:\/\/lrm67.com\/index.php\/wp-json\/wp\/v2\/posts\/31083\/revisions"}],"predecessor-version":[{"id":31085,"href":"https:\/\/lrm67.com\/index.php\/wp-json\/wp\/v2\/posts\/31083\/revisions\/31085"}],"wp:featuredmedia":[{"embeddable":true,"href":"https:\/\/lrm67.com\/index.php\/wp-json\/wp\/v2\/media\/31084"}],"wp:attachment":[{"href":"https:\/\/lrm67.com\/index.php\/wp-json\/wp\/v2\/media?parent=31083"}],"wp:term":[{"taxonomy":"category","embeddable":true,"href":"https:\/\/lrm67.com\/index.php\/wp-json\/wp\/v2\/categories?post=31083"},{"taxonomy":"post_tag","embeddable":true,"href":"https:\/\/lrm67.com\/index.php\/wp-json\/wp\/v2\/tags?post=31083"}],"curies":[{"name":"wp","href":"https:\/\/api.w.org\/{rel}","templated":true}]}}