{"id":31058,"date":"2025-02-03T17:48:04","date_gmt":"2025-02-03T20:48:04","guid":{"rendered":"https:\/\/lrm67.com\/?p=31058"},"modified":"2025-02-03T17:48:04","modified_gmt":"2025-02-03T20:48:04","slug":"ubatuba-busca-fortalecimento-da-politica-habitacional-da-cidade","status":"publish","type":"post","link":"https:\/\/lrm67.com\/index.php\/2025\/02\/03\/ubatuba-busca-fortalecimento-da-politica-habitacional-da-cidade\/","title":{"rendered":"Ubatuba busca fortalecimento da pol\u00edtica habitacional da cidade"},"content":{"rendered":"<p>Com um d\u00e9ficit habitacional superior a 4.000 moradias, a Prefeitura de Ubatuba est\u00e1 empenhada em fortalecer a pol\u00edtica habitacional do munic\u00edpio. O objetivo \u00e9 ampliar as oportunidades de acesso \u00e0 moradia para diferentes faixas de renda, garantindo mais dignidade \u00e0s fam\u00edlias.<\/p>\n<p>Entre as principais estrat\u00e9gias adotadas pela gest\u00e3o municipal est\u00e3o:<\/p>\n<ul>\n<li>Parcerias com o programa Minha Casa, Minha Vida para a constru\u00e7\u00e3o de moradias de interesse social;<\/li>\n<li>Acordos com o Governo do Estado para ampliar os investimentos habitacionais na cidade;<\/li>\n<li>Programas voltados ao funcionalismo p\u00fablico, garantindo condi\u00e7\u00f5es especiais para servidores municipais;<\/li>\n<li>Fomento a projetos habitacionais para fam\u00edlias das faixas 2 e 3 do Minha Casa, Minha Vida, ampliando o alcance da pol\u00edtica habitacional.<\/li>\n<\/ul>\n<p>Como parte desse compromisso, uma equipe da Prefeitura esteve na Secretaria de Estado de Desenvolvimento Urbano e Habita\u00e7\u00e3o na \u00faltima quinta-feira, 30, onde apresentou ao secret\u00e1rio Marcelo Branco a necessidade de viabilizar a constru\u00e7\u00e3o de 1.685 moradias populares em Ubatuba, sendo:<\/p>\n<p>1.200 unidades habitacionais no bairro Marafunda; 485 unidades no Jardim Carolina, destinadas ao funcionalismo p\u00fablico, como consta no Plano de Governo.<\/p>\n<p>\u201cComo servidora p\u00fablica, investir em habita\u00e7\u00e3o para nossos funcion\u00e1rios efetivos \u00e9 fundamental para valoriz\u00e1-los e garantir mais qualidade de vida. Muitos servidores enfrentam dificuldades para morar na cidade onde trabalham, e nosso compromisso \u00e9 criar solu\u00e7\u00f5es que possibilitem esse acesso, fortalecendo ainda mais nossa cidade e o servi\u00e7o p\u00fablico\u201d, destacou a prefeita Flavia Pascoal.<\/p>\n<p>\u201cA habita\u00e7\u00e3o \u00e9 uma das prioridades da nossa gest\u00e3o. Estamos mobilizando parcerias e recursos para reduzir o d\u00e9ficit habitacional e proporcionar um futuro melhor para as fam\u00edlias de Ubatuba\u201d, reafirmou o secret\u00e1rio de habita\u00e7\u00e3o de Ubatuba, Claudinei Salgado.<\/p>\n<p>Ainda segundo ele, a Prefeitura de Ubatuba aguarda a formaliza\u00e7\u00e3o da proposta pelo Governo do Estado, que definir\u00e1 o n\u00famero de moradias disponibilizadas em cada programa e em quantas etapas eles ser\u00e3o viabilizados.<\/p>\n<p>\u201cAinda \u00e9 importante destacar que, posteriormente a oficializa\u00e7\u00e3o e assinatura dos conv\u00eanios \u00e9 que ser\u00e3o definidos os crit\u00e9rios e como as pessoas poder\u00e3o participar dessa sele\u00e7\u00e3o\u201d, finalizou Salgado.<\/p>\n","protected":false},"excerpt":{"rendered":"<p>Com um d\u00e9ficit habitacional superior a 4.000 moradias, a Prefeitura de Ubatuba est\u00e1 empenhada em fortalecer a pol\u00edtica habitacional do munic\u00edpio. O objetivo \u00e9 ampliar as oportunidades de acesso \u00e0 moradia para diferentes faixas de renda, garantindo mais dignidade \u00e0s fam\u00edlias. Entre as principais estrat\u00e9gias adotadas pela gest\u00e3o municipal est\u00e3o: Parcerias com o programa Minha [&hellip;]<\/p>\n","protected":false},"author":26,"featured_media":31059,"comment_status":"open","ping_status":"open","sticky":false,"template":"","format":"standard","meta":{"footnotes":""},"categories":[16,14],"tags":[],"class_list":["post-31058","post","type-post","status-publish","format-standard","has-post-thumbnail","hentry","category-politica","category-ubatuba"],"aioseo_notices":[],"_links":{"self":[{"href":"https:\/\/lrm67.com\/index.php\/wp-json\/wp\/v2\/posts\/31058","targetHints":{"allow":["GET"]}}],"collection":[{"href":"https:\/\/lrm67.com\/index.php\/wp-json\/wp\/v2\/posts"}],"about":[{"href":"https:\/\/lrm67.com\/index.php\/wp-json\/wp\/v2\/types\/post"}],"author":[{"embeddable":true,"href":"https:\/\/lrm67.com\/index.php\/wp-json\/wp\/v2\/users\/26"}],"replies":[{"embeddable":true,"href":"https:\/\/lrm67.com\/index.php\/wp-json\/wp\/v2\/comments?post=31058"}],"version-history":[{"count":1,"href":"https:\/\/lrm67.com\/index.php\/wp-json\/wp\/v2\/posts\/31058\/revisions"}],"predecessor-version":[{"id":31060,"href":"https:\/\/lrm67.com\/index.php\/wp-json\/wp\/v2\/posts\/31058\/revisions\/31060"}],"wp:featuredmedia":[{"embeddable":true,"href":"https:\/\/lrm67.com\/index.php\/wp-json\/wp\/v2\/media\/31059"}],"wp:attachment":[{"href":"https:\/\/lrm67.com\/index.php\/wp-json\/wp\/v2\/media?parent=31058"}],"wp:term":[{"taxonomy":"category","embeddable":true,"href":"https:\/\/lrm67.com\/index.php\/wp-json\/wp\/v2\/categories?post=31058"},{"taxonomy":"post_tag","embeddable":true,"href":"https:\/\/lrm67.com\/index.php\/wp-json\/wp\/v2\/tags?post=31058"}],"curies":[{"name":"wp","href":"https:\/\/api.w.org\/{rel}","templated":true}]}}