{"id":31044,"date":"2025-02-03T17:27:24","date_gmt":"2025-02-03T20:27:24","guid":{"rendered":"https:\/\/lrm67.com\/?p=31044"},"modified":"2025-02-03T17:27:24","modified_gmt":"2025-02-03T20:27:24","slug":"sao-sebastiao-elege-corte-do-carnaval-2025-em-noite-de-muito-samba-e-alegria","status":"publish","type":"post","link":"https:\/\/lrm67.com\/index.php\/2025\/02\/03\/sao-sebastiao-elege-corte-do-carnaval-2025-em-noite-de-muito-samba-e-alegria\/","title":{"rendered":"S\u00e3o Sebasti\u00e3o elege Corte do Carnaval 2025 em noite de muito samba e alegria"},"content":{"rendered":"<p>No \u00faltimo s\u00e1bado (1\u00ba), o Complexo Tur\u00edstico da Rua da Praia foi palco da Elei\u00e7\u00e3o da Corte do Carnaval de S\u00e3o Sebasti\u00e3o 2025, sendo definidos os tradicionais representantes do Carnaval sebastianense.<\/p>\n<p>A grande vencedora do t\u00edtulo de Rainha do Carnaval foi Mayra Vicente, enquanto Evandro Machado conquistou o t\u00edtulo de Rei. Ganna Pereira foi eleita Primeira Princesa e Majuh Guerra garantiu o posto de Segunda Princesa.<\/p>\n<p>Realizada pela Prefeitura de S\u00e3o Sebasti\u00e3o, por meio da Secretaria de Turismo (Setur), em parceria com a Funda\u00e7\u00e3o Educacional e Cultural \u2018Deodato Sant\u2019Anna\u2019 (Fundass), a competi\u00e7\u00e3o contou com sete candidatas ao t\u00edtulo de Rainha e Princesas do Carnaval e seis candidatos ao posto de Rei.<\/p>\n<p>Com muito samba no p\u00e9 e performances cheias de carisma, os participantes foram avaliados por um j\u00fari composto por cinco especialistas da \u00e1rea art\u00edstica: Elisa Ven\u00e2ncio, Juliana Thom\u00e9, Karol Assun\u00e7\u00e3o, Michelle Nunes e Ubirajara.<\/p>\n<p><img fetchpriority=\"high\" decoding=\"async\" class=\"alignnone size-full wp-image-31045\" src=\"https:\/\/lrm67.com\/wp-content\/uploads\/2025\/02\/corte-carnaval-2.jpg\" alt=\"\" width=\"1299\" height=\"866\" srcset=\"https:\/\/lrm67.com\/wp-content\/uploads\/2025\/02\/corte-carnaval-2.jpg 1299w, https:\/\/lrm67.com\/wp-content\/uploads\/2025\/02\/corte-carnaval-2-300x200.jpg 300w, https:\/\/lrm67.com\/wp-content\/uploads\/2025\/02\/corte-carnaval-2-1024x683.jpg 1024w, https:\/\/lrm67.com\/wp-content\/uploads\/2025\/02\/corte-carnaval-2-768x512.jpg 768w\" sizes=\"(max-width: 1299px) 100vw, 1299px\" \/><\/p>\n<p>Para dar ainda mais ritmo e energia ao evento, a bateria Ki-Cad\u00eancia, da Escola de Samba Ki-Fogo \u2014 campe\u00e3 do Carnaval sebastianense 2024 \u2014 fez uma apresenta\u00e7\u00e3o especial durante todo o concurso. Entre os desfiles dos concorrentes, a bateria da Acad\u00eamicos Le\u00f5es do Ita, campe\u00e3 do Carnaval 2024 de Ilhabela, envolveu o p\u00fablico com uma apresenta\u00e7\u00e3o contagiante e cheia de ritmo.<\/p>\n<p>Os eleitos como Rei e Rainha receberam como pr\u00eamio R$ 10 mil cada; a Primeira Princesa o pr\u00eamio de R$ 7 mil e a Segunda Princesa, R$ 6 mil (valores brutos).<\/p>\n<p>A partir de agora, a Corte do Carnaval 2025 ir\u00e1 participar das festividades de Carnaval em S\u00e3o Sebasti\u00e3o e tamb\u00e9m de outros eventos oficiais durante o ano, agendados, exclusivamente, pela Prefeitura de S\u00e3o Sebasti\u00e3o, por meio da Secretaria de Turismo (SETUR), em parceria com a Funda\u00e7\u00e3o Educacional e Cultural \u2018Deodato Sant\u2019Anna\u2019 (Fundass).<\/p>\n","protected":false},"excerpt":{"rendered":"<p>No \u00faltimo s\u00e1bado (1\u00ba), o Complexo Tur\u00edstico da Rua da Praia foi palco da Elei\u00e7\u00e3o da Corte do Carnaval de S\u00e3o Sebasti\u00e3o 2025, sendo definidos os tradicionais representantes do Carnaval sebastianense. A grande vencedora do t\u00edtulo de Rainha do Carnaval foi Mayra Vicente, enquanto Evandro Machado conquistou o t\u00edtulo de Rei. Ganna Pereira foi eleita [&hellip;]<\/p>\n","protected":false},"author":26,"featured_media":31046,"comment_status":"open","ping_status":"open","sticky":false,"template":"","format":"standard","meta":{"footnotes":""},"categories":[30,12,13],"tags":[],"class_list":["post-31044","post","type-post","status-publish","format-standard","has-post-thumbnail","hentry","category-cultura","category-eventos","category-sao-sebastiao"],"aioseo_notices":[],"_links":{"self":[{"href":"https:\/\/lrm67.com\/index.php\/wp-json\/wp\/v2\/posts\/31044","targetHints":{"allow":["GET"]}}],"collection":[{"href":"https:\/\/lrm67.com\/index.php\/wp-json\/wp\/v2\/posts"}],"about":[{"href":"https:\/\/lrm67.com\/index.php\/wp-json\/wp\/v2\/types\/post"}],"author":[{"embeddable":true,"href":"https:\/\/lrm67.com\/index.php\/wp-json\/wp\/v2\/users\/26"}],"replies":[{"embeddable":true,"href":"https:\/\/lrm67.com\/index.php\/wp-json\/wp\/v2\/comments?post=31044"}],"version-history":[{"count":1,"href":"https:\/\/lrm67.com\/index.php\/wp-json\/wp\/v2\/posts\/31044\/revisions"}],"predecessor-version":[{"id":31047,"href":"https:\/\/lrm67.com\/index.php\/wp-json\/wp\/v2\/posts\/31044\/revisions\/31047"}],"wp:featuredmedia":[{"embeddable":true,"href":"https:\/\/lrm67.com\/index.php\/wp-json\/wp\/v2\/media\/31046"}],"wp:attachment":[{"href":"https:\/\/lrm67.com\/index.php\/wp-json\/wp\/v2\/media?parent=31044"}],"wp:term":[{"taxonomy":"category","embeddable":true,"href":"https:\/\/lrm67.com\/index.php\/wp-json\/wp\/v2\/categories?post=31044"},{"taxonomy":"post_tag","embeddable":true,"href":"https:\/\/lrm67.com\/index.php\/wp-json\/wp\/v2\/tags?post=31044"}],"curies":[{"name":"wp","href":"https:\/\/api.w.org\/{rel}","templated":true}]}}