{"id":31033,"date":"2025-02-03T07:01:40","date_gmt":"2025-02-03T10:01:40","guid":{"rendered":"https:\/\/lrm67.com\/?p=31033"},"modified":"2025-02-03T12:08:20","modified_gmt":"2025-02-03T15:08:20","slug":"cemaden-mantem-alerta-em-sete-cidades-do-vale-e-litoral-por-causa-da-chuva-constante","status":"publish","type":"post","link":"https:\/\/lrm67.com\/index.php\/2025\/02\/03\/cemaden-mantem-alerta-em-sete-cidades-do-vale-e-litoral-por-causa-da-chuva-constante\/","title":{"rendered":"Cemaden mant\u00e9m alerta em sete cidades do Vale e Litoral Norte por causa da chuva constante"},"content":{"rendered":"<div id=\"chunk-5bboq\">\n<div class=\"mc-column content-text active-extra-styles \" data-block-type=\"unstyled\" data-block-weight=\"42\" data-block-id=\"3\">\n<p class=\" content-text__container \" data-track-category=\"Link no Texto\" data-track-links=\"\" data-mrf-recirculation=\"Mat\u00e9ria - Links no Texto\">O Centro Nacional de Monitoramento e Alertas de Desastres Naturais (Cemaden) mant\u00e9m na manh\u00e3 desta segunda-feira (3) o alerta para risco de deslizamentos de terra e alagamentos em ao menos sete cidades do Vale do Para\u00edba e Litoral Norte de S\u00e3o Paulo.<\/p>\n<\/div>\n<\/div>\n<div class=\"wall protected-content\">\n<div id=\"chunk-eifq8\">\n<div class=\"mc-column content-text active-extra-styles \" data-block-type=\"unstyled\" data-block-weight=\"38\" data-block-id=\"5\">\n<p class=\" content-text__container \" data-track-category=\"Link no Texto\" data-track-links=\"\" data-mrf-recirculation=\"Mat\u00e9ria - Links no Texto\">O alerta segue ativo por causa das chuvas constantes nas cidades de\u00a0<span class=\"highlight highlighted\">Aparecida<\/span><span class=\"highlight highlighted\">, Atibaia, Campos do Jord\u00e3o, Ilhabela,\u00a0<\/span><span class=\"highlight highlighted\">S\u00e3o Jos\u00e9 dos Campos<\/span><span class=\"highlight highlighted\">, S\u00e3o Sebasti\u00e3o e Ubatuba.<\/span>\u00a0O n\u00edvel do alerta \u00e9 moderado em todas as cidades da regi\u00e3o.<\/p>\n<div id=\"chunk-dt5s8\">\n<div class=\"mc-column content-text active-extra-styles \" data-block-type=\"unstyled\" data-block-weight=\"37\" data-block-id=\"8\">\n<p class=\" content-text__container \" data-track-category=\"Link no Texto\" data-track-links=\"\" data-mrf-recirculation=\"Mat\u00e9ria - Links no Texto\">Depois de um fim de semana chuvoso, o Instituto Nacional de Meteorologia (Inmet) tamb\u00e9m renovou, no domingo (2), o alerta para a possibilidade de novas tempestades e ventos fortes em toda a regi\u00e3o do Vale do Para\u00edba.<\/p>\n<\/div>\n<\/div>\n<div id=\"chunk-d1iai\">\n<div class=\"mc-column content-text active-extra-styles \" data-block-type=\"unstyled\" data-block-weight=\"26\" data-block-id=\"9\">\n<p class=\" content-text__container \" data-track-category=\"Link no Texto\" data-track-links=\"\" data-mrf-recirculation=\"Mat\u00e9ria - Links no Texto\">O alerta vale pelo menos at\u00e9 a noite desta segunda-feira (3), mas pode ser renovado novamente se a previs\u00e3o indicar o risco de mais chuvas intensas.<\/p>\n<\/div>\n<\/div>\n<div id=\"chunk-976o8\">\n<div class=\"mc-column content-text active-extra-styles \" data-block-type=\"unstyled\" data-block-weight=\"40\" data-block-id=\"10\">\n<p class=\" content-text__container \" data-track-category=\"Link no Texto\" data-track-links=\"\" data-mrf-recirculation=\"Mat\u00e9ria - Links no Texto\">O alerta do instituto para o risco de chuvas fortes na regi\u00e3o come\u00e7ou na \u00faltima quinta-feira (30), por conta da atua\u00e7\u00e3o de uma Zona de Converg\u00eancia do Atl\u00e2ntico Sul (ZCAS) na regi\u00e3o &#8211; entenda aqui o que \u00e9 o fen\u00f4meno.<\/p>\n<\/div>\n<\/div>\n<div id=\"chunk-8h60r\">\n<div class=\"mc-column content-text active-extra-styles \" data-block-type=\"unstyled\" data-block-weight=\"39\" data-block-id=\"11\">\n<p class=\" content-text__container \" data-track-category=\"Link no Texto\" data-track-links=\"\" data-mrf-recirculation=\"Mat\u00e9ria - Links no Texto\">No per\u00edodo do alerta, h\u00e1 chance de chuva de 30 a 60 mil\u00edmetros por hora ou 50 a 100 mil\u00edmetros por dia. O comunicado prev\u00ea ainda o risco de ventos intensos, que podem variar entre 60 e 100 km\/h.<\/p>\n<\/div>\n<\/div>\n<div id=\"chunk-1ce9m\">\n<div class=\"mc-column content-text active-extra-styles \" data-block-type=\"unstyled\" data-block-weight=\"29\" data-block-id=\"12\">\n<p class=\" content-text__container \" data-track-category=\"Link no Texto\" data-track-links=\"\" data-mrf-recirculation=\"Mat\u00e9ria - Links no Texto\">As 46 cidades do Vale do Para\u00edba, Litoral Norte, Serra da Mantiqueira e regi\u00e3o bragantina foram classificadas pelo instituto como laranja no grau de risco, grau intermedi\u00e1rio de risco.<\/p>\n<\/div>\n<\/div>\n<div id=\"chunk-aq24c\">\n<div class=\"mc-column content-text active-extra-styles\" data-block-type=\"raw\" data-block-weight=\"11\" data-block-id=\"13\">\n<ul class=\"content-unordered-list\">\n<li>\ud83d\udfe1 Amarelo: perigo potencial<\/li>\n<li>\ud83d\udfe0 Laranja: perigo<\/li>\n<li>\ud83d\udd34 Vermelho: grande perigo<\/li>\n<\/ul>\n<h2><strong>Confira alguma orienta\u00e7\u00f5es:<\/strong><\/h2>\n<\/div>\n<\/div>\n<div id=\"chunk-5479m\">\n<div class=\"mc-column content-text active-extra-styles\" data-block-type=\"raw\" data-block-weight=\"15\" data-block-id=\"15\">\n<ul class=\"content-unordered-list\">\n<li>Desligue aparelhos el\u00e9tricos, quadro geral de energia.<\/li>\n<li>Observe altera\u00e7\u00e3o nas encostas.<\/li>\n<li>Permane\u00e7a em local abrigado.<\/li>\n<\/ul>\n<p>Em caso de situa\u00e7\u00e3o de inunda\u00e7\u00e3o, ou similar, proteja seus pertences da \u00e1gua envoltos em sacos pl\u00e1sticos.<\/p>\n<\/div>\n<\/div>\n<div id=\"chunk-4ou3k\">\n<div class=\"mc-column content-text active-extra-styles \" data-block-type=\"unstyled\" data-block-weight=\"24\" data-block-id=\"18\">\n<p class=\" content-text__container \" data-track-category=\"Link no Texto\" data-track-links=\"\" data-mrf-recirculation=\"Mat\u00e9ria - Links no Texto\">Em caso de emerg\u00eancia, as pessoas podem acionar a Defesa Civil &#8211; pelo n\u00famero 199 &#8211; e o Corpo de Bombeiros &#8211; pelo 193.<\/p>\n<\/div>\n<\/div>\n<\/div>\n<\/div>\n<\/div>\n<pre data-track-category=\"Link no Texto\" data-mrf-recirculation=\"Mat\u00e9ria - Links no Texto\">Com G1<\/pre>\n","protected":false},"excerpt":{"rendered":"<p>O Centro Nacional de Monitoramento e Alertas de Desastres Naturais (Cemaden) mant\u00e9m na manh\u00e3 desta segunda-feira (3) o alerta para risco de deslizamentos de terra e alagamentos em ao menos sete cidades do Vale do Para\u00edba e Litoral Norte de S\u00e3o Paulo. O alerta segue ativo por causa das chuvas constantes nas cidades de\u00a0Aparecida, Atibaia, [&hellip;]<\/p>\n","protected":false},"author":26,"featured_media":31034,"comment_status":"open","ping_status":"open","sticky":false,"template":"","format":"standard","meta":{"footnotes":""},"categories":[2,80,6],"tags":[],"class_list":["post-31033","post","type-post","status-publish","format-standard","has-post-thumbnail","hentry","category-geral","category-litoral-norte","category-tempo"],"aioseo_notices":[],"_links":{"self":[{"href":"https:\/\/lrm67.com\/index.php\/wp-json\/wp\/v2\/posts\/31033","targetHints":{"allow":["GET"]}}],"collection":[{"href":"https:\/\/lrm67.com\/index.php\/wp-json\/wp\/v2\/posts"}],"about":[{"href":"https:\/\/lrm67.com\/index.php\/wp-json\/wp\/v2\/types\/post"}],"author":[{"embeddable":true,"href":"https:\/\/lrm67.com\/index.php\/wp-json\/wp\/v2\/users\/26"}],"replies":[{"embeddable":true,"href":"https:\/\/lrm67.com\/index.php\/wp-json\/wp\/v2\/comments?post=31033"}],"version-history":[{"count":2,"href":"https:\/\/lrm67.com\/index.php\/wp-json\/wp\/v2\/posts\/31033\/revisions"}],"predecessor-version":[{"id":31036,"href":"https:\/\/lrm67.com\/index.php\/wp-json\/wp\/v2\/posts\/31033\/revisions\/31036"}],"wp:featuredmedia":[{"embeddable":true,"href":"https:\/\/lrm67.com\/index.php\/wp-json\/wp\/v2\/media\/31034"}],"wp:attachment":[{"href":"https:\/\/lrm67.com\/index.php\/wp-json\/wp\/v2\/media?parent=31033"}],"wp:term":[{"taxonomy":"category","embeddable":true,"href":"https:\/\/lrm67.com\/index.php\/wp-json\/wp\/v2\/categories?post=31033"},{"taxonomy":"post_tag","embeddable":true,"href":"https:\/\/lrm67.com\/index.php\/wp-json\/wp\/v2\/tags?post=31033"}],"curies":[{"name":"wp","href":"https:\/\/api.w.org\/{rel}","templated":true}]}}