{"id":31003,"date":"2025-01-31T09:38:28","date_gmt":"2025-01-31T12:38:28","guid":{"rendered":"https:\/\/lrm67.com\/?p=31003"},"modified":"2025-01-31T09:38:28","modified_gmt":"2025-01-31T12:38:28","slug":"programacao-verao-ilhabela-viva-2025-esportes-e-lazer-movimentam-este-final-de-semana","status":"publish","type":"post","link":"https:\/\/lrm67.com\/index.php\/2025\/01\/31\/programacao-verao-ilhabela-viva-2025-esportes-e-lazer-movimentam-este-final-de-semana\/","title":{"rendered":"Programa\u00e7\u00e3o Ver\u00e3o Ilhabela Viva 2025: esportes e lazer movimentam este final de semana"},"content":{"rendered":"<p>Ilhabela se prepara para mais um final de semana repleto de esporte e lazer com o Projeto Ver\u00e3o Ilhabela Viva 2025. No s\u00e1bado (1\u00ba), a praia do Perequ\u00ea recebe o torneio de handbeach, enquanto no domingo (2), a tradicional Corrida da Padroeira promete emo\u00e7\u00e3o para os participantes. Al\u00e9m das competi\u00e7\u00f5es, diversas atividades esportivas e recreativas estar\u00e3o dispon\u00edveis para moradores e turistas.<\/p>\n<h2>Torneio de Handbeach \u2013 S\u00e1bado (1\u00ba)<\/h2>\n<p>O evento tem car\u00e1ter festivo e busca incentivar a pr\u00e1tica esportiva e a integra\u00e7\u00e3o entre os participantes.<br \/>\n\u2022\u00a0\u00a0 \u00a0Local: Praia do Perequ\u00ea<br \/>\n\u2022\u00a0\u00a0 \u00a0Inscri\u00e7\u00f5es: No local, das 8h \u00e0s 9h<br \/>\n\u2022\u00a0\u00a0 \u00a0Hor\u00e1rio dos jogos: Das 9h \u00e0s 17h<br \/>\n\u2022\u00a0\u00a0 \u00a0Idade m\u00ednima: 14 anos<br \/>\n\u2022\u00a0\u00a0 \u00a0Contribui\u00e7\u00e3o: Doa\u00e7\u00e3o de 1kg de trigo por atleta<\/p>\n<h2>Corrida da Padroeira \u2013 Domingo (2)<\/h2>\n<p>A Corrida da Padroeira \u00e9 um dos eventos mais aguardados do calend\u00e1rio esportivo de Ilhabela. Com um percurso de 6km, a prova incentiva um estilo de vida saud\u00e1vel e a pr\u00e1tica esportiva.<br \/>\n\u2022\u00a0\u00a0 \u00a0Largada: 8h, na Av. Princesa Isabel, n\u00ba 2467 (Barra Velha), em frente ao Supermercado Rosalina.<br \/>\n\u2022\u00a0\u00a0 \u00a0Chegada: Pra\u00e7a Coronel J\u00falio de Moura Negr\u00e3o (Vila \u2013 Centro Hist\u00f3rico), em frente \u00e0 Igreja Nossa Senhora D\u2019Ajuda.<\/p>\n<p>O trajeto contar\u00e1 com postos de hidrata\u00e7\u00e3o no Km 3 (Morro da Cruz) e na chegada.<br \/>\nOs participantes poder\u00e3o retirar seus kits nos seguintes hor\u00e1rios e locais:<br \/>\n\u2022\u00a0\u00a0 \u00a0S\u00e1bado (1\u00ba\/02): das 16h \u00e0s 20h, na Pra\u00e7a Alan Kardec (Barra Velha).<br \/>\n\u2022\u00a0\u00a0 \u00a0Domingo (2\/02): das 6h \u00e0s 7h30, no local da largada.<\/p>\n<p>Para a retirada, \u00e9 necess\u00e1rio apresentar um documento oficial com foto e doar 1kg de macarr\u00e3o.<\/p>\n<h2>Programa\u00e7\u00e3o completa<\/h2>\n<p><strong>S\u00e1bado (1\u00ba) \u00a0<\/strong><br \/>\n\u2022\u00a0\u00a0 \u00a09h: Torneio de HandBeach \u2013 Praia do Perequ\u00ea<br \/>\n\u2022\u00a0\u00a0 \u00a017h: Aula de dan\u00e7a \u2013 Praia do Perequ\u00ea<br \/>\n\u2022\u00a0\u00a0 \u00a09h \u00e0s 16h: Arena Aberta (Cl\u00ednicas Esportivas) e Arena Kids \u2013 Praia Grande<br \/>\n\u2022\u00a0\u00a0 \u00a09h \u00e0s 16h: Vela para Todos \u2013 Praia Grande<br \/>\n\u2022\u00a0\u00a0 \u00a016h \u00e0s 20h: Entrega de kits da Corrida da Padroeira \u2013 Pra\u00e7a Alan Kardec (Barra Velha)<br \/>\n\u2022\u00a0\u00a0 \u00a020h: Balada Noturna com DJ \u2013 Espa\u00e7o Cultural Praia Grande (a confirmar)<\/p>\n<p><strong>Domingo (2)<\/strong><br \/>\n\u2022\u00a0\u00a0 \u00a08h: Corrida da Padroeira \u2013 Sa\u00edda Pra\u00e7a Alan Kardec<br \/>\n\u2022\u00a0\u00a0 \u00a017h: Aula de dan\u00e7a \u2013 Praia do Perequ\u00ea<br \/>\n\u2022\u00a0\u00a0 \u00a09h \u00e0s 16h: Arena Aberta (Cl\u00ednicas Esportivas) \u2013 Praia Grande<br \/>\n\u2022\u00a0\u00a0 \u00a09h \u00e0s 16h: Vela para Todos \u2013 Praia Grande<\/p>\n<p>O Projeto Ver\u00e3o Ilhabela Viva 2025 refor\u00e7a a import\u00e2ncia do esporte como ferramenta de lazer, bem-estar e inclus\u00e3o, oferecendo atividades para toda a comunidade e visitantes.<\/p>\n<p>Para mais informa\u00e7\u00f5es, acompanhe as redes sociais da Prefeitura de Ilhabela e da Secretaria de Esporte e Lazer.<\/p>\n","protected":false},"excerpt":{"rendered":"<p>Ilhabela se prepara para mais um final de semana repleto de esporte e lazer com o Projeto Ver\u00e3o Ilhabela Viva 2025. No s\u00e1bado (1\u00ba), a praia do Perequ\u00ea recebe o torneio de handbeach, enquanto no domingo (2), a tradicional Corrida da Padroeira promete emo\u00e7\u00e3o para os participantes. Al\u00e9m das competi\u00e7\u00f5es, diversas atividades esportivas e recreativas [&hellip;]<\/p>\n","protected":false},"author":28,"featured_media":31004,"comment_status":"open","ping_status":"open","sticky":false,"template":"","format":"standard","meta":{"footnotes":""},"categories":[3,5],"tags":[],"class_list":["post-31003","post","type-post","status-publish","format-standard","has-post-thumbnail","hentry","category-ilhabela","category-turismo"],"aioseo_notices":[],"_links":{"self":[{"href":"https:\/\/lrm67.com\/index.php\/wp-json\/wp\/v2\/posts\/31003","targetHints":{"allow":["GET"]}}],"collection":[{"href":"https:\/\/lrm67.com\/index.php\/wp-json\/wp\/v2\/posts"}],"about":[{"href":"https:\/\/lrm67.com\/index.php\/wp-json\/wp\/v2\/types\/post"}],"author":[{"embeddable":true,"href":"https:\/\/lrm67.com\/index.php\/wp-json\/wp\/v2\/users\/28"}],"replies":[{"embeddable":true,"href":"https:\/\/lrm67.com\/index.php\/wp-json\/wp\/v2\/comments?post=31003"}],"version-history":[{"count":1,"href":"https:\/\/lrm67.com\/index.php\/wp-json\/wp\/v2\/posts\/31003\/revisions"}],"predecessor-version":[{"id":31005,"href":"https:\/\/lrm67.com\/index.php\/wp-json\/wp\/v2\/posts\/31003\/revisions\/31005"}],"wp:featuredmedia":[{"embeddable":true,"href":"https:\/\/lrm67.com\/index.php\/wp-json\/wp\/v2\/media\/31004"}],"wp:attachment":[{"href":"https:\/\/lrm67.com\/index.php\/wp-json\/wp\/v2\/media?parent=31003"}],"wp:term":[{"taxonomy":"category","embeddable":true,"href":"https:\/\/lrm67.com\/index.php\/wp-json\/wp\/v2\/categories?post=31003"},{"taxonomy":"post_tag","embeddable":true,"href":"https:\/\/lrm67.com\/index.php\/wp-json\/wp\/v2\/tags?post=31003"}],"curies":[{"name":"wp","href":"https:\/\/api.w.org\/{rel}","templated":true}]}}