{"id":30990,"date":"2025-01-29T21:12:09","date_gmt":"2025-01-30T00:12:09","guid":{"rendered":"https:\/\/lrm67.com\/?p=30990"},"modified":"2025-01-29T21:12:09","modified_gmt":"2025-01-30T00:12:09","slug":"vem-ai-a-corrida-e-caminhada-da-padroeira-de-ilhabela-2","status":"publish","type":"post","link":"https:\/\/lrm67.com\/index.php\/2025\/01\/29\/vem-ai-a-corrida-e-caminhada-da-padroeira-de-ilhabela-2\/","title":{"rendered":"Vem a\u00ed a Corrida e Caminhada da Padroeira de Ilhabela"},"content":{"rendered":"<p style=\"font-weight: 400;\">A Corrida e Caminhada da Padroeira, que ser\u00e1 realizada neste domingo (2), promete movimentar Ilhabela. Com inscri\u00e7\u00f5es esgotadas, o evento atraiu 700 inscritos e integra as festividades em homenagem \u00e0 padroeira da cidade, al\u00e9m de fazer parte do projeto Ver\u00e3o Ilhabela Viva 2025.<\/p>\n<p style=\"font-weight: 400;\">A prova, promovida pela Prefeitura de Ilhabela, por meio da Secretaria de Esporte e Lazer, conta com um percurso de 6 km e busca estimular a pr\u00e1tica de atividades f\u00edsicas, al\u00e9m de promover a qualidade de vida dos moradores e visitantes. Como gesto de solidariedade, cada inscri\u00e7\u00e3o foi vinculada \u00e0 doa\u00e7\u00e3o de 1 kg de macarr\u00e3o, que deve ser entregue durante a retirada dos kits de participa\u00e7\u00e3o.<\/p>\n<p style=\"font-weight: 400;\">A largada est\u00e1 marcada para 8h, na Barra Velha, em frente ao Supermercado Rosalina. Os atletas percorrer\u00e3o um trajeto que passa pelo Morro da Cruz, com um ponto de hidrata\u00e7\u00e3o no KM 3, e a chegada ser\u00e1 na Pra\u00e7a Coronel J\u00falio de Moura Negr\u00e3o, em frente \u00e0 Igreja Nossa Senhora D\u2019Ajuda, na Vila \u2013 Centro Hist\u00f3rico.<\/p>\n<p style=\"font-weight: 400;\">Os kits para os inscritos estar\u00e3o dispon\u00edveis para retirada no s\u00e1bado (1\u00ba), das 16h \u00e0s 20h, na Pra\u00e7a Alan Kardec, em Barra Velha, ou no domingo (2), das 6h \u00e0s 7h30, no local da largada. \u00c9 necess\u00e1rio apresentar um documento oficial com foto e a doa\u00e7\u00e3o de 1 kg de macarr\u00e3o.<\/p>\n","protected":false},"excerpt":{"rendered":"<p>A Corrida e Caminhada da Padroeira, que ser\u00e1 realizada neste domingo (2), promete movimentar Ilhabela. Com inscri\u00e7\u00f5es esgotadas, o evento atraiu 700 inscritos e integra as festividades em homenagem \u00e0 padroeira da cidade, al\u00e9m de fazer parte do projeto Ver\u00e3o Ilhabela Viva 2025. A prova, promovida pela Prefeitura de Ilhabela, por meio da Secretaria de [&hellip;]<\/p>\n","protected":false},"author":26,"featured_media":30991,"comment_status":"open","ping_status":"open","sticky":false,"template":"","format":"standard","meta":{"footnotes":""},"categories":[30,11,12,3],"tags":[],"class_list":["post-30990","post","type-post","status-publish","format-standard","has-post-thumbnail","hentry","category-cultura","category-esportes","category-eventos","category-ilhabela"],"aioseo_notices":[],"_links":{"self":[{"href":"https:\/\/lrm67.com\/index.php\/wp-json\/wp\/v2\/posts\/30990","targetHints":{"allow":["GET"]}}],"collection":[{"href":"https:\/\/lrm67.com\/index.php\/wp-json\/wp\/v2\/posts"}],"about":[{"href":"https:\/\/lrm67.com\/index.php\/wp-json\/wp\/v2\/types\/post"}],"author":[{"embeddable":true,"href":"https:\/\/lrm67.com\/index.php\/wp-json\/wp\/v2\/users\/26"}],"replies":[{"embeddable":true,"href":"https:\/\/lrm67.com\/index.php\/wp-json\/wp\/v2\/comments?post=30990"}],"version-history":[{"count":1,"href":"https:\/\/lrm67.com\/index.php\/wp-json\/wp\/v2\/posts\/30990\/revisions"}],"predecessor-version":[{"id":30992,"href":"https:\/\/lrm67.com\/index.php\/wp-json\/wp\/v2\/posts\/30990\/revisions\/30992"}],"wp:featuredmedia":[{"embeddable":true,"href":"https:\/\/lrm67.com\/index.php\/wp-json\/wp\/v2\/media\/30991"}],"wp:attachment":[{"href":"https:\/\/lrm67.com\/index.php\/wp-json\/wp\/v2\/media?parent=30990"}],"wp:term":[{"taxonomy":"category","embeddable":true,"href":"https:\/\/lrm67.com\/index.php\/wp-json\/wp\/v2\/categories?post=30990"},{"taxonomy":"post_tag","embeddable":true,"href":"https:\/\/lrm67.com\/index.php\/wp-json\/wp\/v2\/tags?post=30990"}],"curies":[{"name":"wp","href":"https:\/\/api.w.org\/{rel}","templated":true}]}}