{"id":30961,"date":"2025-01-29T09:48:00","date_gmt":"2025-01-29T12:48:00","guid":{"rendered":"https:\/\/lrm67.com\/?p=30961"},"modified":"2025-01-29T09:48:00","modified_gmt":"2025-01-29T12:48:00","slug":"praia-do-pereque-recebe-festival-afro-rainha-do-mar-neste-domingo-2","status":"publish","type":"post","link":"https:\/\/lrm67.com\/index.php\/2025\/01\/29\/praia-do-pereque-recebe-festival-afro-rainha-do-mar-neste-domingo-2\/","title":{"rendered":"Praia do Perequ\u00ea recebe Festival Afro &#8220;Rainha do Mar&#8221; neste domingo (2)"},"content":{"rendered":"<p>Neste domingo (2), a Praia do Perequ\u00ea, regi\u00e3o central da cidade, ser\u00e1 palco da primeira edi\u00e7\u00e3o do Festival Afro de Ilhabela, intitulado \u201cRainha do Mar\u201d. O evento, que come\u00e7a \u00e0s 13h, homenageia Iemanj\u00e1, orix\u00e1 das religi\u00f5es de matriz africana conhecida como a protetora dos mares, dos pescadores e das criaturas marinhas. A programa\u00e7\u00e3o inclui atividades culturais, religiosas e a apresenta\u00e7\u00e3o musical de Nico do Pagode e banda.<\/p>\n<p>O festival celebra a cultura afro-brasileira e fortalece as tradi\u00e7\u00f5es trazidas ao Brasil pelos povos africanos escravizados. A programa\u00e7\u00e3o come\u00e7a com a prepara\u00e7\u00e3o e decora\u00e7\u00e3o do local, seguida pela \u201c\u00c0d\u00far\u00e0\u201d (Ora\u00e7\u00e3o) \u00e0s 17h e pelo \u201cXir\u00ea\u201d, uma dan\u00e7a em homenagem aos Orix\u00e1s, com foco especial em Iemanj\u00e1.<\/p>\n<p>\u00c0s 20h, os participantes far\u00e3o um cortejo at\u00e9 o P\u00eder do Perequ\u00ea, onde ser\u00e3o entregues oferendas \u00e0s \u00e1guas, simbolizando o respeito e a devo\u00e7\u00e3o \u00e0 Rainha do Mar. Em seguida, \u00e0s 20h30, o p\u00fablico poder\u00e1 curtir o show musical de Nico do Pagode e sua banda, encerrando o evento com muita m\u00fasica e alegria.<\/p>\n<p>O evento conta com o apoio da Prefeitura de Ilhabela, Associa\u00e7\u00e3o do Movimento Afrodescendente de Ilhabela e Zeladores de Terreiros de Ilhabela.<\/p>\n<h2>Cultura e tradi\u00e7\u00e3o<\/h2>\n<p>A devo\u00e7\u00e3o a Iemanj\u00e1 tem ra\u00edzes profundas na cultura africana, especialmente entre os iorub\u00e1s, povo origin\u00e1rio da \u00c1frica Ocidental. Considerada a m\u00e3e de todos os seres, Iemanj\u00e1 \u00e9 associada \u00e0 fertilidade e \u00e0 prote\u00e7\u00e3o, sendo uma figura central nas religi\u00f5es de matriz africana. Sua venera\u00e7\u00e3o foi trazida ao Brasil pelos escravizados africanos e permanece viva como um s\u00edmbolo de resist\u00eancia e identidade cultural.<\/p>\n<p>O Festival Afro de Ilhabela n\u00e3o apenas celebra essa heran\u00e7a, mas tamb\u00e9m promove a integra\u00e7\u00e3o e o respeito \u00e0s tradi\u00e7\u00f5es afro-brasileiras, fortalecendo o di\u00e1logo intercultural na cidade.<\/p>\n<h2>Servi\u00e7o<\/h2>\n<p>Festival Afro de Ilhabela \u2013 Rainha do Mar<br \/>\n<strong>Data:\u00a0<\/strong>Domingo, 2 de outubro<br \/>\n<strong>Local:\u00a0<\/strong>Praia do Perequ\u00ea, Ilhabela<br \/>\n<strong>Programa\u00e7\u00e3o:\u00a0<\/strong><br \/>\n&#8211; 13h: Organiza\u00e7\u00e3o e decora\u00e7\u00e3o do local<br \/>\n&#8211; 17h: \u00c0d\u00far\u00e0 (Ora\u00e7\u00e3o) e Xir\u00ea em homenagem a Iemanj\u00e1<br \/>\n&#8211; 20h: Cortejo e entrega de oferendas no P\u00eder do Perequ\u00ea<br \/>\n&#8211; 20h30: Show musical com Nico do Pagode e banda<\/p>\n","protected":false},"excerpt":{"rendered":"<p>Neste domingo (2), a Praia do Perequ\u00ea, regi\u00e3o central da cidade, ser\u00e1 palco da primeira edi\u00e7\u00e3o do Festival Afro de Ilhabela, intitulado \u201cRainha do Mar\u201d. O evento, que come\u00e7a \u00e0s 13h, homenageia Iemanj\u00e1, orix\u00e1 das religi\u00f5es de matriz africana conhecida como a protetora dos mares, dos pescadores e das criaturas marinhas. A programa\u00e7\u00e3o inclui atividades [&hellip;]<\/p>\n","protected":false},"author":28,"featured_media":30962,"comment_status":"open","ping_status":"open","sticky":false,"template":"","format":"standard","meta":{"footnotes":""},"categories":[2,3],"tags":[],"class_list":["post-30961","post","type-post","status-publish","format-standard","has-post-thumbnail","hentry","category-geral","category-ilhabela"],"aioseo_notices":[],"_links":{"self":[{"href":"https:\/\/lrm67.com\/index.php\/wp-json\/wp\/v2\/posts\/30961","targetHints":{"allow":["GET"]}}],"collection":[{"href":"https:\/\/lrm67.com\/index.php\/wp-json\/wp\/v2\/posts"}],"about":[{"href":"https:\/\/lrm67.com\/index.php\/wp-json\/wp\/v2\/types\/post"}],"author":[{"embeddable":true,"href":"https:\/\/lrm67.com\/index.php\/wp-json\/wp\/v2\/users\/28"}],"replies":[{"embeddable":true,"href":"https:\/\/lrm67.com\/index.php\/wp-json\/wp\/v2\/comments?post=30961"}],"version-history":[{"count":1,"href":"https:\/\/lrm67.com\/index.php\/wp-json\/wp\/v2\/posts\/30961\/revisions"}],"predecessor-version":[{"id":30963,"href":"https:\/\/lrm67.com\/index.php\/wp-json\/wp\/v2\/posts\/30961\/revisions\/30963"}],"wp:featuredmedia":[{"embeddable":true,"href":"https:\/\/lrm67.com\/index.php\/wp-json\/wp\/v2\/media\/30962"}],"wp:attachment":[{"href":"https:\/\/lrm67.com\/index.php\/wp-json\/wp\/v2\/media?parent=30961"}],"wp:term":[{"taxonomy":"category","embeddable":true,"href":"https:\/\/lrm67.com\/index.php\/wp-json\/wp\/v2\/categories?post=30961"},{"taxonomy":"post_tag","embeddable":true,"href":"https:\/\/lrm67.com\/index.php\/wp-json\/wp\/v2\/tags?post=30961"}],"curies":[{"name":"wp","href":"https:\/\/api.w.org\/{rel}","templated":true}]}}