{"id":30954,"date":"2025-01-29T09:33:04","date_gmt":"2025-01-29T12:33:04","guid":{"rendered":"https:\/\/lrm67.com\/?p=30954"},"modified":"2025-01-29T09:33:04","modified_gmt":"2025-01-29T12:33:04","slug":"sao-sebastiao-recebe-10-novas-ambulancias-para-frota-de-saude-municipal","status":"publish","type":"post","link":"https:\/\/lrm67.com\/index.php\/2025\/01\/29\/sao-sebastiao-recebe-10-novas-ambulancias-para-frota-de-saude-municipal\/","title":{"rendered":"S\u00e3o Sebasti\u00e3o recebe 10 novas ambul\u00e2ncias para frota de sa\u00fade municipal"},"content":{"rendered":"<p>A Prefeitura de S\u00e3o Sebasti\u00e3o entregou, nesta ter\u00e7a-feira (28), dez novas ambul\u00e2ncias 0km para refor\u00e7ar os servi\u00e7os de sa\u00fade no munic\u00edpio. Cinco ve\u00edculos foram destinados ao Servi\u00e7o de Atendimento M\u00f3vel de Urg\u00eancia (Samu), enquanto outros cinco ser\u00e3o utilizados para o transporte de moradores que realizam tratamentos m\u00e9dicos.<\/p>\n<p>Com essa aquisi\u00e7\u00e3o, a frota de ambul\u00e2ncias do transporte sanit\u00e1rio passou de duas para sete, marcando um avan\u00e7o significativo na hist\u00f3ria da sa\u00fade p\u00fablica de S\u00e3o Sebasti\u00e3o. As novas ambul\u00e2ncias, agora locadas, garantem efici\u00eancia e qualidade ao servi\u00e7o, al\u00e9m de incluir manuten\u00e7\u00e3o, revis\u00e3o e seguro no contrato. Caso algum ve\u00edculo precise ser retirado de opera\u00e7\u00e3o por problemas t\u00e9cnicos, ser\u00e1 substitu\u00eddo imediatamente, sem impacto no atendimento \u00e0 popula\u00e7\u00e3o.<\/p>\n<p>\u201cEssa renova\u00e7\u00e3o da frota \u00e9 um marco na sa\u00fade p\u00fablica do munic\u00edpio. Al\u00e9m de oferecermos ambul\u00e2ncias novas, temos a garantia de pronta manuten\u00e7\u00e3o, o que melhora o tempo de resposta e a qualidade do servi\u00e7o\u201d, destacou o prefeito Reinaldinho Moreira.<\/p>\n<p>A troca dos ve\u00edculos reafirma o compromisso da gest\u00e3o municipal em proporcionar uma sa\u00fade p\u00fablica eficiente e humanizada, garantindo mais seguran\u00e7a e agilidade no atendimento aos moradores.<\/p>\n","protected":false},"excerpt":{"rendered":"<p>A Prefeitura de S\u00e3o Sebasti\u00e3o entregou, nesta ter\u00e7a-feira (28), dez novas ambul\u00e2ncias 0km para refor\u00e7ar os servi\u00e7os de sa\u00fade no munic\u00edpio. Cinco ve\u00edculos foram destinados ao Servi\u00e7o de Atendimento M\u00f3vel de Urg\u00eancia (Samu), enquanto outros cinco ser\u00e3o utilizados para o transporte de moradores que realizam tratamentos m\u00e9dicos. Com essa aquisi\u00e7\u00e3o, a frota de ambul\u00e2ncias do [&hellip;]<\/p>\n","protected":false},"author":28,"featured_media":30955,"comment_status":"open","ping_status":"open","sticky":false,"template":"","format":"standard","meta":{"footnotes":""},"categories":[2,13],"tags":[],"class_list":["post-30954","post","type-post","status-publish","format-standard","has-post-thumbnail","hentry","category-geral","category-sao-sebastiao"],"aioseo_notices":[],"_links":{"self":[{"href":"https:\/\/lrm67.com\/index.php\/wp-json\/wp\/v2\/posts\/30954","targetHints":{"allow":["GET"]}}],"collection":[{"href":"https:\/\/lrm67.com\/index.php\/wp-json\/wp\/v2\/posts"}],"about":[{"href":"https:\/\/lrm67.com\/index.php\/wp-json\/wp\/v2\/types\/post"}],"author":[{"embeddable":true,"href":"https:\/\/lrm67.com\/index.php\/wp-json\/wp\/v2\/users\/28"}],"replies":[{"embeddable":true,"href":"https:\/\/lrm67.com\/index.php\/wp-json\/wp\/v2\/comments?post=30954"}],"version-history":[{"count":1,"href":"https:\/\/lrm67.com\/index.php\/wp-json\/wp\/v2\/posts\/30954\/revisions"}],"predecessor-version":[{"id":30956,"href":"https:\/\/lrm67.com\/index.php\/wp-json\/wp\/v2\/posts\/30954\/revisions\/30956"}],"wp:featuredmedia":[{"embeddable":true,"href":"https:\/\/lrm67.com\/index.php\/wp-json\/wp\/v2\/media\/30955"}],"wp:attachment":[{"href":"https:\/\/lrm67.com\/index.php\/wp-json\/wp\/v2\/media?parent=30954"}],"wp:term":[{"taxonomy":"category","embeddable":true,"href":"https:\/\/lrm67.com\/index.php\/wp-json\/wp\/v2\/categories?post=30954"},{"taxonomy":"post_tag","embeddable":true,"href":"https:\/\/lrm67.com\/index.php\/wp-json\/wp\/v2\/tags?post=30954"}],"curies":[{"name":"wp","href":"https:\/\/api.w.org\/{rel}","templated":true}]}}