{"id":30321,"date":"2025-01-03T12:07:09","date_gmt":"2025-01-03T15:07:09","guid":{"rendered":"https:\/\/lrm67.com\/?p=30321"},"modified":"2025-01-03T17:08:26","modified_gmt":"2025-01-03T20:08:26","slug":"ilhabela-convention-abre-as-inscricoes-para-o-2o-festival-gastronomico-sabores-da-praia","status":"publish","type":"post","link":"https:\/\/lrm67.com\/index.php\/2025\/01\/03\/ilhabela-convention-abre-as-inscricoes-para-o-2o-festival-gastronomico-sabores-da-praia\/","title":{"rendered":"Ilhabela Convention abre as inscri\u00e7\u00f5es para  o 2\u00ba Festival Gastron\u00f4mico Sabores da Praia"},"content":{"rendered":"<p style=\"font-weight: 400;\">O\u00a0<a href=\"https:\/\/ilhabelaconvention.com.br\/\" data-saferedirecturl=\"https:\/\/www.google.com\/url?q=https:\/\/ilhabelaconvention.com.br\/&amp;source=gmail&amp;ust=1736018295157000&amp;usg=AOvVaw04iND3g8nlo_ES6tNBKq6y\"><strong>Ilhabela Convention &amp; Visitors Bureau<\/strong><\/a>\u00a0anunciou nesta sexta-feira (3) a abertura das inscri\u00e7\u00f5es para o\u00a0<a href=\"https:\/\/saboresdapraia.com.br\/\" data-saferedirecturl=\"https:\/\/www.google.com\/url?q=https:\/\/saboresdapraia.com.br\/&amp;source=gmail&amp;ust=1736018295157000&amp;usg=AOvVaw1xfEWOvGAIsLUwmM_Cezuq\"><strong>2\u00ba Festival Gastron\u00f4mico Sabores da Praia \u2013 Edi\u00e7\u00e3o Ilhabela<\/strong><\/a>. A partir da pr\u00f3xima segunda-feira (6), a ficha de inscri\u00e7\u00e3o estar\u00e1 dispon\u00edvel no site oficial do evento. As inscri\u00e7\u00f5es se encerrar\u00e3o no dia 30 de mar\u00e7o.<\/p>\n<p style=\"font-weight: 400;\">A segunda edi\u00e7\u00e3o do Festival acontecer\u00e1 entre os dias 17 de abril e 18 de maio e faz parte das estrat\u00e9gias de promo\u00e7\u00e3o de eventos do Ilhabela Convention &amp; Visitors Bureau para fomentar o turismo no arquip\u00e9lago durante todo o ano.<\/p>\n<p style=\"font-weight: 400;\">\u201cO festival \u00e9 uma das v\u00e1rias a\u00e7\u00f5es do Ilhabela Convention para ajudar a alavancar o turismo na baixa temporada de lazer, que acaba movimentando toda a cadeia tur\u00edstica local, como hotelaria, transportes, entre outros segmentos, pois o evento ir\u00e1 atrair turistas que vir\u00e3o a Ilhabela para conhecer os restaurantes participantes e vivenciar experi\u00eancias gastron\u00f4micas, e consequentemente, os atrativos tur\u00edsticos que o destino oferece\u201d, avalia M\u00e1rcio Franco, presidente da entidade.<\/p>\n<p style=\"font-weight: 400;\">Ele destaca que a divulga\u00e7\u00e3o do evento na m\u00eddia nacional ir\u00e1 gerar mais visibilidade para o destino e, principalmente, para os estabelecimentos participantes. \u201cA divulga\u00e7\u00e3o atrair\u00e1 uma parcela de turistas que vir\u00e1 para Ilhabela para prestigiar o festival, mas a grande maioria dos visitantes impactados pela divulga\u00e7\u00e3o acaba vindo para a cidade em outras datas para degustar os pratos e desfrutar o destino\u201d.<\/p>\n<p><img fetchpriority=\"high\" decoding=\"async\" class=\"alignnone size-full wp-image-30322\" src=\"https:\/\/lrm67.com\/wp-content\/uploads\/2025\/01\/Convention-anunciou-a-abertura-das-incricoes-para-o-Sabores-da-Praia-Edicao-Ilhabela-Divulgacao.jpeg\" alt=\"\" width=\"1280\" height=\"1280\" srcset=\"https:\/\/lrm67.com\/wp-content\/uploads\/2025\/01\/Convention-anunciou-a-abertura-das-incricoes-para-o-Sabores-da-Praia-Edicao-Ilhabela-Divulgacao.jpeg 1280w, https:\/\/lrm67.com\/wp-content\/uploads\/2025\/01\/Convention-anunciou-a-abertura-das-incricoes-para-o-Sabores-da-Praia-Edicao-Ilhabela-Divulgacao-300x300.jpeg 300w, https:\/\/lrm67.com\/wp-content\/uploads\/2025\/01\/Convention-anunciou-a-abertura-das-incricoes-para-o-Sabores-da-Praia-Edicao-Ilhabela-Divulgacao-1024x1024.jpeg 1024w, https:\/\/lrm67.com\/wp-content\/uploads\/2025\/01\/Convention-anunciou-a-abertura-das-incricoes-para-o-Sabores-da-Praia-Edicao-Ilhabela-Divulgacao-150x150.jpeg 150w, https:\/\/lrm67.com\/wp-content\/uploads\/2025\/01\/Convention-anunciou-a-abertura-das-incricoes-para-o-Sabores-da-Praia-Edicao-Ilhabela-Divulgacao-768x768.jpeg 768w\" sizes=\"(max-width: 1280px) 100vw, 1280px\" \/><\/p>\n<h2 style=\"font-weight: 400;\"><strong>Como ser\u00e1 o Festival<\/strong><\/h2>\n<p style=\"font-weight: 400;\">O Festival seguir\u00e1 o modelo indoor, ou seja, ocorrer\u00e1 nos pr\u00f3prios estabelecimentos, o que possibilita aos participantes o controle da qualidade de seus produtos e da seguran\u00e7a alimentar, al\u00e9m de poder ampliar a possibilidade de fideliza\u00e7\u00e3o dos clientes, atrair novos\u00a0 clientes para conhecer a gastronomia de cada estabelecimento e aumentar o ticket m\u00e9dio, al\u00e9m de possibilitar o uso da pr\u00f3pria estrutura desses lugares.<\/p>\n<p style=\"font-weight: 400;\">Isso tamb\u00e9m oferece comodidade ao p\u00fablico que prestigiar\u00e1 o Festival, que ter\u00e1 \u00e0 disposi\u00e7\u00e3o estrutura como banheiros, estacionamentos, ar climatizado e a possibilidade de levar seus pets em alguns dos locais participantes.<\/p>\n<p style=\"font-weight: 400;\">Para participar os estabelecimentos dever\u00e3o criar um prato exclusivo para o Festival. As cervejarias, cafeterias, docerias, sorveterias e produtores artesanais tamb\u00e9m poder\u00e3o criar produtos espec\u00edficos para o evento. Os pratos ou cria\u00e7\u00f5es dever\u00e3o ter um valor acess\u00edvel a moradores e turistas, que ser\u00e1 fixado pelos pr\u00f3prios restaurantes.<\/p>\n<p style=\"font-weight: 400;\">Na pr\u00e1tica, nada muda no dia a dia do estabelecimento. O Festival pensou em aproveitar a estrutura pr\u00f3pria dos lugares para a realiza\u00e7\u00e3o do evento, com todos os cuidados necess\u00e1rios.<\/p>\n<p style=\"font-weight: 400;\">O 2\u00ba Festival Gastron\u00f4mico Sabores da Praia &#8211; Edi\u00e7\u00e3o Ilhabela \u00e9 realizado pelo Ilhabela Convention &amp; Visitors Bureau em parceria com o Grupo Sabores, com apoio da Prefeitura de Ilhabela, por meio da\u00a0<a href=\"https:\/\/turismoilhabela.com\/\" data-saferedirecturl=\"https:\/\/www.google.com\/url?q=https:\/\/turismoilhabela.com\/&amp;source=gmail&amp;ust=1736018295157000&amp;usg=AOvVaw2ejuQbjqYnmftHgP_gNc_O\"><strong>Secretaria de Desenvolvimento Econ\u00f4mico e Turismo.<\/strong><\/a><\/p>\n","protected":false},"excerpt":{"rendered":"<p>O\u00a0Ilhabela Convention &amp; Visitors Bureau\u00a0anunciou nesta sexta-feira (3) a abertura das inscri\u00e7\u00f5es para o\u00a02\u00ba Festival Gastron\u00f4mico Sabores da Praia \u2013 Edi\u00e7\u00e3o Ilhabela. A partir da pr\u00f3xima segunda-feira (6), a ficha de inscri\u00e7\u00e3o estar\u00e1 dispon\u00edvel no site oficial do evento. As inscri\u00e7\u00f5es se encerrar\u00e3o no dia 30 de mar\u00e7o. A segunda edi\u00e7\u00e3o do Festival acontecer\u00e1 entre [&hellip;]<\/p>\n","protected":false},"author":26,"featured_media":30323,"comment_status":"open","ping_status":"open","sticky":false,"template":"","format":"standard","meta":{"footnotes":""},"categories":[90,12,3],"tags":[],"class_list":["post-30321","post","type-post","status-publish","format-standard","has-post-thumbnail","hentry","category-culinaria","category-eventos","category-ilhabela"],"aioseo_notices":[],"_links":{"self":[{"href":"https:\/\/lrm67.com\/index.php\/wp-json\/wp\/v2\/posts\/30321","targetHints":{"allow":["GET"]}}],"collection":[{"href":"https:\/\/lrm67.com\/index.php\/wp-json\/wp\/v2\/posts"}],"about":[{"href":"https:\/\/lrm67.com\/index.php\/wp-json\/wp\/v2\/types\/post"}],"author":[{"embeddable":true,"href":"https:\/\/lrm67.com\/index.php\/wp-json\/wp\/v2\/users\/26"}],"replies":[{"embeddable":true,"href":"https:\/\/lrm67.com\/index.php\/wp-json\/wp\/v2\/comments?post=30321"}],"version-history":[{"count":1,"href":"https:\/\/lrm67.com\/index.php\/wp-json\/wp\/v2\/posts\/30321\/revisions"}],"predecessor-version":[{"id":30324,"href":"https:\/\/lrm67.com\/index.php\/wp-json\/wp\/v2\/posts\/30321\/revisions\/30324"}],"wp:featuredmedia":[{"embeddable":true,"href":"https:\/\/lrm67.com\/index.php\/wp-json\/wp\/v2\/media\/30323"}],"wp:attachment":[{"href":"https:\/\/lrm67.com\/index.php\/wp-json\/wp\/v2\/media?parent=30321"}],"wp:term":[{"taxonomy":"category","embeddable":true,"href":"https:\/\/lrm67.com\/index.php\/wp-json\/wp\/v2\/categories?post=30321"},{"taxonomy":"post_tag","embeddable":true,"href":"https:\/\/lrm67.com\/index.php\/wp-json\/wp\/v2\/tags?post=30321"}],"curies":[{"name":"wp","href":"https:\/\/api.w.org\/{rel}","templated":true}]}}