{"id":30253,"date":"2025-01-01T20:02:32","date_gmt":"2025-01-01T23:02:32","guid":{"rendered":"https:\/\/lrm67.com\/?p=30253"},"modified":"2025-01-02T12:12:53","modified_gmt":"2025-01-02T15:12:53","slug":"prefeita-reeleita-de-ubatuba-flavia-pascoal-e-empossada-para-mandato-2025-20228","status":"publish","type":"post","link":"https:\/\/lrm67.com\/index.php\/2025\/01\/01\/prefeita-reeleita-de-ubatuba-flavia-pascoal-e-empossada-para-mandato-2025-20228\/","title":{"rendered":"Prefeita reeleita de Ubatuba, Flavia Pascoal, \u00e9 empossada para mandato 2025-20228"},"content":{"rendered":"<p style=\"font-weight: 400;\">O ano de 2025 come\u00e7ou com solenidade na cidade de Ubatuba. \u00c0s 16 horas, autoridades, convidados e representantes da popula\u00e7\u00e3o se reuniram no Teatro Municipal Pedro Paulo Teixeira Pinto para acompanhar a cerim\u00f4nia de posse de Flavia Pascoal, a primeira prefeita reeleita de Ubatuba, seu vice, Cust\u00f3dio Barreto, e dos 10 vereadores que v\u00e3o compor a Casa Legislativa at\u00e9 o ano de 2028.<\/p>\n<p style=\"font-weight: 400;\">Ap\u00f3s a execu\u00e7\u00e3o dos hinos, e a chamada de todos os eleitos para declararem o termo de compromisso com a cidade de Ubatuba, Jo\u00e3o Maziero Jr, que at\u00e9 ent\u00e3o conduziu a cerim\u00f4nia por ter sido o vereador mais votado, entregou \u00e0 Flavia a faixa de Prefeita de Ubatuba. Ap\u00f3s o ato simb\u00f3lico, foi realizada a elei\u00e7\u00e3o da mesa diretora da C\u00e2mara para o bi\u00eanio 2025-2026, que ficou com a seguinte composi\u00e7\u00e3o:<\/p>\n<p style=\"font-weight: 400;\">Gady Gonzalez (presidente), Jaque Dutra (primeira vice-presidente), Pastor Sandro Aderle (segundo vice-presidente), Jo\u00e3o Maziero (primeiro secret\u00e1rio) e Ad\u00e3o Pereira (segundo secret\u00e1rio). Pastor S\u00e9rgio Alves ficar\u00e1 como primeiro suplente.<\/p>\n<p style=\"font-weight: 400;\">Al\u00e9m da Mesa, os vereadores que tamb\u00e9m assumiram este mandato foram: Rog\u00e9rio Frediani, Francisco Cear\u00e1, Silvinho Brand\u00e3o, Manuel Marques.<\/p>\n<p style=\"font-weight: 400;\">Os vereadores que desejaram assumiram a tribuna para fazerem seus discursos, seguidos pelas palavras do vice-prefeito, Cust\u00f3dio Barreto. Emocionado, ele fez seus agradecimentos e comentou sobre a honra que foi para ele ser escolhido como vice da Flavia. Ent\u00e3o, ele contou um pouco sobre sua trajet\u00f3ria.<\/p>\n<p style=\"font-weight: 400;\">Ele ainda ressaltou que \u201ca gest\u00e3o da prefeita Flavia pagou mais de 12 milh\u00f5es de d\u00edvidas trabalhistas de gest\u00f5es passadas\u201d e que ainda \u201ch\u00e1 muito o que se fazer, mas foram muitas conquistas e n\u00f3s n\u00e3o vamos cruzar os bra\u00e7os. Quero ser um conselheiro, intercessor e conselheiro ao lado da Flavia\u201d, finalizou Barreto.<\/p>\n<p style=\"font-weight: 400;\">Na sequ\u00eancia, a prefeita fez seu discurso e tamb\u00e9m iniciou fazendo seus agradecimentos. Ela reconfirmou que vai continuar lutando pelo povo de Ubatuba e por sua cidade amada, e destacou a import\u00e2ncia da representatividade feminina na pol\u00edtica.<\/p>\n<blockquote>\n<p style=\"font-weight: 400;\">\u201cTamb\u00e9m espero que muitas outras prefeitas possam vir a fazer parte da Hist\u00f3ria da nossa cidade, pois \u00e9 algo muito dif\u00edcil, porque o preconceito \u00e9 muito grande. Apesar de todos os ataques, da tentativa de nos derrubar, aqui estou eu, representando voc\u00eas, todas as mulheres que, como eu, t\u00eam o direito de ocupar os espa\u00e7os que sempre foram negados\u201d, frisou.<\/p>\n<\/blockquote>\n<p style=\"font-weight: 400;\">A prefeita reeleita ainda comentou que vai \u201ctrabalhar para garantir que cada promessa seja cumprida, com o objetivo de transformar e fazer a cidade um lugar cada vez melhor para todos\u201d, concluiu Flavia.<\/p>\n<p style=\"font-weight: 400;\">Ap\u00f3s a cerim\u00f4nia no Teatro, todos seguiram para o ato simb\u00f3lico da subida da rampa do Pa\u00e7o Municipal. Um total de 14 Guardas Civis Municipais perfilados fizeram um corredor como honraria \u00e0 prefeita, cuja subida teve como fundo musical o Tema da vit\u00f3ria (Ayrton Senna), entoado por alguns integrantes da Banda Lira Padre Anchieta.<\/p>\n<p><img fetchpriority=\"high\" decoding=\"async\" class=\"alignnone size-full wp-image-30254\" src=\"https:\/\/lrm67.com\/wp-content\/uploads\/2025\/01\/fotos-posse-2.jpeg\" alt=\"\" width=\"1538\" height=\"735\" srcset=\"https:\/\/lrm67.com\/wp-content\/uploads\/2025\/01\/fotos-posse-2.jpeg 1538w, https:\/\/lrm67.com\/wp-content\/uploads\/2025\/01\/fotos-posse-2-300x143.jpeg 300w, https:\/\/lrm67.com\/wp-content\/uploads\/2025\/01\/fotos-posse-2-1024x489.jpeg 1024w, https:\/\/lrm67.com\/wp-content\/uploads\/2025\/01\/fotos-posse-2-768x367.jpeg 768w, https:\/\/lrm67.com\/wp-content\/uploads\/2025\/01\/fotos-posse-2-1536x734.jpeg 1536w\" sizes=\"(max-width: 1538px) 100vw, 1538px\" \/><\/p>\n<h2 style=\"font-weight: 400;\"><strong>Confira a lista de Secret\u00e1rios:<\/strong><\/h2>\n<p style=\"font-weight: 400;\"><strong>1) Chefe de Gabinete<\/strong><\/p>\n<p style=\"font-weight: 400;\">Josu\u00e9 Gulli<\/p>\n<p style=\"font-weight: 400;\"><strong>2) Assessor de Desenvolvimento de Pol\u00edticas Sociais<\/strong><\/p>\n<p style=\"font-weight: 400;\">Jos\u00e9 Luis do Nascimento Guimar\u00e3es &#8211; &#8220;Joy&#8221;<\/p>\n<p style=\"font-weight: 400;\"><strong>3) Assessor de Rela\u00e7\u00f5es Institucionais<\/strong><\/p>\n<p style=\"font-weight: 400;\">Tatiana Mansur<\/p>\n<p style=\"font-weight: 400;\"><strong>4) Assessor Especial de Planejamento e Fomento Econ\u00f4mico<\/strong><\/p>\n<p style=\"font-weight: 400;\">Daniela Ortega<\/p>\n<p style=\"font-weight: 400;\"><strong>5) Assessor Especial de Pol\u00edticas Estrat\u00e9gicas S\u00f3cioculturais<\/strong><\/p>\n<p style=\"font-weight: 400;\">Jos\u00e9 Maria Patr\u00edcio<\/p>\n<p style=\"font-weight: 400;\"><strong>6) Controlador Geral<\/strong><\/p>\n<p style=\"font-weight: 400;\">Rodrigo da Silva Santos<\/p>\n<p style=\"font-weight: 400;\"><strong>7) Secretaria de Governo<\/strong><\/p>\n<p style=\"font-weight: 400;\">Wagner da Silva<\/p>\n<p style=\"font-weight: 400;\"><strong>8) Secretaria de Administra\u00e7\u00e3o<\/strong><\/p>\n<p style=\"font-weight: 400;\">Claudinei Jer\u00f4nimo dos Santos (Dinho)<\/p>\n<p style=\"font-weight: 400;\"><strong>9) Secretaria de Educa\u00e7\u00e3o<\/strong><\/p>\n<p style=\"font-weight: 400;\">Jos\u00e9 Carlos Firme<\/p>\n<p style=\"font-weight: 400;\"><strong>10) Secretaria de Sa\u00fade<\/strong><\/p>\n<p style=\"font-weight: 400;\">Simone Brito<\/p>\n<p style=\"font-weight: 400;\"><strong>11) Secretaria de Turismo<\/strong><\/p>\n<p style=\"font-weight: 400;\">Bruno de Oliveira<\/p>\n<p style=\"font-weight: 400;\"><strong>12) Secretaria de Seguran\u00e7a<\/strong><\/p>\n<p style=\"font-weight: 400;\">Alexandre Napoli<\/p>\n<p style=\"font-weight: 400;\"><strong>13) Secretaria de Assuntos Jur\u00eddicos<\/strong><\/p>\n<p style=\"font-weight: 400;\">\u00c1lvaro Marton<\/p>\n<p style=\"font-weight: 400;\"><strong>14) Secretaria de Infraestrutura<\/strong><\/p>\n<p style=\"font-weight: 400;\">Sidnei do Prado<\/p>\n<p style=\"font-weight: 400;\"><strong>15) Secretaria de Obras<\/strong><\/p>\n<p style=\"font-weight: 400;\">Eraldo Tod\u00e3o &#8211; (Xibiu)<\/p>\n<p style=\"font-weight: 400;\"><strong>16) Secretaria de Transporte<\/strong><\/p>\n<p style=\"font-weight: 400;\">Andr\u00e9 Toth<\/p>\n<p style=\"font-weight: 400;\"><strong>17) Secretaria de Esportes e Lazer<\/strong><\/p>\n<p style=\"font-weight: 400;\">Saulo de Souza<\/p>\n<p style=\"font-weight: 400;\"><strong>18) Secretaria de Habita\u00e7\u00e3o<\/strong><\/p>\n<p style=\"font-weight: 400;\">Claudinei Salgado<\/p>\n<p style=\"font-weight: 400;\"><strong>19) Secretaria de Urbanismo<\/strong><\/p>\n<p style=\"font-weight: 400;\">Luiz Ot\u00e1vio Vianna &#8211; (Tat\u00e1)<\/p>\n<p style=\"font-weight: 400;\"><strong>20) Secretaria de Fazenda e Planejamento<\/strong><\/p>\n<p style=\"font-weight: 400;\">Alethea Ageu<\/p>\n<p style=\"font-weight: 400;\"><strong>21) Secretaria de Tecnologia da Informa\u00e7\u00e3o<\/strong><\/p>\n<p style=\"font-weight: 400;\">Yuri Adoglio<\/p>\n<p style=\"font-weight: 400;\"><strong>22) Secretaria de Assist\u00eancia Social<\/strong><\/p>\n<p style=\"font-weight: 400;\">Silvia Issa<\/p>\n<p style=\"font-weight: 400;\"><strong>23) Secretaria de Meio Ambiente<\/strong><\/p>\n<p style=\"font-weight: 400;\">Guilherme Arantes<\/p>\n<p style=\"font-weight: 400;\"><strong>24) Secretaria de Agricultura e Pesca<\/strong><\/p>\n<p style=\"font-weight: 400;\">Leandro Herrera<\/p>\n<p style=\"font-weight: 400;\"><strong>25) Secretaria de Comunica\u00e7\u00e3o<\/strong><\/p>\n<p style=\"font-weight: 400;\">Anderson Paiva<\/p>\n<p style=\"font-weight: 400;\"><strong>26) Presidente da FUNDART<\/strong><\/p>\n<p style=\"font-weight: 400;\">Thaila Brito<\/p>\n<p style=\"font-weight: 400;\"><strong>27) Comandante da Guarda Municipal<\/strong><\/p>\n<p style=\"font-weight: 400;\">Rogerio Ramos Santos<\/p>\n<p style=\"font-weight: 400;\"><strong>28) Presidente da COMTUR<\/strong><\/p>\n<p style=\"font-weight: 400;\">Erica Teixeira<\/p>\n<p style=\"font-weight: 400;\"><strong>29) Presidente da EMDURB<\/strong><\/p>\n<p style=\"font-weight: 400;\">Juraci Teixeira Leite<\/p>\n<p style=\"font-weight: 400;\"><strong>30) Presidente da FUNDAC<\/strong><\/p>\n<p style=\"font-weight: 400;\">Iris Marins<\/p>\n","protected":false},"excerpt":{"rendered":"<p>O ano de 2025 come\u00e7ou com solenidade na cidade de Ubatuba. \u00c0s 16 horas, autoridades, convidados e representantes da popula\u00e7\u00e3o se reuniram no Teatro Municipal Pedro Paulo Teixeira Pinto para acompanhar a cerim\u00f4nia de posse de Flavia Pascoal, a primeira prefeita reeleita de Ubatuba, seu vice, Cust\u00f3dio Barreto, e dos 10 vereadores que v\u00e3o compor [&hellip;]<\/p>\n","protected":false},"author":26,"featured_media":30255,"comment_status":"open","ping_status":"open","sticky":false,"template":"","format":"standard","meta":{"footnotes":""},"categories":[16,14],"tags":[],"class_list":["post-30253","post","type-post","status-publish","format-standard","has-post-thumbnail","hentry","category-politica","category-ubatuba"],"aioseo_notices":[],"_links":{"self":[{"href":"https:\/\/lrm67.com\/index.php\/wp-json\/wp\/v2\/posts\/30253","targetHints":{"allow":["GET"]}}],"collection":[{"href":"https:\/\/lrm67.com\/index.php\/wp-json\/wp\/v2\/posts"}],"about":[{"href":"https:\/\/lrm67.com\/index.php\/wp-json\/wp\/v2\/types\/post"}],"author":[{"embeddable":true,"href":"https:\/\/lrm67.com\/index.php\/wp-json\/wp\/v2\/users\/26"}],"replies":[{"embeddable":true,"href":"https:\/\/lrm67.com\/index.php\/wp-json\/wp\/v2\/comments?post=30253"}],"version-history":[{"count":1,"href":"https:\/\/lrm67.com\/index.php\/wp-json\/wp\/v2\/posts\/30253\/revisions"}],"predecessor-version":[{"id":30256,"href":"https:\/\/lrm67.com\/index.php\/wp-json\/wp\/v2\/posts\/30253\/revisions\/30256"}],"wp:featuredmedia":[{"embeddable":true,"href":"https:\/\/lrm67.com\/index.php\/wp-json\/wp\/v2\/media\/30255"}],"wp:attachment":[{"href":"https:\/\/lrm67.com\/index.php\/wp-json\/wp\/v2\/media?parent=30253"}],"wp:term":[{"taxonomy":"category","embeddable":true,"href":"https:\/\/lrm67.com\/index.php\/wp-json\/wp\/v2\/categories?post=30253"},{"taxonomy":"post_tag","embeddable":true,"href":"https:\/\/lrm67.com\/index.php\/wp-json\/wp\/v2\/tags?post=30253"}],"curies":[{"name":"wp","href":"https:\/\/api.w.org\/{rel}","templated":true}]}}