{"id":30250,"date":"2025-01-02T12:02:26","date_gmt":"2025-01-02T15:02:26","guid":{"rendered":"https:\/\/lrm67.com\/?p=30250"},"modified":"2025-01-02T12:02:26","modified_gmt":"2025-01-02T15:02:26","slug":"edgar-celestino-e-eleito-novo-presidente-da-camara-de-sao-sebastiao","status":"publish","type":"post","link":"https:\/\/lrm67.com\/index.php\/2025\/01\/02\/edgar-celestino-e-eleito-novo-presidente-da-camara-de-sao-sebastiao\/","title":{"rendered":"Edgar Celestino \u00e9 eleito novo presidente da C\u00e2mara de S\u00e3o Sebasti\u00e3o"},"content":{"rendered":"<p>O vereador Edgar Celestino \u00e9 o novo presidente da C\u00e2mara Municipal de S\u00e3o Sebasti\u00e3o. A elei\u00e7\u00e3o\u00a0 da nova mesa diretoria para o bi\u00eanio 2025-2026 aconteceu nesta quarta-feira (1\u00ba) no Plen\u00e1rio do Legislativo. Tamb\u00e9m foram eleitos o vereador Pedro Renato (vice-presidente), Alwex Damasceno (1\u00ba Secret\u00e1rio) e Maria Angela\u00a0 (2\u00aa Secret\u00e1ria).<\/p>\n<p>Na tribuna, Celestino agradeceu aos demais parlamentares \u201c pela elei\u00e7\u00e3o democr\u00e1tica\u201d.\u00a0 O novo presidente enfatizou que a responsabilidade \u00e9 grande \u201cmas Deus est\u00e1 no controle\u201d e adiantou que exercer\u00e1 o mandato \u201csempre procurando respeitar as leis, pensando sempre na popula\u00e7\u00e3o\u201d.<\/p>\n<h2>Conhe\u00e7a o perfil de cada um dos vereadores para a legislatura dos pr\u00f3ximos 4 anos:<\/h2>\n<p><strong>Edgar Eduardo Celestino &#8211; Presidente<\/strong> &#8211; Nascido em S\u00e3o Sebasti\u00e3o, em 28\/06\/1983, filho de Geraldo Jorge Celestino e Joana Sebastiana Celestino, o vereador Edgar Eduardo Celestino \u00e9 casado Vivian Maria Scian, pai de Maria Eduarda e Henrique Eduardo, reside no bairro Varadouro, na regi\u00e3o central de S\u00e3o Sebasti\u00e3o. Formado em Educa\u00e7\u00e3o F\u00edsica (Faculdade M\u00f3dulo), Celestino \u00e9 funcion\u00e1rio p\u00fablico efetivo da Pol\u00edcia Municipal, j\u00e1 ocupou o cargo de comandante da guarda, chefe de gabinete do prefeito, secret\u00e1rio adjunto da Secretaria de Esportes e diretor de seguran\u00e7a p\u00fablica. Em seu 1\u00ba mandato de vereador, foi eleito com 1244 votos, filiado ao Partido Podemos.<\/p>\n<p><strong>Pedro Renato da Silva\u00a0 &#8211; Vice-Presidente<\/strong> &#8211; Nasceu em Bras\u00edlia de Minas, no estado de Minas Gerais, em 28\/06\/1979. Filho de Isidoro Ribeiro da Silva e Santa Ribeiro da Cruz. Atualmente, reside no bairro de Borac\u00e9ia, localizado na costa sul de S\u00e3o Sebasti\u00e3o. Comerciante de profiss\u00e3o foi presidente da AMBUSS (Associa\u00e7\u00e3o de Amigos da Barra do Una) por muitos anos. Pedro Renato \u00e9 casado com Michelly Aparecida Costacurta Gomes e padrasto de Maya. Ele tamb\u00e9m \u00e9 pai de Pedro e L\u00e9o, fruto de seu relacionamento anterior com Lucineide Bitencourt. Atualmente, em seu 3\u00ba mandato como vereador, foi reeleito com 1.611 votos, filiado ao PSDB.<\/p>\n<p><strong>Alex Damasceno Reis Framba<\/strong> \u2013 1\u00ba Secret\u00e1rio &#8211; Nascido em Santa Luz, no interior da Bahia, no dia 15\/03\/1989, filho de Lenilza Ferreira Damasceno e Carlos Ribeiro Reis, o vereador Alex Damasceno \u00e9 casado com Alana, pai de Miguel e Alice, e reside no bairro do Itatinga, na regi\u00e3o central de S\u00e3o Sebasti\u00e3o.\u00a0 Formado em Educa\u00e7\u00e3o F\u00edsica, possui p\u00f3s- gradua\u00e7\u00e3o em atividade f\u00edsica adaptada em sa\u00fade, pedagogia do esporte, doen\u00e7as e les\u00f5es \u201cm\u00fasculo &#8211; esquel\u00e9tica\u201d e fisiologia do exerc\u00edcio.\u00a0 Em seu 1\u00ba mandato de vereador, foi eleito com 1604 votos, filiado ao Partido Republicanos (PR).<\/p>\n<p><strong>Maria Angela Laurito de Moraes<\/strong> \u2013 2\u00aa Secret\u00e1ria &#8211; Nasceu em Itajub\u00e1, Minas Gerais, 16\/07\/1972, filha de Antonio Laurito e M\u00e1rcia Helena dos Santos Laurito. Casada com Jo\u00e3o Eduardo de Moraes Neto e m\u00e3e de Annie Laurito de Moraes, ela tamb\u00e9m possui tr\u00eas enteadas, Rafaela, Renata e Rayssa, com quem convive e participou ativamente da forma\u00e7\u00e3o desde que eram pequenas, com apenas tr\u00eas anos de idade. Formada em Enfermagem em 1997, mudou-se para S\u00e3o Sebasti\u00e3o em 1998, onde desempenhou diversas fun\u00e7\u00f5es na \u00e1rea da sa\u00fade. Foi secret\u00e1ria de Sa\u00fade interina, secret\u00e1ria adjunta por quase quatro anos, gerente de Enfermagem do Complexo Hospitalar e da Unidade de Pronto Atendimento (UPA) desde sua inaugura\u00e7\u00e3o, al\u00e9m de coordenadora do SAMU Litoral Norte.Em seu 1\u00ba mandato como vereadora, filiada ao PSDB, com 1.138 votos.<\/p>\n<p><strong>Antonino Carlos Soares (Daniel Soares)<\/strong> &#8211; Nascido em Curral de Dentro, distrito de \u00c1guas Vermelhas, Minas Gerais, em 19\/02\/ 1977, filho de Abdias Pereira Alves e Eudoxa Nogueira Alves, casado com L\u00eddia Richet, \u00a0pai de Sabrina e de F\u00e1bio Gomes. Antes de mudar- se para S\u00e3o Sebasti\u00e3o, morou em Cotia e Barueri, na Grande S\u00e3o Paulo, onde trabalhou como frentista e operador de empilhadeira.\u00a0 Em 1998, Soares recebeu o convite para trabalhar como caseiro numa resid\u00eancia na praia da Baleia e fixou resid\u00eancia na antiga Vila Baiana, atual Vila Sahy.\u00a0 Em seu 2\u00ba mandato de vereador, Soares foi reeleito com 2144 votos, filiado ao Partido Republicanos (PR).<\/p>\n<p><strong>Daniel Sim\u00f5es da Costa<\/strong> &#8211; Nascido em Cubat\u00e3o, regi\u00e3o metropolitana da baixada santista, em 04\/03\/ 1986, filho de Margareth de Oliveira Costa e Juneiz Sim\u00e3o da Costa, o vereador Daniel Sim\u00f5es da Costa \u00e9 casado com Vanessa Cristine Lima de Abreu Sim\u00f5es, pai de Alice e reside no bairro de Boi\u00e7ucanga, na costa sul de S\u00e3o Sebasti\u00e3o. Formado em Gest\u00e3o Portu\u00e1ria pela UNAERP (Universidade de Ribeir\u00e3o Preto), Sim\u00f5es \u00e9 empres\u00e1rio do ramo de com\u00e9rcio ambulante na praia da Baleia. Em seu 3\u00ba mandato de vereador, foi reeleito com 1106 votos, filiado ao PP (Partido Progressista).<\/p>\n<p><strong>Diego de Castro Pereira (Diego Nabuco)<\/strong> \u2013 Nascido em Barra Mansa, no Rio de Janeiro, em\u00a0 18\/12\/1986. Antes de ser eleito, ocupou o cargo de diretor do Hospital de Cl\u00ednicas de S\u00e3o Sebasti\u00e3o, diretor do Centro de Sa\u00fade da Topol\u00e2ndia, chefe de divis\u00e3o de Planejamento e foi diretor de Eventos Esportivos. Tamb\u00e9m \u00e9 o criador e organizador dos torneios de futsal e futebol evang\u00e9licos, Copa Pr\u00edncipe e Copa Fi\u00e9is em Cristo. Reside no bairro do Itatinga. Em seu 2\u00ba mandato de vereador, foi reeleito com\u00a0 1.019 votos, filiado ao PSDB.<\/p>\n<p><strong>Glauber Jos\u00e9 Ferraz Correa (Professor Glauber)<\/strong> &#8211; Nascido em Al\u00e9m Para\u00edba, no Estado de Minas Gerais, em 16\/12\/1987, filho de Mario Jos\u00e9 Castilho Correa e Ma\u00edsa da Penha Ferraz Correa, o vereador Glauber Jos\u00e9 Ferraz Correa \u00e9 companheiro de Sheila Roberta da Costa e pai de Ana Beatriz e Maria Luiza. Aos 07 anos, mudou-se com a fam\u00edlia para S\u00e3o Sebasti\u00e3o, indo morar no bairro Canto do Mar, na costa norte.\u00a0 \u00c9 formado em Educa\u00e7\u00e3o f\u00edsica, possui um projeto social de futebol na costa norte. Em seu 1\u00ba mandato de vereador, foi eleito com 1062 votos, filiado ao Partido Podemos.<\/p>\n<p><strong>Henriana Pessuto Candido Lacerda (Henriana Lacerda) &#8211;<\/strong> Nascida em Fernand\u00f3polis, interior de S\u00e3o Paulo, em 04\/02\/ 1972, Henriana \u00e9 filha de Adeval Candido e Maria Jose Pessuto, e irm\u00e3 de Andr\u00e9 e Thiago Pessuto.\u00a0 Formada em Turismo, na Universidade Paulista, advogada, p\u00f3s- graduada em Direito da Seguridade Social e em Direito do Trabalho, \u00e9 nadadora de \u00e1guas abertas.\u00a0 Em 1994, mudou-se para S\u00e3o Sebasti\u00e3o e casou-se com o advogado Fernando Lacerda, com quem tem dois filhos, Guilherme e Gabriel Lacerda. Colaborou para a funda\u00e7\u00e3o da Caritas de S\u00e3o Sebasti\u00e3o, onde foi presidente e atualmente atua como volunt\u00e1ria. Em seu 1\u00ba mandato de vereadora, foi eleita com 1371 votos, filiada ao Partido Republicanos.<\/p>\n<p><strong>Jo\u00e3o Paulo Teixeira<\/strong> &#8211; Nascido em S\u00e3o Sebasti\u00e3o, no dia 24 de abril de 1991, o vereador \u00e9 neto de Manoel Teixeira, ex- vereador da C\u00e2mara, em 1948, que fez parte da Frente Negra Brasileira, 1\u00ba movimento de luta contra o racismo no Brasil. Criado pela m\u00e3e Alice Teixeira, professora de educa\u00e7\u00e3o f\u00edsica, por sua av\u00f3 e tias, \u00e9 solteiro, formado em Direito pela Institui\u00e7\u00e3o Toledo de Ensino, em Presidente Prudente, \u00e9 p\u00f3s- graduado em Direito Penal, Processo Penal e Execu\u00e7\u00e3o Criminal. Tamb\u00e9m \u00e9 funcion\u00e1rio concursado da Prefeitura de S\u00e3o Sebasti\u00e3o.\u00a0 Em seu 1\u00ba mandato de vereador, foi eleito com 1209 votos, filiado ao Partido Progressista (PP).<\/p>\n","protected":false},"excerpt":{"rendered":"<p>O vereador Edgar Celestino \u00e9 o novo presidente da C\u00e2mara Municipal de S\u00e3o Sebasti\u00e3o. A elei\u00e7\u00e3o\u00a0 da nova mesa diretoria para o bi\u00eanio 2025-2026 aconteceu nesta quarta-feira (1\u00ba) no Plen\u00e1rio do Legislativo. Tamb\u00e9m foram eleitos o vereador Pedro Renato (vice-presidente), Alwex Damasceno (1\u00ba Secret\u00e1rio) e Maria Angela\u00a0 (2\u00aa Secret\u00e1ria). Na tribuna, Celestino agradeceu aos demais [&hellip;]<\/p>\n","protected":false},"author":26,"featured_media":30251,"comment_status":"open","ping_status":"open","sticky":false,"template":"","format":"standard","meta":{"footnotes":""},"categories":[16,13],"tags":[],"class_list":["post-30250","post","type-post","status-publish","format-standard","has-post-thumbnail","hentry","category-politica","category-sao-sebastiao"],"aioseo_notices":[],"_links":{"self":[{"href":"https:\/\/lrm67.com\/index.php\/wp-json\/wp\/v2\/posts\/30250","targetHints":{"allow":["GET"]}}],"collection":[{"href":"https:\/\/lrm67.com\/index.php\/wp-json\/wp\/v2\/posts"}],"about":[{"href":"https:\/\/lrm67.com\/index.php\/wp-json\/wp\/v2\/types\/post"}],"author":[{"embeddable":true,"href":"https:\/\/lrm67.com\/index.php\/wp-json\/wp\/v2\/users\/26"}],"replies":[{"embeddable":true,"href":"https:\/\/lrm67.com\/index.php\/wp-json\/wp\/v2\/comments?post=30250"}],"version-history":[{"count":1,"href":"https:\/\/lrm67.com\/index.php\/wp-json\/wp\/v2\/posts\/30250\/revisions"}],"predecessor-version":[{"id":30252,"href":"https:\/\/lrm67.com\/index.php\/wp-json\/wp\/v2\/posts\/30250\/revisions\/30252"}],"wp:featuredmedia":[{"embeddable":true,"href":"https:\/\/lrm67.com\/index.php\/wp-json\/wp\/v2\/media\/30251"}],"wp:attachment":[{"href":"https:\/\/lrm67.com\/index.php\/wp-json\/wp\/v2\/media?parent=30250"}],"wp:term":[{"taxonomy":"category","embeddable":true,"href":"https:\/\/lrm67.com\/index.php\/wp-json\/wp\/v2\/categories?post=30250"},{"taxonomy":"post_tag","embeddable":true,"href":"https:\/\/lrm67.com\/index.php\/wp-json\/wp\/v2\/tags?post=30250"}],"curies":[{"name":"wp","href":"https:\/\/api.w.org\/{rel}","templated":true}]}}