{"id":30243,"date":"2025-01-01T19:46:57","date_gmt":"2025-01-01T22:46:57","guid":{"rendered":"https:\/\/lrm67.com\/?p=30243"},"modified":"2025-01-02T11:51:42","modified_gmt":"2025-01-02T14:51:42","slug":"reinaldinho-assume-mandato-prometendo-muito-trabalho-e-dialogo-com-a-populacao","status":"publish","type":"post","link":"https:\/\/lrm67.com\/index.php\/2025\/01\/01\/reinaldinho-assume-mandato-prometendo-muito-trabalho-e-dialogo-com-a-populacao\/","title":{"rendered":"Reinaldinho assume mandato prometendo muito trabalho e di\u00e1logo com a popula\u00e7\u00e3o"},"content":{"rendered":"<p>O prefeito eleito para o mandato 2025\/2028 em S\u00e3o\u00a0 Sebasti\u00e3o, Reinaldinho Moreira (Republicanos) tomou posse nesta quarta-feira (1\u00ba) em cerim\u00f4nia realizada no Teatro Municipal de S\u00e3o Sebasti\u00e3o. Reinaldinho Moreira tomou posse como prefeito prometendo trabalho, dedica\u00e7\u00e3o e humildade. O vice-prefeito Jos\u00e9 Reis e os vereadores eleitos tomaram posse na mesma sess\u00e3o que foi dirigida pelo vereador Daniel Soares, o mais voltado na elei\u00e7\u00e3o passada.<\/p>\n<p>Reinaldinho enalteceu a realiza\u00e7\u00e3o do sonho de ser prefeito da cidade e agradeceu o apoio do prefeito Felipe Augusto, do vice-prefeito de sua chapa, Jos\u00e9 Reis e dos candidatos a vereadores que levaram seu nome e suas propostas a toda a popula\u00e7\u00e3o nas \u00faltimas elei\u00e7\u00f5es.<\/p>\n<blockquote><p>\u201cFui o prefeito mais bem votado do Litoral Norte porque tivemos um prefeito que trabalhou muito, porque temos um candidato a vice que trabalhou muito, uma grande chapa de vereadores, n\u00e3o s\u00f3 os que ganharam, pois s\u00e3o s\u00f3 12 vagas e tamb\u00e9m todos que trabalharam na nossa campanha\u201d.<\/p><\/blockquote>\n<p>Sobre seu mandato, Reinaldinho prometeu muito trabalho e entrega de resultados, al\u00e9m de di\u00e1logo com todos os setores do munic\u00edpio e das cidades vizinhas.<\/p>\n<blockquote><p>\u201cN\u00e3o me sinto autoridade, somos instrumentos de Deus para ajudar as pessoas. Voc\u00eas sabem como \u00e9 meu estilo. Estou sempre ouvindo e dialogando. Vamos acertar e errar. Governar \u00e9 tomar decis\u00f5es, que agradam ou desagradam as pessoas. Temos de ter a humildade de pedir desculpas. Estamos no cargo para ajudar as pessoas e n\u00e3o para prejudic\u00e1-las\u201d.<\/p><\/blockquote>\n<p>Tomaram posse 11 dos 12 vereadores eleitos, isso porque o vereador Thiago Baly continua foragido ap\u00f3s ter a pris\u00e3o preventiva decretada em 30 de outubro devido \u00e0 suposta participa\u00e7\u00e3o em um homic\u00eddio.<\/p>\n<p>Em seu discurso de despedida, j\u00e1 como ex-prefeito, Felipe Augusto fez um balan\u00e7o dos seus 8 anos de mandato e desejou sucesso aos sucessores. Felipe entregou um relat\u00f3rio com informa\u00e7\u00f5es de todas as secretarias e a chave simb\u00f3lica do Pa\u00e7o Municipal.<\/p>\n<p>O prefeito eleito e empossado, de Caraguatatuba, Mateus Silva, e outras autoridades da regi\u00e3o tamb\u00e9m marcaram presen\u00e7a para prestigiar a posse de Reinaldinho como novo prefeito de S\u00e3o Sebasti\u00e3o.<\/p>\n","protected":false},"excerpt":{"rendered":"<p>O prefeito eleito para o mandato 2025\/2028 em S\u00e3o\u00a0 Sebasti\u00e3o, Reinaldinho Moreira (Republicanos) tomou posse nesta quarta-feira (1\u00ba) em cerim\u00f4nia realizada no Teatro Municipal de S\u00e3o Sebasti\u00e3o. Reinaldinho Moreira tomou posse como prefeito prometendo trabalho, dedica\u00e7\u00e3o e humildade. O vice-prefeito Jos\u00e9 Reis e os vereadores eleitos tomaram posse na mesma sess\u00e3o que foi dirigida pelo [&hellip;]<\/p>\n","protected":false},"author":26,"featured_media":30244,"comment_status":"open","ping_status":"open","sticky":false,"template":"","format":"standard","meta":{"footnotes":""},"categories":[16,13],"tags":[],"class_list":["post-30243","post","type-post","status-publish","format-standard","has-post-thumbnail","hentry","category-politica","category-sao-sebastiao"],"aioseo_notices":[],"_links":{"self":[{"href":"https:\/\/lrm67.com\/index.php\/wp-json\/wp\/v2\/posts\/30243","targetHints":{"allow":["GET"]}}],"collection":[{"href":"https:\/\/lrm67.com\/index.php\/wp-json\/wp\/v2\/posts"}],"about":[{"href":"https:\/\/lrm67.com\/index.php\/wp-json\/wp\/v2\/types\/post"}],"author":[{"embeddable":true,"href":"https:\/\/lrm67.com\/index.php\/wp-json\/wp\/v2\/users\/26"}],"replies":[{"embeddable":true,"href":"https:\/\/lrm67.com\/index.php\/wp-json\/wp\/v2\/comments?post=30243"}],"version-history":[{"count":1,"href":"https:\/\/lrm67.com\/index.php\/wp-json\/wp\/v2\/posts\/30243\/revisions"}],"predecessor-version":[{"id":30245,"href":"https:\/\/lrm67.com\/index.php\/wp-json\/wp\/v2\/posts\/30243\/revisions\/30245"}],"wp:featuredmedia":[{"embeddable":true,"href":"https:\/\/lrm67.com\/index.php\/wp-json\/wp\/v2\/media\/30244"}],"wp:attachment":[{"href":"https:\/\/lrm67.com\/index.php\/wp-json\/wp\/v2\/media?parent=30243"}],"wp:term":[{"taxonomy":"category","embeddable":true,"href":"https:\/\/lrm67.com\/index.php\/wp-json\/wp\/v2\/categories?post=30243"},{"taxonomy":"post_tag","embeddable":true,"href":"https:\/\/lrm67.com\/index.php\/wp-json\/wp\/v2\/tags?post=30243"}],"curies":[{"name":"wp","href":"https:\/\/api.w.org\/{rel}","templated":true}]}}