{"id":27145,"date":"2024-07-15T18:49:10","date_gmt":"2024-07-15T21:49:10","guid":{"rendered":"https:\/\/lrm67.com\/?p=27145"},"modified":"2024-07-15T18:49:10","modified_gmt":"2024-07-15T21:49:10","slug":"51a-semana-internacional-de-vela-de-monotipos-de-ilhabela-reune-cerca-de-200-barcos-e-centenas-de-atletas","status":"publish","type":"post","link":"https:\/\/lrm67.com\/index.php\/2024\/07\/15\/51a-semana-internacional-de-vela-de-monotipos-de-ilhabela-reune-cerca-de-200-barcos-e-centenas-de-atletas\/","title":{"rendered":"51\u00aa Semana Internacional de Vela de Monotipos de Ilhabela re\u00fane cerca de 200 barcos e centenas de atletas"},"content":{"rendered":"<p>A Escola Municipal de Vela de Ilhabela &#8220;Lars Grael&#8221; foi palco, de 11 a 14 de julho, da 51\u00aa edi\u00e7\u00e3o da Semana Internacional de Vela \u2013 Monotipos, promovida pela Prefeitura de Ilhabela por meio da Secretaria de Esportes e Lazer e organiza\u00e7\u00e3o da Federa\u00e7\u00e3o de Vela do Estado de S\u00e3o Paulo.<\/p>\n<p>Cerca de 200 barcos participaram da competi\u00e7\u00e3o, reunindo centenas de velejadores em oito classes de vela. Os alunos da Escola Municipal de Vela de Ilhabela \u201cLars Grael\u201d foram o grande destaque da competi\u00e7\u00e3o, conquistando excelentes coloca\u00e7\u00f5es em diversas classes.<\/p>\n<p>Na cerim\u00f4nia de premia\u00e7\u00e3o dos atletas, realizada na tarde do domingo (14), na Escola Lars Grael, destaque para a presen\u00e7a do Prefeito de Ilhabela, Toninho Colucci e do bicampe\u00e3o ol\u00edmpico e 15 vezes campe\u00e3o mundial de iatismo, Robert Scheidt.<\/p>\n<h2><b>Oceanos<\/b><\/h2>\n<p>J\u00e1 a 51\u00aa Semana Internacional de Vela de Ilhabela \u2013 Oceanos ocorrer\u00e1 de 20 a 27 de julho, com sede no Yacht Club de Ilhabela (YCI). Considerado o maior campeonato da modalidade na Am\u00e9rica Latina, o evento re\u00fane anualmente mais de 120 barcos e 900 velejadores de todo o pa\u00eds e do exterior.<\/p>\n<h2><b>Race Village<\/b><\/h2>\n<p>Para comemorar essa grande festa da vela, a Prefeitura de Ilhabela organizou uma programa\u00e7\u00e3o que vai al\u00e9m do esporte, com o Race Village 2024. O espa\u00e7o estar\u00e1 aberto ao p\u00fablico de 18 a 27 de julho, das 14h \u00e0s 22h, diariamente.<\/p>\n<p>No Race Village, os visitantes poder\u00e3o acompanhar os detalhes das regatas, usufruir de uma \u00e1rea kids, assistir a shows musicais incr\u00edveis e participar de atividades educativas em parceria com o Instituto Baleia Jubarte (IBJ) e o Instituto Viva Verde e Azul. Al\u00e9m disso, haver\u00e1 exposi\u00e7\u00e3o de barcos, passeios tur\u00edsticos gratuitos, doa\u00e7\u00e3o de mudas do Viveiro Municipal, exposi\u00e7\u00e3o da Marinha do Brasil e muito mais.<\/p>\n<p>A programa\u00e7\u00e3o completa est\u00e1 o site\u00a0<a href=\"http:\/\/www.turismoilhabela.com\/\" target=\"_blank\" rel=\"noopener\" data-saferedirecturl=\"https:\/\/www.google.com\/url?q=http:\/\/www.turismoilhabela.com&amp;source=gmail&amp;ust=1721166203267000&amp;usg=AOvVaw2gI_c78-9iAaJ6K6M01t8P\">www.turismoilhabela.com<\/a>.<\/p>\n<h2><b>Programa\u00e7\u00e3o<\/b> Race<b> Village &#8211; Vila<\/b><\/h2>\n<p><img fetchpriority=\"high\" decoding=\"async\" class=\"alignnone size-full wp-image-27146\" src=\"https:\/\/lrm67.com\/wp-content\/uploads\/2024\/07\/DSC_2559.jpg\" alt=\"\" width=\"886\" height=\"591\" srcset=\"https:\/\/lrm67.com\/wp-content\/uploads\/2024\/07\/DSC_2559.jpg 886w, https:\/\/lrm67.com\/wp-content\/uploads\/2024\/07\/DSC_2559-300x200.jpg 300w, https:\/\/lrm67.com\/wp-content\/uploads\/2024\/07\/DSC_2559-768x512.jpg 768w\" sizes=\"(max-width: 886px) 100vw, 886px\" \/><\/p>\n<p><strong>18 de julho (sexta-feira)<\/strong><\/p>\n<p>&#8211; 14h \u00e0s 22h: Abertura do Race Village<\/p>\n<p>&#8211; 16h: Sunset com DJ Kwest<\/p>\n<p>&nbsp;<\/p>\n<p><strong>19 de julho (sexta-feira)<\/strong><\/p>\n<p>&#8211; 10h \u00e0s 22h: Credenciamento de velejadores<\/p>\n<p>&#8211; 16h: Sunset com DJ Kost<\/p>\n<p>&#8211; 19h: Show com banda local<\/p>\n<p>&#8211; 20h: Cobertura SIVI &#8211; com Kadu Baggio<\/p>\n<p>&#8211; 20h30: Show com AVU\u00c1<\/p>\n<p>&nbsp;<\/p>\n<p><strong>20 de julho (s\u00e1bado)<\/strong><\/p>\n<p>&#8211; 9h \u00e0s 22h: Credenciamento de velejadores<\/p>\n<p>&#8211; 13h: Regata Vela do Amanh\u00e3 (YCI)<\/p>\n<p>&#8211; 16h: Sunset com DJ Alex<\/p>\n<p>&#8211; 17h: Tarde de aut\u00f3grafos com Robert Scheidt &#8211; lan\u00e7amento do livro Robert Scheidt &#8211; Amigo do Vento<\/p>\n<p>&#8211; 19h: Cerim\u00f4nia de abertura da 51\u00aa SIVI<\/p>\n<p>&#8211; 20h: Apresenta\u00e7\u00e3o da Orquestra Municipal de Ilhabela<\/p>\n<p>&nbsp;<\/p>\n<p><strong>21 de julho (domingo)<\/strong><\/p>\n<p>&#8211; 8h \u00e0s 16h: Credenciamento de velejadores<\/p>\n<p>&#8211; 10h: Esquenta do Desfile de Alcatrazes com DJ<\/p>\n<p>&#8211; 11h: Desfile dos barcos participantes no P\u00eder da Vila<\/p>\n<p>&#8211; 12h: Largada das Regatas Alcatrazes<\/p>\n<p>&#8211; 16h: Sunset com DJ Negrito<\/p>\n<p>&#8211; 20h: Cobertura SIVI &#8211; com Kadu Baggio<\/p>\n<p>&#8211; 20h30: Show com Marcelo Tot\u00f3 e os Rocker&#8217;s<\/p>\n<p>&nbsp;<\/p>\n<p><strong>22 de julho (segunda-feira)<\/strong><\/p>\n<p>&#8211; 16h: Sunset com DJ Aquino<\/p>\n<p>&#8211; 19h: Exibi\u00e7\u00e3o do filme Rota Polar com Beto Pandiani<\/p>\n<p>&#8211; 20h30: Show com Felipe Blu Band<\/p>\n<p>&nbsp;<\/p>\n<p><strong>23 de julho (ter\u00e7a-feira)<\/strong><\/p>\n<p>&#8211; 12h: Largada da Regata Mitsubishi Eduardo Souza Ramos (YCI)<\/p>\n<p>&#8211; 16h: Sunset com DJ Mariano<\/p>\n<p>&#8211; 20h: Cobertura SIVI &#8211; com Kadu Baggio<\/p>\n<p>&#8211; 20h30: Show com Tom Cat&#8217;s<\/p>\n<p>&nbsp;<\/p>\n<p><strong>24 de julho (quarta-feira)<\/strong><\/p>\n<p>&#8211; 12h: Largada das Regatas do dia (YCI)<\/p>\n<p>&#8211; 14h: Roda de Conversa Parque Estadual<\/p>\n<p>&#8211; 16h: Sunset com DJ Japs<\/p>\n<p>&#8211; 19h: Show com Mano Bethowem<\/p>\n<p>&#8211; 20h: Cobertura SIVI &#8211; com Kadu Baggio<\/p>\n<p>&#8211; 20h3: Show com Biquini Cavad\u00e3o<\/p>\n<p>&nbsp;<\/p>\n<p><strong>25 de julho (quinta-feira)<\/strong><\/p>\n<p>&#8211; 12h: Largada das Regatas do dia (YCI)<\/p>\n<p>&#8211; 16h: Desfile de moda no P\u00eder<\/p>\n<p>&#8211; 16h: Sunset com DJ Phill<\/p>\n<p>&#8211; 19h: Show com Projeto Brazuca<\/p>\n<p>&#8211; 20h: Cobertura SIVI &#8211; com Kadu Baggio<\/p>\n<p>&#8211; 20h30: Show com Nando Reis<\/p>\n<p>&nbsp;<\/p>\n<p><strong>26 de julho (sexta-feira)<\/strong><\/p>\n<p>&#8211; 12h: Largada das Regatas do dia (YCI)<\/p>\n<p>&#8211; 16h: Sunset com DJ C\u00e1ssio<\/p>\n<p>&#8211; 19h: Show com Larissa Cavalcanti<\/p>\n<p>&#8211; 20h: Cobertura SIVI &#8211; com Kadu Baggio<\/p>\n<p>&#8211; 20h30: Show com Ti\u00ea<\/p>\n<p>&nbsp;<\/p>\n<p><strong>27 de julho (s\u00e1bado)<\/strong><\/p>\n<p>&#8211; 12h: Largada das Regatas do dia (YCI)<\/p>\n<p>&#8211; 16h: Sunset com DJ Guilla<\/p>\n<p>&#8211; 20h: Premia\u00e7\u00e3o da 50\u00aa Semana Internacional de Vela de Ilhabela<\/p>\n<p>&#8211; 21h30: Encerramento do Race Village com DJ Guilla<\/p>\n","protected":false},"excerpt":{"rendered":"<p>A Escola Municipal de Vela de Ilhabela &#8220;Lars Grael&#8221; foi palco, de 11 a 14 de julho, da 51\u00aa edi\u00e7\u00e3o da Semana Internacional de Vela \u2013 Monotipos, promovida pela Prefeitura de Ilhabela por meio da Secretaria de Esportes e Lazer e organiza\u00e7\u00e3o da Federa\u00e7\u00e3o de Vela do Estado de S\u00e3o Paulo. Cerca de 200 barcos [&hellip;]<\/p>\n","protected":false},"author":26,"featured_media":27147,"comment_status":"open","ping_status":"open","sticky":false,"template":"","format":"standard","meta":{"footnotes":""},"categories":[7,11,12,3],"tags":[],"class_list":["post-27145","post","type-post","status-publish","format-standard","has-post-thumbnail","hentry","category-destaque","category-esportes","category-eventos","category-ilhabela"],"aioseo_notices":[],"_links":{"self":[{"href":"https:\/\/lrm67.com\/index.php\/wp-json\/wp\/v2\/posts\/27145","targetHints":{"allow":["GET"]}}],"collection":[{"href":"https:\/\/lrm67.com\/index.php\/wp-json\/wp\/v2\/posts"}],"about":[{"href":"https:\/\/lrm67.com\/index.php\/wp-json\/wp\/v2\/types\/post"}],"author":[{"embeddable":true,"href":"https:\/\/lrm67.com\/index.php\/wp-json\/wp\/v2\/users\/26"}],"replies":[{"embeddable":true,"href":"https:\/\/lrm67.com\/index.php\/wp-json\/wp\/v2\/comments?post=27145"}],"version-history":[{"count":1,"href":"https:\/\/lrm67.com\/index.php\/wp-json\/wp\/v2\/posts\/27145\/revisions"}],"predecessor-version":[{"id":27148,"href":"https:\/\/lrm67.com\/index.php\/wp-json\/wp\/v2\/posts\/27145\/revisions\/27148"}],"wp:featuredmedia":[{"embeddable":true,"href":"https:\/\/lrm67.com\/index.php\/wp-json\/wp\/v2\/media\/27147"}],"wp:attachment":[{"href":"https:\/\/lrm67.com\/index.php\/wp-json\/wp\/v2\/media?parent=27145"}],"wp:term":[{"taxonomy":"category","embeddable":true,"href":"https:\/\/lrm67.com\/index.php\/wp-json\/wp\/v2\/categories?post=27145"},{"taxonomy":"post_tag","embeddable":true,"href":"https:\/\/lrm67.com\/index.php\/wp-json\/wp\/v2\/tags?post=27145"}],"curies":[{"name":"wp","href":"https:\/\/api.w.org\/{rel}","templated":true}]}}