{"id":27127,"date":"2024-07-15T07:00:00","date_gmt":"2024-07-15T10:00:00","guid":{"rendered":"https:\/\/lrm67.com\/?p=27127"},"modified":"2024-07-15T09:00:13","modified_gmt":"2024-07-15T12:00:13","slug":"compositor-cearense-radicado-em-ubatuba-jamil-pereira-lanca-album-de-estreia-nevoeiro","status":"publish","type":"post","link":"https:\/\/lrm67.com\/index.php\/2024\/07\/15\/compositor-cearense-radicado-em-ubatuba-jamil-pereira-lanca-album-de-estreia-nevoeiro\/","title":{"rendered":"Compositor cearense radicado em Ubatuba, Jamil Pereira lan\u00e7a \u00e1lbum de estreia &#8216;Nevoeiro&#8217;"},"content":{"rendered":"<p dir=\"ltr\">O m\u00fasico e compositor Jamil Pereira lan\u00e7a seu primeiro \u00e1lbum autoral, no dia 19 de julho, em todas as plataformas digitais, pelo selo Vitrola Play. Com t\u00edtulo \u2018Nevoeiro\u2019, o disco re\u00fane\u00a0dez can\u00e7\u00f5es in\u00e9ditas e destaca uma gama de ritmos, tanto nordestinos como xote, bai\u00e3o e ijex\u00e1, como o rock e o folk, tudo passando pela linguagem pop.<\/p>\n<p dir=\"ltr\">\u201cO \u00e1lbum carrega minha origem nordestina e a viv\u00eancia\u00a0de mais de duas d\u00e9cadas em S\u00e3o Paulo.\u00a0Dentro de um pa\u00eds com geografia continental, me vejo como um artista migrante, que absorve elementos das duas regi\u00f5es e produz uma arte h\u00edbrida, que traduz o presente\u201d, avalia o cantor cearense.<\/p>\n<p dir=\"ltr\">Natural de Fortaleza,\u00a0Jamil Pereira, 34 anos, chegou aos 9 em Ubatuba, cidade do Litoral Norte paulista, regi\u00e3o em que atua intensamente em casas de shows e bares de m\u00fasica ao vivo desde 2019. \u201cEm meus shows costumo apresentar composi\u00e7\u00f5es pr\u00f3prias e releituras de cl\u00e1ssicos de artistas como\u00a0Belchior,\u00a0Ednardo\u00a0e\u00a0Fagner\u201d, conta o artista. Apesar da dist\u00e2ncia, a inf\u00e2ncia no Cear\u00e1 marcou definitivamente a cria\u00e7\u00e3o art\u00edstica de Jamil, que preservou toda a influ\u00eancia cultural e liga\u00e7\u00e3o com o meio musical da regi\u00e3o.<\/p>\n<p dir=\"ltr\">Em seu \u00e1lbum de estreia,\u00a0Jamil\u00a0tem parcerias com renomados compositores da m\u00fasica cearense, como o violonista\u00a0Nonato Luiz, co-autor de \u201cNevoeiro\u201d, can\u00e7\u00e3o que d\u00e1 nome ao disco, e o piauiense\u00a0Jorge Mello, parceiro de Belchior que\u00a0participou ativamente do movimento que lan\u00e7ou o \u201cpessoal do Cear\u00e1\u201d no in\u00edcio dos anos 1970. Os dois tamb\u00e9m\u00a0 participam do \u00e1lbum,\u00a0que\u00a0ainda traz duas composi\u00e7\u00f5es de Jamil com o cearense e parceiro\u00a0de gera\u00e7\u00e3o\u00a0Yuri Eduardo.<\/p>\n<p dir=\"ltr\">Nevoeiro\u00a0chega ao mercado fonogr\u00e1fico promovido pela can\u00e7\u00e3o \u201cAto Falho\u201d, parceria com Yuri Eduardo, que ganhou clipe e entra em circula\u00e7\u00e3o no\u00a0<a href=\"https:\/\/youtu.be\/ScWA_7e76JI\" target=\"_blank\" rel=\"noopener\" data-saferedirecturl=\"https:\/\/www.google.com\/url?q=https:\/\/youtu.be\/ScWA_7e76JI&amp;source=gmail&amp;ust=1721131112017000&amp;usg=AOvVaw175ZeWpZ_7XhQ09jir6_eR\">YouTube<\/a>, a partir da 0h desta sexta-feira (19), junto com o \u00e1lbum. \u201cAto Falho\u201d \u00e9 uma faixa de roupagem rock e trata do comportamento humano sob a \u00f3tica da a\u00e7\u00e3o e rea\u00e7\u00e3o. A sonoridade pop rock conta com a assinatura marcante da guitarra de\u00a0Mimi Rocha, grande m\u00fasico cearense conhecido por gravar com Fagner, Belchior,\u00a0Dominguinhos\u00a0e Ednardo. O clipe dirigido por\u00a0Thiago Mariano\u00a0tem cenas captadas durante as grava\u00e7\u00f5es do \u00e1lbum, no est\u00fadio Space Blues, em S\u00e3o Paulo.<\/p>\n<p dir=\"ltr\">\u201cO \u00e1lbum re\u00fane a tradi\u00e7\u00e3o e o novo, influenciando-se da import\u00e2ncia do tempo, sem perder o protagonismo do presente.\u00a0As can\u00e7\u00f5es foram nascendo ao longo dos \u00faltimos anos e j\u00e1 tinham a finalidade conceitual de \u00e1lbum, com o encadeamento po\u00e9tico dos temas. S\u00e3o\u00a0reflex\u00f5es\u00a0sobre o\u00a0cotidiano com abordagens de temas sociais, ambientais, liberdade e amor\u201d, revela Jamil.<\/p>\n<p dir=\"ltr\">Para a realiza\u00e7\u00e3o deste seu primeiro \u00e1lbum, Jamil Pereira se cercou de um time de craques.\u00a0Nevoeiro\u00a0tem produ\u00e7\u00e3o e arranjos de\u00a0Adriano Magoo,\u00a0conhecido por seus trabalhos com Zeca Baleiro, Tet\u00ea Esp\u00edndola, Vanusa e Anast\u00e1cia. O \u00e1lbum tem\u00a0guitarras, banjo, mandolim e dobro\u00a0de\u00a0Tuco Marcondes, baixo de\u00a0Fernando Nunes, flauta de\u00a0Dado Magnelli, percuss\u00f5es de\u00a0Marco Bosco\u00a0e bateria de\u00a0L\u00e9o Susi; al\u00e9m das participa\u00e7\u00f5es de\u00a0Mimi Rocha (guitarra em &#8220;Ato Falho&#8221;) e Nonato Luiz (viol\u00e3o em &#8220;Nevoeiro&#8221;).\u00a0As grava\u00e7\u00f5es foram realizadas no Space Blues por\u00a0Alexandre Fontaneti, em S\u00e3o Paulo, e a pr\u00e9-produ\u00e7\u00e3o no Studio America Music, em Ubatuba.\u00a0A mixagem \u00e9 de\u00a0Luis Paulo Serafim\u00a0&#8211; o LP,\u00a0\u00a0vencedor do Grammy Latino e um dos grandes nomes mais importantes na engenharia de som do Brasil; e a\u00a0masteriza\u00e7\u00e3o \u00e9 de\u00a0Andr\u00e9 Dias.<\/p>\n<p dir=\"ltr\">O projeto para a grava\u00e7\u00e3o de\u00a0Nevoeiro\u00a0foi um dos 20 contemplados, entre os mais de mil inscritos no\u00a0Programa de A\u00e7\u00e3o Cultural (ProAC)\u00a0do Estado de S\u00e3o Paulo para a grava\u00e7\u00e3o de \u00e1lbum. Foi uma conquista das grandes, fruto do trabalho de Jamil em conjunto com a produtora cultural\u00a0Carol Garcez\u00a0e o N\u00facleo Criativo.<\/p>\n","protected":false},"excerpt":{"rendered":"<p>O m\u00fasico e compositor Jamil Pereira lan\u00e7a seu primeiro \u00e1lbum autoral, no dia 19 de julho, em todas as plataformas digitais, pelo selo Vitrola Play. Com t\u00edtulo \u2018Nevoeiro\u2019, o disco re\u00fane\u00a0dez can\u00e7\u00f5es in\u00e9ditas e destaca uma gama de ritmos, tanto nordestinos como xote, bai\u00e3o e ijex\u00e1, como o rock e o folk, tudo passando pela [&hellip;]<\/p>\n","protected":false},"author":28,"featured_media":27128,"comment_status":"open","ping_status":"open","sticky":false,"template":"","format":"standard","meta":{"footnotes":""},"categories":[30,2,14],"tags":[],"class_list":["post-27127","post","type-post","status-publish","format-standard","has-post-thumbnail","hentry","category-cultura","category-geral","category-ubatuba"],"aioseo_notices":[],"_links":{"self":[{"href":"https:\/\/lrm67.com\/index.php\/wp-json\/wp\/v2\/posts\/27127","targetHints":{"allow":["GET"]}}],"collection":[{"href":"https:\/\/lrm67.com\/index.php\/wp-json\/wp\/v2\/posts"}],"about":[{"href":"https:\/\/lrm67.com\/index.php\/wp-json\/wp\/v2\/types\/post"}],"author":[{"embeddable":true,"href":"https:\/\/lrm67.com\/index.php\/wp-json\/wp\/v2\/users\/28"}],"replies":[{"embeddable":true,"href":"https:\/\/lrm67.com\/index.php\/wp-json\/wp\/v2\/comments?post=27127"}],"version-history":[{"count":1,"href":"https:\/\/lrm67.com\/index.php\/wp-json\/wp\/v2\/posts\/27127\/revisions"}],"predecessor-version":[{"id":27129,"href":"https:\/\/lrm67.com\/index.php\/wp-json\/wp\/v2\/posts\/27127\/revisions\/27129"}],"wp:featuredmedia":[{"embeddable":true,"href":"https:\/\/lrm67.com\/index.php\/wp-json\/wp\/v2\/media\/27128"}],"wp:attachment":[{"href":"https:\/\/lrm67.com\/index.php\/wp-json\/wp\/v2\/media?parent=27127"}],"wp:term":[{"taxonomy":"category","embeddable":true,"href":"https:\/\/lrm67.com\/index.php\/wp-json\/wp\/v2\/categories?post=27127"},{"taxonomy":"post_tag","embeddable":true,"href":"https:\/\/lrm67.com\/index.php\/wp-json\/wp\/v2\/tags?post=27127"}],"curies":[{"name":"wp","href":"https:\/\/api.w.org\/{rel}","templated":true}]}}