{"id":26697,"date":"2024-06-21T07:50:19","date_gmt":"2024-06-21T10:50:19","guid":{"rendered":"https:\/\/lrm67.com\/?p=26697"},"modified":"2024-06-21T07:50:19","modified_gmt":"2024-06-21T10:50:19","slug":"caldinho-verde-pode-ser-um-jantar-especial-neste-inverno","status":"publish","type":"post","link":"https:\/\/lrm67.com\/index.php\/2024\/06\/21\/caldinho-verde-pode-ser-um-jantar-especial-neste-inverno\/","title":{"rendered":"Caldinho verde pode ser um jantar especial neste inverno"},"content":{"rendered":"<p>Marcello Ver\u00edssimo<\/p>\n<p>Apesar do frio n\u00e3o ser frequente, estamos no inverno e a esta\u00e7\u00e3o combina com diversos modos, entre eles comer bem. N\u00f3s do Jornal do Litoral, quando falamos em comida logo pensamos nela: a Chef Monica Mallet, que semanalmente conversa conosco trazendo mais sabor ao nosso papo com receitas especiais assinadas por ela.<\/p>\n<p>Seguindo o #mood da esta\u00e7\u00e3o nesta semana, a chef ensina um cl\u00e1ssico do inverno brasileiro: o caldo verde, mas n\u00e3o \u00e9 simplesmente um caldinho, \u00e9 o caldo da chef Monica Mallet.<\/p>\n<p>Confira a receita:<\/p>\n<p>Ingredientes<\/p>\n<p>1kg de batatas<\/p>\n<p>200g de bacon em cubos<\/p>\n<p>1\/2 ma\u00e7o de couve cortado em cabelinho<\/p>\n<p>150g de cebola picadinha<\/p>\n<p>30g de alho picadinho<\/p>\n<p>2l de \u00e1gua<\/p>\n<p>1 folha de louro<\/p>\n<p>Sal e pimenta a gosto<\/p>\n<p>Descascar e picar as batatas<\/p>\n<p>Picar a cebola e o alho<\/p>\n<p>Cortar o bacon em cubinhos<\/p>\n<p>Em um panela fritar o bacon para que solte a gordura<\/p>\n<p>Retire o bacon e reserve, refogue a cebola e o alho, acrescente as batatas, em seguida coloque a \u00e1gua e a folha de louro. E deixe a batata cozinhar at\u00e9 desmanchar.<\/p>\n<p>Enquanto isso corte a couve e reserve.<br \/>\nQuando a batata estiver cozida, retire a folha de louro bater a sopa no liquidificador e coloque o bacon, deixe apurar e ajuste o sal. Se gostar coloque pimenta do reino.<\/p>\n<p>Na hora se servir coloque a couve com um fio de azeite<\/p>\n","protected":false},"excerpt":{"rendered":"<p>Marcello Ver\u00edssimo Apesar do frio n\u00e3o ser frequente, estamos no inverno e a esta\u00e7\u00e3o combina com diversos modos, entre eles comer bem. N\u00f3s do Jornal do Litoral, quando falamos em comida logo pensamos nela: a Chef Monica Mallet, que semanalmente conversa conosco trazendo mais sabor ao nosso papo com receitas especiais assinadas por ela. Seguindo [&hellip;]<\/p>\n","protected":false},"author":28,"featured_media":26699,"comment_status":"open","ping_status":"open","sticky":false,"template":"","format":"standard","meta":{"footnotes":""},"categories":[92,7],"tags":[],"class_list":["post-26697","post","type-post","status-publish","format-standard","has-post-thumbnail","hentry","category-conversa-com-sabor","category-destaque"],"aioseo_notices":[],"_links":{"self":[{"href":"https:\/\/lrm67.com\/index.php\/wp-json\/wp\/v2\/posts\/26697","targetHints":{"allow":["GET"]}}],"collection":[{"href":"https:\/\/lrm67.com\/index.php\/wp-json\/wp\/v2\/posts"}],"about":[{"href":"https:\/\/lrm67.com\/index.php\/wp-json\/wp\/v2\/types\/post"}],"author":[{"embeddable":true,"href":"https:\/\/lrm67.com\/index.php\/wp-json\/wp\/v2\/users\/28"}],"replies":[{"embeddable":true,"href":"https:\/\/lrm67.com\/index.php\/wp-json\/wp\/v2\/comments?post=26697"}],"version-history":[{"count":1,"href":"https:\/\/lrm67.com\/index.php\/wp-json\/wp\/v2\/posts\/26697\/revisions"}],"predecessor-version":[{"id":26700,"href":"https:\/\/lrm67.com\/index.php\/wp-json\/wp\/v2\/posts\/26697\/revisions\/26700"}],"wp:featuredmedia":[{"embeddable":true,"href":"https:\/\/lrm67.com\/index.php\/wp-json\/wp\/v2\/media\/26699"}],"wp:attachment":[{"href":"https:\/\/lrm67.com\/index.php\/wp-json\/wp\/v2\/media?parent=26697"}],"wp:term":[{"taxonomy":"category","embeddable":true,"href":"https:\/\/lrm67.com\/index.php\/wp-json\/wp\/v2\/categories?post=26697"},{"taxonomy":"post_tag","embeddable":true,"href":"https:\/\/lrm67.com\/index.php\/wp-json\/wp\/v2\/tags?post=26697"}],"curies":[{"name":"wp","href":"https:\/\/api.w.org\/{rel}","templated":true}]}}