{"id":26544,"date":"2024-06-14T08:11:05","date_gmt":"2024-06-14T11:11:05","guid":{"rendered":"https:\/\/lrm67.com\/?p=26544"},"modified":"2024-06-14T08:11:05","modified_gmt":"2024-06-14T11:11:05","slug":"abertas-as-inscricoes-para-o-festival-do-camarao-2024-de-s-s","status":"publish","type":"post","link":"https:\/\/lrm67.com\/index.php\/2024\/06\/14\/abertas-as-inscricoes-para-o-festival-do-camarao-2024-de-s-s\/","title":{"rendered":"Abertas as inscri\u00e7\u00f5es para o Festival do Camar\u00e3o 2024 de S.S"},"content":{"rendered":"<p>Marcello Ver\u00edssimo<\/p>\n<p>J\u00e1 est\u00e3o abertas as inscri\u00e7\u00f5es para concess\u00e3o de estandes para vender comida e alimentos na 8\u00aa edi\u00e7\u00e3o do Festival do Camar\u00e3o, que d\u00e1 continuidade ao calend\u00e1rio de eventos de S\u00e3o Sebasti\u00e3o.<\/p>\n<p>O evento \u00e9 realizado pela Secretaria de Turismo e da Funda\u00e7\u00e3o Educacional e Cultural \u2018Deodato Sant\u2019Anna\u2019 (Fundass), em parceria com a Secretaria de Meio Ambiente, entre os dias 4 e 9 de julho na Pra\u00e7a Louren\u00e7o Luvisi (Pra\u00e7a do Convento), no bairro de S\u00e3o Francisco, que \u00e9 considerada a maior comunidade pesqueira do munic\u00edpio.<\/p>\n<p>O prazo para inscri\u00e7\u00e3o termina no pr\u00f3ximo dia 22 ao meio-dia. A inscri\u00e7\u00e3o \u00e9 de gra\u00e7a. Para se inscrever, basta acessar o link https:\/\/fundass.com.br\/edital-de-chamamento-publico-n-008-2024-para-concessao-de-estandes-de-alimentacao-da-8a-edicao-do-festival-do-camarao-2024\/.<\/p>\n<p>De acordo com a prefeitura, ser\u00e3o<br \/>\ndisponibilizados at\u00e9 20 estandes para a comercializa\u00e7\u00e3o de pratos tradicionais cai\u00e7aras, em especial aqueles produzidos com camar\u00e3o, al\u00e9m de at\u00e9 quatro espa\u00e7os para food trucks\/bikes de bebidas.<\/p>\n<p>Higiene &#8211; Em uma a\u00e7\u00e3o para garantir a seguran\u00e7a e a higiene dos alimentos que ser\u00e3o servidos, a prefeitura tamb\u00e9m vai oferecer um Curso de Manipula\u00e7\u00e3o de Alimentos e Boas Pr\u00e1ticas aos funcion\u00e1rios e respons\u00e1veis pelos estandes no dia 1\u00ba de julho.<\/p>\n<p>A prefeitura informou que a iniciativa visa que todos os participantes estejam bem preparados para atender o p\u00fablico com qualidade e seguran\u00e7a.<\/p>\n<p>De acordo com a prefeitura, os selecionados ser\u00e3o conhecidos at\u00e9 o dia 25 de junho, no site da Fundass (www.fundass.com.b).<\/p>\n<p>Na edi\u00e7\u00e3o do ano passado, os estabelecimentos participantes venderam aproximadamente R$ 350 mil, garantindo o sucesso do evento e o fomento \u00e0 economia da cidade.<\/p>\n","protected":false},"excerpt":{"rendered":"<p>Marcello Ver\u00edssimo J\u00e1 est\u00e3o abertas as inscri\u00e7\u00f5es para concess\u00e3o de estandes para vender comida e alimentos na 8\u00aa edi\u00e7\u00e3o do Festival do Camar\u00e3o, que d\u00e1 continuidade ao calend\u00e1rio de eventos de S\u00e3o Sebasti\u00e3o. O evento \u00e9 realizado pela Secretaria de Turismo e da Funda\u00e7\u00e3o Educacional e Cultural \u2018Deodato Sant\u2019Anna\u2019 (Fundass), em parceria com a Secretaria [&hellip;]<\/p>\n","protected":false},"author":28,"featured_media":26545,"comment_status":"open","ping_status":"open","sticky":false,"template":"","format":"standard","meta":{"footnotes":""},"categories":[90,7,12,13],"tags":[],"class_list":["post-26544","post","type-post","status-publish","format-standard","has-post-thumbnail","hentry","category-culinaria","category-destaque","category-eventos","category-sao-sebastiao"],"aioseo_notices":[],"_links":{"self":[{"href":"https:\/\/lrm67.com\/index.php\/wp-json\/wp\/v2\/posts\/26544","targetHints":{"allow":["GET"]}}],"collection":[{"href":"https:\/\/lrm67.com\/index.php\/wp-json\/wp\/v2\/posts"}],"about":[{"href":"https:\/\/lrm67.com\/index.php\/wp-json\/wp\/v2\/types\/post"}],"author":[{"embeddable":true,"href":"https:\/\/lrm67.com\/index.php\/wp-json\/wp\/v2\/users\/28"}],"replies":[{"embeddable":true,"href":"https:\/\/lrm67.com\/index.php\/wp-json\/wp\/v2\/comments?post=26544"}],"version-history":[{"count":1,"href":"https:\/\/lrm67.com\/index.php\/wp-json\/wp\/v2\/posts\/26544\/revisions"}],"predecessor-version":[{"id":26546,"href":"https:\/\/lrm67.com\/index.php\/wp-json\/wp\/v2\/posts\/26544\/revisions\/26546"}],"wp:featuredmedia":[{"embeddable":true,"href":"https:\/\/lrm67.com\/index.php\/wp-json\/wp\/v2\/media\/26545"}],"wp:attachment":[{"href":"https:\/\/lrm67.com\/index.php\/wp-json\/wp\/v2\/media?parent=26544"}],"wp:term":[{"taxonomy":"category","embeddable":true,"href":"https:\/\/lrm67.com\/index.php\/wp-json\/wp\/v2\/categories?post=26544"},{"taxonomy":"post_tag","embeddable":true,"href":"https:\/\/lrm67.com\/index.php\/wp-json\/wp\/v2\/tags?post=26544"}],"curies":[{"name":"wp","href":"https:\/\/api.w.org\/{rel}","templated":true}]}}