{"id":2570,"date":"2022-03-24T14:07:25","date_gmt":"2022-03-24T17:07:25","guid":{"rendered":"https:\/\/lrm67.com\/?p=2570"},"modified":"2022-03-24T14:07:25","modified_gmt":"2022-03-24T17:07:25","slug":"prefeitura-de-sao-sebastiao-participa-de-feiras-de-turismo-nacional-e-internacional","status":"publish","type":"post","link":"https:\/\/lrm67.com\/index.php\/2022\/03\/24\/prefeitura-de-sao-sebastiao-participa-de-feiras-de-turismo-nacional-e-internacional\/","title":{"rendered":"Prefeitura de S\u00e3o Sebasti\u00e3o participa de feiras de turismo nacional e internacional"},"content":{"rendered":"<p>Na \u00faltima semana, a Prefeitura de S\u00e3o Sebasti\u00e3o, por meio da Secretaria de Turismo (SETUR), marcou presen\u00e7a em duas feiras de turismo: a 33\u00aa edi\u00e7\u00e3o da Feira Internacional BTL, que aconteceu de 16 a 20 de mar\u00e7o, em Lisboa, Portugal; e a 24\u00aa Feira de Turismo AVIRRP, nos dias 18 e 19 de mar\u00e7o, em Ribeir\u00e3o Preto (SP).<u><\/u><u><\/u><\/p>\n<p>A SETUR participou com o intuito de divulgar o destino S\u00e3o Sebasti\u00e3o aos visitantes, mostrando os principais atrativos da cidade, o ecoturismo, a hotelaria, a cultura local e a gastronomia, por meio das folheterias impressas e digitais (ferramenta virtual Turismo na Palma da M\u00e3o). Al\u00e9m disso, as feiras proporcionaram novas oportunidades de neg\u00f3cios, capacita\u00e7\u00f5es e networking com centenas de operadores de viagens, ag\u00eancias, hot\u00e9is e guias tur\u00edsticos.<u><\/u><u><\/u><\/p>\n<p>Durante a BTL, o prefeito Felipe Augusto esteve em contato com o Presidente de Portugal, Marcelo Rebelo de Sousa; e tamb\u00e9m com o Presidente da Embratur (Ag\u00eancia Brasileira de Promo\u00e7\u00e3o Internacional do Turismo), Carlos Brito; ambos presenteados com o livro \u201cRevelando as belezas da nossa cidade S\u00e3o Sebasti\u00e3o\u201d. Estima-se que aproximadamente 70 mil pessoas passaram pela feira, que contou com 1400 expositores. Do Litoral Norte, S\u00e3o Sebasti\u00e3o foi a \u00fanica cidade que possu\u00eda mesa para atendimentos, onde cerca de 300 profissionais do turismo foram atendidos, al\u00e9m de atendimentos no estande do Circuito Litoral Norte. \u00a0\u00a0<u><\/u><u><\/u><\/p>\n<p>J\u00e1 na AVIRRP, al\u00e9m de cerca de 400 atendimentos feitos com profissionais do turismo que visitaram a feira, os servidores da SETUR apresentaram o munic\u00edpio para o Presidente da AVIRRP, Francisco Assis Leite; e para a Secret\u00e1ria de Turismo de Ribeir\u00e3o Preto, Isabella Pessotti. A feira \u00e9 um dos mais importantes eventos do turismo do Brasil e reuniu expositores de v\u00e1rios estados, dentre eles, profissionais de turismo, fornecedores, parceiros de neg\u00f3cios, produtos e servi\u00e7os.<u><\/u><u><\/u><\/p>\n<p>Nesta semana, a Prefeitura de S\u00e3o Sebasti\u00e3o estar\u00e1 presente em mais duas feiras de turismo: a Feira de Neg\u00f3cios Tur\u00edsticos UGART, em Porto Alegre (RS); e a Expo Visite, em S\u00e3o Paulo (SP).<\/p>\n","protected":false},"excerpt":{"rendered":"<p>Na \u00faltima semana, a Prefeitura de S\u00e3o Sebasti\u00e3o, por meio da Secretaria de Turismo (SETUR), marcou presen\u00e7a em duas feiras de turismo: a 33\u00aa edi\u00e7\u00e3o da Feira Internacional BTL, que aconteceu de 16 a 20 de mar\u00e7o, em Lisboa, Portugal; e a 24\u00aa Feira de Turismo AVIRRP, nos dias 18 e 19 de mar\u00e7o, em [&hellip;]<\/p>\n","protected":false},"author":26,"featured_media":2571,"comment_status":"open","ping_status":"open","sticky":false,"template":"","format":"standard","meta":{"footnotes":""},"categories":[7,16,13],"tags":[],"class_list":["post-2570","post","type-post","status-publish","format-standard","has-post-thumbnail","hentry","category-destaque","category-politica","category-sao-sebastiao"],"aioseo_notices":[],"_links":{"self":[{"href":"https:\/\/lrm67.com\/index.php\/wp-json\/wp\/v2\/posts\/2570","targetHints":{"allow":["GET"]}}],"collection":[{"href":"https:\/\/lrm67.com\/index.php\/wp-json\/wp\/v2\/posts"}],"about":[{"href":"https:\/\/lrm67.com\/index.php\/wp-json\/wp\/v2\/types\/post"}],"author":[{"embeddable":true,"href":"https:\/\/lrm67.com\/index.php\/wp-json\/wp\/v2\/users\/26"}],"replies":[{"embeddable":true,"href":"https:\/\/lrm67.com\/index.php\/wp-json\/wp\/v2\/comments?post=2570"}],"version-history":[{"count":1,"href":"https:\/\/lrm67.com\/index.php\/wp-json\/wp\/v2\/posts\/2570\/revisions"}],"predecessor-version":[{"id":2572,"href":"https:\/\/lrm67.com\/index.php\/wp-json\/wp\/v2\/posts\/2570\/revisions\/2572"}],"wp:featuredmedia":[{"embeddable":true,"href":"https:\/\/lrm67.com\/index.php\/wp-json\/wp\/v2\/media\/2571"}],"wp:attachment":[{"href":"https:\/\/lrm67.com\/index.php\/wp-json\/wp\/v2\/media?parent=2570"}],"wp:term":[{"taxonomy":"category","embeddable":true,"href":"https:\/\/lrm67.com\/index.php\/wp-json\/wp\/v2\/categories?post=2570"},{"taxonomy":"post_tag","embeddable":true,"href":"https:\/\/lrm67.com\/index.php\/wp-json\/wp\/v2\/tags?post=2570"}],"curies":[{"name":"wp","href":"https:\/\/api.w.org\/{rel}","templated":true}]}}