{"id":25666,"date":"2024-04-07T13:44:10","date_gmt":"2024-04-07T16:44:10","guid":{"rendered":"https:\/\/lrm67.com\/?p=25666"},"modified":"2024-05-02T13:46:16","modified_gmt":"2024-05-02T16:46:16","slug":"esquadrilha-ceu-encanta-o-publico-durante-apresentacoes-em-sao-sebastiao","status":"publish","type":"post","link":"https:\/\/lrm67.com\/index.php\/2024\/04\/07\/esquadrilha-ceu-encanta-o-publico-durante-apresentacoes-em-sao-sebastiao\/","title":{"rendered":"Esquadrilha CEU encanta o p\u00fablico durante apresenta\u00e7\u00f5es em S\u00e3o Sebasti\u00e3o"},"content":{"rendered":"<p>A cidade de S\u00e3o Sebasti\u00e3o recebeu, neste domingo (7), o espet\u00e1culo a\u00e9reo da Esquadrilha CEU. O show teve manobras acrob\u00e1ticas de voo em forma\u00e7\u00e3o, no Complexo Tur\u00edstico da Rua da Praia, no Centro, e na Pra\u00e7a P\u00f4r do Sol, em Boi\u00e7ucanga. A Esquadrilha CEU \u00e9 considerada a maior equipe acrob\u00e1tica de voo em forma\u00e7\u00e3o do Brasil.<\/p>\n<p>O evento foi realizado pela Prefeitura de S\u00e3o Sebasti\u00e3o, por meio da Secretaria de Turismo (SETUR) e da Funda\u00e7\u00e3o Educacional e Cultural \u2018Deodato Sant\u2019Anna\u2019 (Fundass). As apresenta\u00e7\u00f5es tiveram dura\u00e7\u00e3o de aproximadamente 25 minutos.<\/p>\n<p>Algumas das acrobacias a\u00e9reas adotadas pela Esquadrilha CEU foram baseadas em um display id\u00eantico de manobras utilizadas pela Esquadrilha da Fuma\u00e7a, \u00e0 \u00e9poca em que eles voavam o T-6.<\/p>\n<p>Muriel Victor, 24 anos, \u00e9 morador de Caraguatatuba e ficou sabendo do evento pelas redes sociais. Ele fez quest\u00e3o de prestigiar o evento in\u00e9dito na regi\u00e3o. \u201cVim com a inten\u00e7\u00e3o de conferir as manobras. A apresenta\u00e7\u00e3o foi bem legal e os avi\u00f5es passaram bem perto de todos n\u00f3s com voos rasantes\u201d, completou Muriel.<\/p>\n<p>Quem tamb\u00e9m adorou a apresenta\u00e7\u00e3o foi a estudante Maria Catarina Biroche Can\u00e7ado, 14 anos, moradora do Pontal da Cruz. \u201cQuando eu tinha apenas quatro anos, o meu pai, que \u00e9 apaixonado pela Aeron\u00e1utica, me levou para ver uma apresenta\u00e7\u00e3o da \u2018Esquadrilha da Fuma\u00e7a\u2019. Ent\u00e3o, ter essa oportunidade de ver a Esquadrilha CEU foi demais\u201d, contou Maria.<\/p>\n<p><strong>Equipe e hist\u00f3ria<\/strong><\/p>\n<p>A Esquadrilha \u00e9 formada por experientes pilotos de ca\u00e7a da reserva da For\u00e7a A\u00e9rea Brasileira, pilotos de transporte, pilotos da Marinha e pilotos civis, que juntos somam milhares de horas de voo.\u00a0S\u00e3o mais de 12 anos de experi\u00eancia em shows a\u00e9reos e cerca de 110\u00a0demonstra\u00e7\u00f5es realizadas.<\/p>\n<p>Algumas das acrobacias a\u00e9reas adotadas pela Esquadrilha CEU foram baseadas em um display id\u00eantico de manobras utilizadas pela Esquadrilha da Fuma\u00e7a, \u00e0 \u00e9poca em que eles voavam o T-6.<\/p>\n<p>A equipe teve o privil\u00e9gio de contar em sua ala com um dos pilotos mais talentosos da avia\u00e7\u00e3o militar e acrob\u00e1tica, o Coronel Aviador Carlos Gonzaga, tamb\u00e9m um dos fundadores do time.<\/p>\n<p>Gonzaga foi integrante da Esquadrilha da Fuma\u00e7a entre meados de 1967 e in\u00edcio de 1973 executando 267 demonstra\u00e7\u00f5es oficiais no Brasil e no exterior tendo como comandante da Fuma\u00e7a, nada menos que o ent\u00e3o Major Braga, \u00edcone da Avia\u00e7\u00e3o Brasileira.<\/p>\n","protected":false},"excerpt":{"rendered":"<p>A cidade de S\u00e3o Sebasti\u00e3o recebeu, neste domingo (7), o espet\u00e1culo a\u00e9reo da Esquadrilha CEU. O show teve manobras acrob\u00e1ticas de voo em forma\u00e7\u00e3o, no Complexo Tur\u00edstico da Rua da Praia, no Centro, e na Pra\u00e7a P\u00f4r do Sol, em Boi\u00e7ucanga. A Esquadrilha CEU \u00e9 considerada a maior equipe acrob\u00e1tica de voo em forma\u00e7\u00e3o do [&hellip;]<\/p>\n","protected":false},"author":28,"featured_media":25667,"comment_status":"open","ping_status":"open","sticky":false,"template":"","format":"standard","meta":{"footnotes":""},"categories":[12,13],"tags":[],"class_list":["post-25666","post","type-post","status-publish","format-standard","has-post-thumbnail","hentry","category-eventos","category-sao-sebastiao"],"aioseo_notices":[],"_links":{"self":[{"href":"https:\/\/lrm67.com\/index.php\/wp-json\/wp\/v2\/posts\/25666","targetHints":{"allow":["GET"]}}],"collection":[{"href":"https:\/\/lrm67.com\/index.php\/wp-json\/wp\/v2\/posts"}],"about":[{"href":"https:\/\/lrm67.com\/index.php\/wp-json\/wp\/v2\/types\/post"}],"author":[{"embeddable":true,"href":"https:\/\/lrm67.com\/index.php\/wp-json\/wp\/v2\/users\/28"}],"replies":[{"embeddable":true,"href":"https:\/\/lrm67.com\/index.php\/wp-json\/wp\/v2\/comments?post=25666"}],"version-history":[{"count":1,"href":"https:\/\/lrm67.com\/index.php\/wp-json\/wp\/v2\/posts\/25666\/revisions"}],"predecessor-version":[{"id":25668,"href":"https:\/\/lrm67.com\/index.php\/wp-json\/wp\/v2\/posts\/25666\/revisions\/25668"}],"wp:featuredmedia":[{"embeddable":true,"href":"https:\/\/lrm67.com\/index.php\/wp-json\/wp\/v2\/media\/25667"}],"wp:attachment":[{"href":"https:\/\/lrm67.com\/index.php\/wp-json\/wp\/v2\/media?parent=25666"}],"wp:term":[{"taxonomy":"category","embeddable":true,"href":"https:\/\/lrm67.com\/index.php\/wp-json\/wp\/v2\/categories?post=25666"},{"taxonomy":"post_tag","embeddable":true,"href":"https:\/\/lrm67.com\/index.php\/wp-json\/wp\/v2\/tags?post=25666"}],"curies":[{"name":"wp","href":"https:\/\/api.w.org\/{rel}","templated":true}]}}