{"id":25663,"date":"2024-04-06T13:41:14","date_gmt":"2024-04-06T16:41:14","guid":{"rendered":"https:\/\/lrm67.com\/?p=25663"},"modified":"2024-05-02T13:43:48","modified_gmt":"2024-05-02T16:43:48","slug":"regata-de-vela-de-sao-sebastiao-reune-mais-de-60-velejadores-durante-competicao","status":"publish","type":"post","link":"https:\/\/lrm67.com\/index.php\/2024\/04\/06\/regata-de-vela-de-sao-sebastiao-reune-mais-de-60-velejadores-durante-competicao\/","title":{"rendered":"Regata de Vela de S\u00e3o Sebasti\u00e3o re\u00fane mais de 60 velejadores durante competi\u00e7\u00e3o"},"content":{"rendered":"<p>A Prefeitura de S\u00e3o Sebasti\u00e3o, por meio da Secretaria de Esportes (SEESP), promoveu a Regata de Vela de S\u00e3o Sebasti\u00e3o 2024, neste s\u00e1bado (6), na Pra\u00e7a da Vela, no bairro Porto Grande. A regata teve participa\u00e7\u00e3o de cerca de 60 velejadores da Escola de Vela de S\u00e3o Sebasti\u00e3o (EVSS) e da Escola Municipal de Vela de Ilhabela (EVI).<\/p>\n<p>O evento teve car\u00e1ter festivo e n\u00e3o competitivo, contemplando as classes ILCA 4, 6 e 7 (Geral), Optimist (Estreantes e Veteranos), Dingue e Snipe. Todos os participantes receberam medalhas de participa\u00e7\u00e3o.<\/p>\n<p>De acordo com o professor e t\u00e9cnico da equipe de vela de S\u00e3o Sebasti\u00e3o, Ari Lobo, o objetivo do evento foi resgatar as competi\u00e7\u00f5es de vela em nosso munic\u00edpio e preparar os velejadores para as grandes competi\u00e7\u00f5es que ocorrem na temporada de 2024.<\/p>\n<p>\u201cEssa foi uma grande oportunidade para os amantes dos esportes n\u00e1uticos vivenciarem mais de perto essa cultura das embarca\u00e7\u00f5es a vela. Nossa cidade tem uma voca\u00e7\u00e3o n\u00e1utica evidente, com o potencial para realizar eventos de alta qualidade e fomentar essa modalidade que s\u00f3 tem crescido cada vez mais&#8221;, complementou o professor.<\/p>\n<p>O jovem velejador sebastianense, Henrique Fernandez, 13 anos, faz parte da EVSS h\u00e1 mais de dois anos e fez quest\u00e3o de participar do evento. \u201cApesar de ser uma competi\u00e7\u00e3o de car\u00e1ter festivo, sempre adoro participar, pois \u00e9 muito bom estar junto com os amigos que fiz na vela. Al\u00e9m disso, posso treinar para chegar mais preparado para os campeonatos principais\u201d, comentou Henrique.<\/p>\n<p>J\u00e1 o atleta de Ilhabela, Samy dos Santos Baptista, 12 anos, teve a melhor performance na classe optimist e fez a festa com os amigos. Para ele, as condi\u00e7\u00f5es do mar e do vento estavam perfeitas para a pr\u00e1tica do esporte e foi o que colaborou para ele conseguir obter um bom desempenho.<\/p>\n<p>\u201cS\u00e3o Sebasti\u00e3o \u00e9 um lugar muito bom de velejar. Amo velejar aqui. Meu irm\u00e3o \u00e9 o Douglas Said, atleta de vela que j\u00e1 foi campe\u00e3o brasileiro da classe optimist, me inspirei nele para come\u00e7ar nesse esporte. Desde os oito anos, pratico a vela e esse esporte s\u00f3 colabora para buscar os melhores objetivos na minha vida.\u201d, contou Samy.<\/p>\n<p>Elisabete Aparecida Bezerra, 62 anos, \u00e9 av\u00f3 da atleta de S\u00e3o Sebasti\u00e3o, Maria Eduarda, que est\u00e1 com 15 anos de idade e desde os sete integra a Escola de Vela de S\u00e3o Sebasti\u00e3o. De acordo com Elisabete, a vela levou a neta dela a ter uma vida mais saud\u00e1vel e deu muita disciplina para a jovem.<\/p>\n<p>\u201cSempre estou na areia, torcendo por ela nas competi\u00e7\u00f5es e ela me d\u00e1 muito orgulho em praticar esse esporte t\u00e3o lindo. Temos que incentivar os nossos filhos e netos a seguir o caminho do bem e a vela faz isso por si s\u00f3. Na realidade, qualquer esporte \u00e9 v\u00e1lido, pois contribui para o desenvolvimento f\u00edsico, mental e comportamental dos jovens\u201d, complementou Elisabete.<\/p>\n","protected":false},"excerpt":{"rendered":"<p>A Prefeitura de S\u00e3o Sebasti\u00e3o, por meio da Secretaria de Esportes (SEESP), promoveu a Regata de Vela de S\u00e3o Sebasti\u00e3o 2024, neste s\u00e1bado (6), na Pra\u00e7a da Vela, no bairro Porto Grande. A regata teve participa\u00e7\u00e3o de cerca de 60 velejadores da Escola de Vela de S\u00e3o Sebasti\u00e3o (EVSS) e da Escola Municipal de Vela [&hellip;]<\/p>\n","protected":false},"author":28,"featured_media":25664,"comment_status":"open","ping_status":"open","sticky":false,"template":"","format":"standard","meta":{"footnotes":""},"categories":[2,13],"tags":[],"class_list":["post-25663","post","type-post","status-publish","format-standard","has-post-thumbnail","hentry","category-geral","category-sao-sebastiao"],"aioseo_notices":[],"_links":{"self":[{"href":"https:\/\/lrm67.com\/index.php\/wp-json\/wp\/v2\/posts\/25663","targetHints":{"allow":["GET"]}}],"collection":[{"href":"https:\/\/lrm67.com\/index.php\/wp-json\/wp\/v2\/posts"}],"about":[{"href":"https:\/\/lrm67.com\/index.php\/wp-json\/wp\/v2\/types\/post"}],"author":[{"embeddable":true,"href":"https:\/\/lrm67.com\/index.php\/wp-json\/wp\/v2\/users\/28"}],"replies":[{"embeddable":true,"href":"https:\/\/lrm67.com\/index.php\/wp-json\/wp\/v2\/comments?post=25663"}],"version-history":[{"count":1,"href":"https:\/\/lrm67.com\/index.php\/wp-json\/wp\/v2\/posts\/25663\/revisions"}],"predecessor-version":[{"id":25665,"href":"https:\/\/lrm67.com\/index.php\/wp-json\/wp\/v2\/posts\/25663\/revisions\/25665"}],"wp:featuredmedia":[{"embeddable":true,"href":"https:\/\/lrm67.com\/index.php\/wp-json\/wp\/v2\/media\/25664"}],"wp:attachment":[{"href":"https:\/\/lrm67.com\/index.php\/wp-json\/wp\/v2\/media?parent=25663"}],"wp:term":[{"taxonomy":"category","embeddable":true,"href":"https:\/\/lrm67.com\/index.php\/wp-json\/wp\/v2\/categories?post=25663"},{"taxonomy":"post_tag","embeddable":true,"href":"https:\/\/lrm67.com\/index.php\/wp-json\/wp\/v2\/tags?post=25663"}],"curies":[{"name":"wp","href":"https:\/\/api.w.org\/{rel}","templated":true}]}}