{"id":25621,"date":"2024-04-30T12:02:01","date_gmt":"2024-04-30T15:02:01","guid":{"rendered":"https:\/\/lrm67.com\/?p=25621"},"modified":"2024-04-30T12:02:01","modified_gmt":"2024-04-30T15:02:01","slug":"por-defasagem-no-vale-refeicao-operarios-paralisam-obras-do-contorno-norte","status":"publish","type":"post","link":"https:\/\/lrm67.com\/index.php\/2024\/04\/30\/por-defasagem-no-vale-refeicao-operarios-paralisam-obras-do-contorno-norte\/","title":{"rendered":"Por defasagem no vale refei\u00e7\u00e3o, oper\u00e1rios paralisam Obras do Contorno Norte"},"content":{"rendered":"<p>Marcello Ver\u00edssimo<\/p>\n<p>Oper\u00e1rios da Queiroz Galv\u00e3o e da Engetec iniciaram na manh\u00e3 desta ter\u00e7a-feira (30) uma paralisa\u00e7\u00e3o nos trabalhos da Obra do Contorno Norte, na rodovia Rio-Santos (SP-55), em Caraguatatuba, no sentido S\u00e3o Sebasti\u00e3o.<\/p>\n<p>De acordo com os funcion\u00e1rios, a greve foi decidida em assembleia ap\u00f3s a empresa n\u00e3o aplicar o reajuste no cart\u00e3o alimenta\u00e7\u00e3o nos \u00faltimos cinco anos. O valor atual que os funcion\u00e1rios recebem \u00e9 de R$470, a reivindica\u00e7\u00e3o \u00e9 que com o reajuste o valor do cart\u00e3o alimenta\u00e7\u00e3o dobrasse para R$800.<\/p>\n<p>Al\u00e9m disso, o representante do Sintrapav (Sindicato dos Trabalhadores nas Ind\u00fastrias da Constru\u00e7\u00e3o Pesada, Infraestrutura e Afins do Estado de S\u00e3o Paulo), Wellington Lopes, conhecido por Alem\u00e3o, disse tamb\u00e9m que a greve foi motivada pela falta de pagamento das horas extras. \u201cQuando o feriado cai no s\u00e1bado, por exemplo, eles trabalham a hora a mais para compensar o feriado, e a empresa quer que trabalhe no s\u00e1bado, sem pagar hora extra\u201d, disse Alem\u00e3o.<\/p>\n<p>O sindicato apresentou uma contraproposta para a dire\u00e7\u00e3o da empresa que n\u00e3o se disp\u00f4s a colaborar com os trabalhadores. \u201cA paralisa\u00e7\u00e3o \u00e9 por tempo indeterminado, at\u00e9 resolver\u201d, disse Alem\u00e3o.<\/p>\n","protected":false},"excerpt":{"rendered":"<p>Marcello Ver\u00edssimo Oper\u00e1rios da Queiroz Galv\u00e3o e da Engetec iniciaram na manh\u00e3 desta ter\u00e7a-feira (30) uma paralisa\u00e7\u00e3o nos trabalhos da Obra do Contorno Norte, na rodovia Rio-Santos (SP-55), em Caraguatatuba, no sentido S\u00e3o Sebasti\u00e3o. De acordo com os funcion\u00e1rios, a greve foi decidida em assembleia ap\u00f3s a empresa n\u00e3o aplicar o reajuste no cart\u00e3o alimenta\u00e7\u00e3o [&hellip;]<\/p>\n","protected":false},"author":28,"featured_media":25622,"comment_status":"open","ping_status":"open","sticky":false,"template":"","format":"standard","meta":{"footnotes":""},"categories":[8,7,2,9],"tags":[],"class_list":["post-25621","post","type-post","status-publish","format-standard","has-post-thumbnail","hentry","category-caraguatatuba","category-destaque","category-geral","category-obras"],"aioseo_notices":[],"_links":{"self":[{"href":"https:\/\/lrm67.com\/index.php\/wp-json\/wp\/v2\/posts\/25621","targetHints":{"allow":["GET"]}}],"collection":[{"href":"https:\/\/lrm67.com\/index.php\/wp-json\/wp\/v2\/posts"}],"about":[{"href":"https:\/\/lrm67.com\/index.php\/wp-json\/wp\/v2\/types\/post"}],"author":[{"embeddable":true,"href":"https:\/\/lrm67.com\/index.php\/wp-json\/wp\/v2\/users\/28"}],"replies":[{"embeddable":true,"href":"https:\/\/lrm67.com\/index.php\/wp-json\/wp\/v2\/comments?post=25621"}],"version-history":[{"count":1,"href":"https:\/\/lrm67.com\/index.php\/wp-json\/wp\/v2\/posts\/25621\/revisions"}],"predecessor-version":[{"id":25623,"href":"https:\/\/lrm67.com\/index.php\/wp-json\/wp\/v2\/posts\/25621\/revisions\/25623"}],"wp:featuredmedia":[{"embeddable":true,"href":"https:\/\/lrm67.com\/index.php\/wp-json\/wp\/v2\/media\/25622"}],"wp:attachment":[{"href":"https:\/\/lrm67.com\/index.php\/wp-json\/wp\/v2\/media?parent=25621"}],"wp:term":[{"taxonomy":"category","embeddable":true,"href":"https:\/\/lrm67.com\/index.php\/wp-json\/wp\/v2\/categories?post=25621"},{"taxonomy":"post_tag","embeddable":true,"href":"https:\/\/lrm67.com\/index.php\/wp-json\/wp\/v2\/tags?post=25621"}],"curies":[{"name":"wp","href":"https:\/\/api.w.org\/{rel}","templated":true}]}}