{"id":25607,"date":"2024-04-30T10:54:15","date_gmt":"2024-04-30T13:54:15","guid":{"rendered":"https:\/\/lrm67.com\/?p=25607"},"modified":"2024-04-30T10:54:15","modified_gmt":"2024-04-30T13:54:15","slug":"costa-norte-de-sao-sebastiao-recebe-mais-de-r-240-milhoes-de-investimentos-da-prefeitura","status":"publish","type":"post","link":"https:\/\/lrm67.com\/index.php\/2024\/04\/30\/costa-norte-de-sao-sebastiao-recebe-mais-de-r-240-milhoes-de-investimentos-da-prefeitura\/","title":{"rendered":"Costa Norte de S\u00e3o Sebasti\u00e3o recebe mais de R$ 240 milh\u00f5es de investimentos da prefeitura"},"content":{"rendered":"<p>O prefeito de S\u00e3o Sebasti\u00e3o, Felipe Augusto, acompanhado pelo vice-prefeito Reinaldinho Moreira e equipe t\u00e9cnica, realizou nesta segunda-feira (29), uma visita \u00e0 Costa Norte do munic\u00edpio para inspecionar o andamento das obras e avaliar as necessidades da comunidade.<\/p>\n<p>Os investimentos na regi\u00e3o ultrapassam os R$ 240 milh\u00f5es e abrangem uma s\u00e9rie de projetos essenciais para a melhoria da infraestrutura e qualidade de vida dos moradores. Dentre as obras em andamento, destacam-se a constru\u00e7\u00e3o de uma Unidade B\u00e1sica de Sa\u00fade na Enseada, a manuten\u00e7\u00e3o da creche Diva Bernardino, no Canto do Mar, e da EMEI Mundo Encantado, tamb\u00e9m no Canto do Mar. Al\u00e9m disso, est\u00e3o em progresso a substitui\u00e7\u00e3o de caixilhos e alambrados na EM Cynthia Cliquet Luciano, a finaliza\u00e7\u00e3o da constru\u00e7\u00e3o do audit\u00f3rio da mesma escola, a pavimenta\u00e7\u00e3o do acesso ao audit\u00f3rio, a pavimenta\u00e7\u00e3o do N\u00facleo 94 (Maximiliano) e a constru\u00e7\u00e3o de uma Pista de Pump Track e Ciclovia na Enseada, entre outras.<\/p>\n<p>Projetos de licita\u00e7\u00e3o e elabora\u00e7\u00e3o contemplam ainda a requalifica\u00e7\u00e3o da Pra\u00e7a Jo\u00e3o Eduardo de Moraes na Enseada, a constru\u00e7\u00e3o da quadra da Enseada, um galp\u00e3o no Canto do Mar, a constru\u00e7\u00e3o da Escola Municipal do Jaragu\u00e1 (Paliteiro), a pavimenta\u00e7\u00e3o de diversas ruas e travessas, a macrodrenagem e pavimenta\u00e7\u00e3o da Costa Norte, al\u00e9m da ilumina\u00e7\u00e3o do campo do Canto do Mar e do Jaragu\u00e1.<\/p>\n<p>O prefeito aproveitou a oportunidade para anunciar uma iniciativa adicional voltada para o fortalecimento da seguran\u00e7a e apoio \u00e0 juventude da regi\u00e3o. Ele revelou planos para a reforma da Sede Norte da Pol\u00edcia Municipal em parceria com a Guarda Mirim, visando proporcionar melhores condi\u00e7\u00f5es de trabalho para as autoridades locais e oportunidades de desenvolvimento para os jovens da comunidade. \u201cEsse \u00e9 mais um passo importante na busca por um ambiente mais seguro e inclusivo para todos os cidad\u00e3os de S\u00e3o Sebasti\u00e3o.\u201d<\/p>\n<p>O prefeito Felipe Augusto ressaltou o compromisso da administra\u00e7\u00e3o em continuar trabalhando incansavelmente at\u00e9 o \u00faltimo dia de seu mandato para realizar ainda mais melhorias para S\u00e3o Sebasti\u00e3o.<\/p>\n<blockquote><p>&#8220;Tenho a certeza de que nos \u00faltimos sete anos muita coisa foi feita, mas tamb\u00e9m sei que tem muito a ser feito. At\u00e9 o \u00faltimo dia de meu mandato, iremos trabalhar para realizar ainda muito mais. O pr\u00f3ximo prefeito j\u00e1 iniciar\u00e1 seu mandato com mais de cem obras para inaugurar, e esse \u00e9 o nosso compromisso: continuar escrevendo uma nova hist\u00f3ria para S\u00e3o Sebasti\u00e3o.&#8221;<\/p><\/blockquote>\n","protected":false},"excerpt":{"rendered":"<p>O prefeito de S\u00e3o Sebasti\u00e3o, Felipe Augusto, acompanhado pelo vice-prefeito Reinaldinho Moreira e equipe t\u00e9cnica, realizou nesta segunda-feira (29), uma visita \u00e0 Costa Norte do munic\u00edpio para inspecionar o andamento das obras e avaliar as necessidades da comunidade. Os investimentos na regi\u00e3o ultrapassam os R$ 240 milh\u00f5es e abrangem uma s\u00e9rie de projetos essenciais para [&hellip;]<\/p>\n","protected":false},"author":26,"featured_media":25618,"comment_status":"open","ping_status":"open","sticky":false,"template":"","format":"standard","meta":{"footnotes":""},"categories":[16,13],"tags":[],"class_list":["post-25607","post","type-post","status-publish","format-standard","has-post-thumbnail","hentry","category-politica","category-sao-sebastiao"],"aioseo_notices":[],"_links":{"self":[{"href":"https:\/\/lrm67.com\/index.php\/wp-json\/wp\/v2\/posts\/25607","targetHints":{"allow":["GET"]}}],"collection":[{"href":"https:\/\/lrm67.com\/index.php\/wp-json\/wp\/v2\/posts"}],"about":[{"href":"https:\/\/lrm67.com\/index.php\/wp-json\/wp\/v2\/types\/post"}],"author":[{"embeddable":true,"href":"https:\/\/lrm67.com\/index.php\/wp-json\/wp\/v2\/users\/26"}],"replies":[{"embeddable":true,"href":"https:\/\/lrm67.com\/index.php\/wp-json\/wp\/v2\/comments?post=25607"}],"version-history":[{"count":1,"href":"https:\/\/lrm67.com\/index.php\/wp-json\/wp\/v2\/posts\/25607\/revisions"}],"predecessor-version":[{"id":25619,"href":"https:\/\/lrm67.com\/index.php\/wp-json\/wp\/v2\/posts\/25607\/revisions\/25619"}],"wp:featuredmedia":[{"embeddable":true,"href":"https:\/\/lrm67.com\/index.php\/wp-json\/wp\/v2\/media\/25618"}],"wp:attachment":[{"href":"https:\/\/lrm67.com\/index.php\/wp-json\/wp\/v2\/media?parent=25607"}],"wp:term":[{"taxonomy":"category","embeddable":true,"href":"https:\/\/lrm67.com\/index.php\/wp-json\/wp\/v2\/categories?post=25607"},{"taxonomy":"post_tag","embeddable":true,"href":"https:\/\/lrm67.com\/index.php\/wp-json\/wp\/v2\/tags?post=25607"}],"curies":[{"name":"wp","href":"https:\/\/api.w.org\/{rel}","templated":true}]}}