{"id":25604,"date":"2024-04-29T18:14:13","date_gmt":"2024-04-29T21:14:13","guid":{"rendered":"https:\/\/lrm67.com\/?p=25604"},"modified":"2024-04-29T18:14:13","modified_gmt":"2024-04-29T21:14:13","slug":"festa-do-trabalhador-promove-tres-dias-de-festa-em-ilhabela","status":"publish","type":"post","link":"https:\/\/lrm67.com\/index.php\/2024\/04\/29\/festa-do-trabalhador-promove-tres-dias-de-festa-em-ilhabela\/","title":{"rendered":"Festa do Trabalhador promove tr\u00eas dias de festa em Ilhabela"},"content":{"rendered":"<p>Em comemora\u00e7\u00e3o ao Dia do Trabalhador, a Prefeitura de Ilhabela preparou uma programa\u00e7\u00e3o especial com tr\u00eas dias de programa\u00e7\u00e3o musical no novo Complexo do Galera.<\/p>\n<p>A programa\u00e7\u00e3o de artistas nacionais tem in\u00edcio nesta segunda-feira (29) com Fernanda Brum. Com mais de 25 anos de carreira, a cantora costuma levar um grande p\u00fablico aos seus shows.<\/p>\n<p>Na ter\u00e7a-feira (30), a banda Falamansa traz o melhor do \u201cforr\u00f3 universit\u00e1rio\u201d com m\u00fasicas consagradas como \u201cXote da Alegria\u201d, \u201cRindo \u00e0 Toa\u201d e \u201cOh! Chuva\u201d no ritmo do acorde\u00e3o, zabumba, tri\u00e2ngulo e viol\u00e3o.<\/p>\n<p>Para encerrar, na quarta-feira (1\u00ba), o cantor e compositor Ferrugem vai tocar os maiores sucessos da sua carreira e m\u00fasicas consagradas do samba e do pagode, ritmos genuinamente brasileiros.<\/p>\n<p>Al\u00e9m das atra\u00e7\u00f5es principais, os m\u00fasicos locais fazem a abertura dos shows a partir das 19h.<\/p>\n<h2>Programa\u00e7\u00e3o<\/h2>\n<p><strong>Segunda-feira (29)<\/strong><br \/>\n\u2022 19h \u2013 Banda Soul<br \/>\n\u2022 20h30 \u2013 Fernanda Brum<\/p>\n<p><strong>Ter\u00e7a-feira (30)<\/strong><br \/>\n\u2022 19h \u2013 Mandacaru<br \/>\n\u2022 20h30 \u2013 Falamansa<\/p>\n<p><strong>Quarta-feira (1\u00ba)<\/strong><br \/>\n\u2022 19h \u2013 Helinho do Pagode<br \/>\n\u2022 20h30 \u2013 Ferrugem<\/p>\n<p><strong>Servi\u00e7o<\/strong><br \/>\nLocal: Novo Galera \u2013 \u00c1gua Branca<br \/>\nHor\u00e1rio: A partir das 19h<\/p>\n","protected":false},"excerpt":{"rendered":"<p>Em comemora\u00e7\u00e3o ao Dia do Trabalhador, a Prefeitura de Ilhabela preparou uma programa\u00e7\u00e3o especial com tr\u00eas dias de programa\u00e7\u00e3o musical no novo Complexo do Galera. A programa\u00e7\u00e3o de artistas nacionais tem in\u00edcio nesta segunda-feira (29) com Fernanda Brum. Com mais de 25 anos de carreira, a cantora costuma levar um grande p\u00fablico aos seus shows. [&hellip;]<\/p>\n","protected":false},"author":26,"featured_media":25605,"comment_status":"open","ping_status":"open","sticky":false,"template":"","format":"standard","meta":{"footnotes":""},"categories":[12,3],"tags":[],"class_list":["post-25604","post","type-post","status-publish","format-standard","has-post-thumbnail","hentry","category-eventos","category-ilhabela"],"aioseo_notices":[],"_links":{"self":[{"href":"https:\/\/lrm67.com\/index.php\/wp-json\/wp\/v2\/posts\/25604","targetHints":{"allow":["GET"]}}],"collection":[{"href":"https:\/\/lrm67.com\/index.php\/wp-json\/wp\/v2\/posts"}],"about":[{"href":"https:\/\/lrm67.com\/index.php\/wp-json\/wp\/v2\/types\/post"}],"author":[{"embeddable":true,"href":"https:\/\/lrm67.com\/index.php\/wp-json\/wp\/v2\/users\/26"}],"replies":[{"embeddable":true,"href":"https:\/\/lrm67.com\/index.php\/wp-json\/wp\/v2\/comments?post=25604"}],"version-history":[{"count":1,"href":"https:\/\/lrm67.com\/index.php\/wp-json\/wp\/v2\/posts\/25604\/revisions"}],"predecessor-version":[{"id":25606,"href":"https:\/\/lrm67.com\/index.php\/wp-json\/wp\/v2\/posts\/25604\/revisions\/25606"}],"wp:featuredmedia":[{"embeddable":true,"href":"https:\/\/lrm67.com\/index.php\/wp-json\/wp\/v2\/media\/25605"}],"wp:attachment":[{"href":"https:\/\/lrm67.com\/index.php\/wp-json\/wp\/v2\/media?parent=25604"}],"wp:term":[{"taxonomy":"category","embeddable":true,"href":"https:\/\/lrm67.com\/index.php\/wp-json\/wp\/v2\/categories?post=25604"},{"taxonomy":"post_tag","embeddable":true,"href":"https:\/\/lrm67.com\/index.php\/wp-json\/wp\/v2\/tags?post=25604"}],"curies":[{"name":"wp","href":"https:\/\/api.w.org\/{rel}","templated":true}]}}