{"id":25595,"date":"2024-04-29T14:54:48","date_gmt":"2024-04-29T17:54:48","guid":{"rendered":"https:\/\/lrm67.com\/?p=25595"},"modified":"2024-04-29T14:54:48","modified_gmt":"2024-04-29T17:54:48","slug":"delegado-geral-no-vale-diverge-com-fala-de-freitas-e-diz-que-se-houver-guerra-de-faccoes-na-regiao-a-policia-vai-pra-cima","status":"publish","type":"post","link":"https:\/\/lrm67.com\/index.php\/2024\/04\/29\/delegado-geral-no-vale-diverge-com-fala-de-freitas-e-diz-que-se-houver-guerra-de-faccoes-na-regiao-a-policia-vai-pra-cima\/","title":{"rendered":"Delegado Geral no Vale diverge com fala de Freitas e diz que se houver guerra de fac\u00e7\u00f5es na regi\u00e3o, a pol\u00edcia \u201cvai pra cima\u201d"},"content":{"rendered":"<p>Marcello Ver\u00edssimo<\/p>\n<p>O delegado geral da Pol\u00edcia Civil na Regi\u00e3o Metropolitana Vale do Para\u00edba, M\u00facio Alvarenga, discordou nesta segunda-feira (29) das declara\u00e7\u00f5es do governador estadual, Tarc\u00edsio de Freitas (Republicanos) sobre uma suposta guerra entre as fac\u00e7\u00f5es rivais PCC (Primeiro Comando da Capital), de S\u00e3o Paulo, e o Comando Vermelho, do Rio.<\/p>\n<p>De acordo com Tarc\u00edsio de Freitas, essa seria uma das raz\u00f5es para o aumento da viol\u00eancia no Vale e Litoral Norte. \u201cSe houver guerra de fac\u00e7\u00f5es (no Vale do Para\u00edba) a gente vai pra cima\u201d, disse o delegado Alvarenga, em entrevista aos jornalistas.<\/p>\n<p>Para o delegado geral, a fonte desta informa\u00e7\u00e3o do governador n\u00e3o seria a mesma da pol\u00edcia. \u201cEu de imediato, j\u00e1 mantenho contato muito pr\u00f3ximo da SAP (Secretaria de Administra\u00e7\u00e3o Penitenci\u00e1ria) e da pol\u00edcia militar na \u00e1rea de intelig\u00eancia. Ent\u00e3o isso vai refletir diretamente nos pres\u00eddios, e a for\u00e7a das fac\u00e7\u00f5es \u00e9 dentro dos pres\u00eddios\u201d. \u201cSe o governador falou deve ter a fonte dele e vai chegar alguma informa\u00e7\u00e3o para n\u00f3s.<\/p>\n<p>O governador deve ter uma fonte que n\u00f3s n\u00e3o temos\u201d, afirmou o delegado.<\/p>\n<p>Ap\u00f3s a repercuss\u00e3o da fala de Freitas, o delegado M\u00facio tamb\u00e9m disse que entrou em contato com a PM para apurar mais detalhes.<\/p>\n<p>Explos\u00e3o de homic\u00eddios &#8211; O delegado disse que, a alta no n\u00famero de assassinatos em Caraguatatuba, necessariamente pode n\u00e3o estar diretamente ligada com essa suposta guerra entre as fac\u00e7\u00f5es criminosas.<\/p>\n<p>De acordo com ele, muito provavelmente, pode estar ligada a diversidade populacional da cidade e da regi\u00e3o, ocasionada pela presen\u00e7a de grandes empresas, respons\u00e1veis por obras e servi\u00e7os.<\/p>\n<p>Na avalia\u00e7\u00e3o do delegado, a mistura de origens e culturas diferentes aumenta os conflitos exigindo uma abordagem policial mais intensa e focada na investiga\u00e7\u00e3o.<\/p>\n<p>Ainda de acordo com M\u00facio, as atuais lideran\u00e7as da Pol\u00edcia Civil na regi\u00e3o tem potencial para realizar um trabalho na resolu\u00e7\u00e3o de crimes, mas tamb\u00e9m na preven\u00e7\u00e3o.<\/p>\n","protected":false},"excerpt":{"rendered":"<p>Marcello Ver\u00edssimo O delegado geral da Pol\u00edcia Civil na Regi\u00e3o Metropolitana Vale do Para\u00edba, M\u00facio Alvarenga, discordou nesta segunda-feira (29) das declara\u00e7\u00f5es do governador estadual, Tarc\u00edsio de Freitas (Republicanos) sobre uma suposta guerra entre as fac\u00e7\u00f5es rivais PCC (Primeiro Comando da Capital), de S\u00e3o Paulo, e o Comando Vermelho, do Rio. De acordo com Tarc\u00edsio [&hellip;]<\/p>\n","protected":false},"author":28,"featured_media":25596,"comment_status":"open","ping_status":"open","sticky":false,"template":"","format":"standard","meta":{"footnotes":""},"categories":[7,15],"tags":[],"class_list":["post-25595","post","type-post","status-publish","format-standard","has-post-thumbnail","hentry","category-destaque","category-policia"],"aioseo_notices":[],"_links":{"self":[{"href":"https:\/\/lrm67.com\/index.php\/wp-json\/wp\/v2\/posts\/25595","targetHints":{"allow":["GET"]}}],"collection":[{"href":"https:\/\/lrm67.com\/index.php\/wp-json\/wp\/v2\/posts"}],"about":[{"href":"https:\/\/lrm67.com\/index.php\/wp-json\/wp\/v2\/types\/post"}],"author":[{"embeddable":true,"href":"https:\/\/lrm67.com\/index.php\/wp-json\/wp\/v2\/users\/28"}],"replies":[{"embeddable":true,"href":"https:\/\/lrm67.com\/index.php\/wp-json\/wp\/v2\/comments?post=25595"}],"version-history":[{"count":1,"href":"https:\/\/lrm67.com\/index.php\/wp-json\/wp\/v2\/posts\/25595\/revisions"}],"predecessor-version":[{"id":25597,"href":"https:\/\/lrm67.com\/index.php\/wp-json\/wp\/v2\/posts\/25595\/revisions\/25597"}],"wp:featuredmedia":[{"embeddable":true,"href":"https:\/\/lrm67.com\/index.php\/wp-json\/wp\/v2\/media\/25596"}],"wp:attachment":[{"href":"https:\/\/lrm67.com\/index.php\/wp-json\/wp\/v2\/media?parent=25595"}],"wp:term":[{"taxonomy":"category","embeddable":true,"href":"https:\/\/lrm67.com\/index.php\/wp-json\/wp\/v2\/categories?post=25595"},{"taxonomy":"post_tag","embeddable":true,"href":"https:\/\/lrm67.com\/index.php\/wp-json\/wp\/v2\/tags?post=25595"}],"curies":[{"name":"wp","href":"https:\/\/api.w.org\/{rel}","templated":true}]}}